{"id":8375,"date":"2017-11-24T18:50:28","date_gmt":"2017-11-24T21:50:28","guid":{"rendered":"https:\/\/jornaldaconstrucaocivil.com.br\/?p=8375"},"modified":"2017-11-24T18:50:28","modified_gmt":"2017-11-24T21:50:28","slug":"mobilidade-urbana-sustentavel-e-acessibilidade-sao-tema-do-livro-movido-pela-mente-que-sera-lancado-no-museu-da-casa-brasileira-sp","status":"publish","type":"post","link":"https:\/\/construcaocivil.siriusmarketingedesign.com.br\/?p=8375","title":{"rendered":"Mobilidade urbana sustent\u00e1vel e acessibilidade s\u00e3o tema do livro &#8216;Movido pela Mente&#8217;, que ser\u00e1 lan\u00e7ado no Museu da Casa Brasileira-SP"},"content":{"rendered":"<p style=\"text-align: justify;\"><span style=\"color: #333399;\"><em><strong>A publica\u00e7\u00e3o conta a hist\u00f3ria de Ricky Ribeiro, que perdeu todos os movimentos e \u00e9 criador do portal Mobilize Brasil. Lan\u00e7amento ocorre dia 4 de dezembro, \u00e0s 18 h<\/strong><\/em><\/span><\/p>\n<p style=\"text-align: justify;\"><span style=\"color: #000000;\"><span style=\"color: #993300;\">Novembro, 2017<\/span> &#8211; A hist\u00f3ria de Ricky Ribeiro, jovem que dedicou sua vida \u00e0 atividade f\u00edsica at\u00e9 ser diagnosticado com ELA (esclerose lateral amiotr\u00f3fica), e sua experi\u00eancia mundo afora com a mobilidade urbana, s\u00e3o tema do livro &#8216;Movido pela Mente&#8217;, da autora Gisele Mirabai, que ser\u00e1 lan\u00e7ado no Museu da Casa Brasileira (MCB), institui\u00e7\u00e3o da Secretaria de Cultura do Estado de S\u00e3o Paulo, no dia 4 de dezembro, segunda-feira, a partir das 18 h, com entrada gratuita.<\/span><\/p>\n<figure id=\"attachment_8376\" aria-describedby=\"caption-attachment-8376\" style=\"width: 241px\" class=\"wp-caption alignleft\"><a href=\"https:\/\/jornaldaconstrucaocivil.com.br\/wp-content\/uploads\/2017\/11\/A-LIVRO.png\"><img loading=\"lazy\" decoding=\"async\" class=\"wp-image-8376 size-medium\" src=\"https:\/\/jornaldaconstrucaocivil.com.br\/wp-content\/uploads\/2017\/11\/A-LIVRO-241x300.png\" width=\"241\" height=\"300\" \/><\/a><figcaption id=\"caption-attachment-8376\" class=\"wp-caption-text\">Movido pela Mente, um livro escrito com os olhos. Divulga\u00e7\u00e3o<\/figcaption><\/figure>\n<p style=\"text-align: justify;\"><span style=\"color: #000000;\">A publica\u00e7\u00e3o, elaborada em nove meses, narra a trajet\u00f3ria de liberdade e movimento de Ricky Ribeiro, da descoberta da ELA \u00e0 sua singular forma de supera\u00e7\u00e3o. &#8220;Percebi que pod\u00edamos contar a trajet\u00f3ria do Ricky n\u00e3o apenas de forma cronol\u00f3gica, mas a partir dos meios de transporte que pautaram sua vida, partindo da caminhada, passando por ve\u00edculos como barco, trem, \u00f4nibus e metr\u00f4, dentre outros meios de locomo\u00e7\u00e3o&#8221;, explica a autora.<\/span><\/p>\n<p style=\"text-align: justify;\"><span style=\"color: #000000;\">Segundo Ricky, os relatos e reflex\u00f5es que serviram de mat\u00e9ria prima para Gisele Mirabai foram exerc\u00edcio de autoconhecimento e resgate de boas lembran\u00e7as do passado. &#8220;A minha hist\u00f3ria \u00e9 pano de fundo para abordar temas muito mais importantes, como sustentabilidade, mobilidade urbana e acessibilidade. Foi uma enriquecedora oportunidade de fazer um balan\u00e7o da minha vida e de tudo que eu valorizo&#8221;, diz o personagem da obra.<\/span><\/p>\n<p style=\"text-align: justify;\"><span style=\"color: #000000;\">Hoje, da cama, apenas com o movimento dos olhos, Ricky Ribeiro coordena o Mobilize Brasil, organiza\u00e7\u00e3o sem fins lucrativos que atua com mobilidade urbana, urbanismo e cultura, empenhando a pr\u00f3pria imobilidade para melhorar a forma de outras pessoas se moverem.<\/span><\/p>\n<p style=\"text-align: justify;\"><span style=\"color: #000000;\">O livro<span style=\"color: #0000ff;\"> &#8216;Movido pela Mente&#8217;<\/span> tem 384 p\u00e1ginas e a renda das vendas ser\u00e1 revertida para a organiza\u00e7\u00e3o Mobilize Brasil.<\/span><\/p>\n<p style=\"text-align: justify;\"><span style=\"color: #ff0000;\">Resumo do livro<\/span><\/p>\n<p style=\"text-align: justify;\"><span style=\"color: #000000;\">O livro <span style=\"color: #0000ff;\">&#8216;Movido pela Mente&#8217;<\/span> traz a p\u00fablico a hist\u00f3ria de um rapaz que perdeu todos os movimentos, mas luta e trabalha com entusiasmo para melhorar a mobilidade urbana nas cidades do Brasil. A publica\u00e7\u00e3o tamb\u00e9m descreve a mobilidade urbana sustent\u00e1vel e as experi\u00eancias de seu personagem com trens, \u00f4nibus, metr\u00f4s, barcos, motocicletas, autom\u00f3veis, bicicletas e muitas caminhadas em lugares ins\u00f3litos, como Japaratinga, em Alagoas; Paramaribo, no Suriname; Corfu, na Gr\u00e9cia; ou cidades bem conhecidas, como Paris, Toronto, Barcelona, Amsterd\u00e3, Veneza, Recife, Rio de Janeiro, Curitiba e S\u00e3o Paulo.<\/span><\/p>\n<p style=\"text-align: justify;\"><span style=\"color: #ff0000;\">Sobre Gisele Mirabai<\/span><\/p>\n<p style=\"text-align: justify;\"><span style=\"color: #000000;\">Gisele Mirabai \u00e9 es\u00adcritora e roteirista de cinema e TV. Estu\u00addou Artes C\u00eanicas na UFMG, Ci\u00adnema na London Film Academy e \u00e9 p\u00f3s-graduada em Literatura pela UFF. Tem cinco livros pu\u00adblicados, dentre eles Machamba, vencedor do 1\u00ba Pr\u00eamio Kindle de Literatura, Guerreiras de Gaia, infanto-juvenil adotado por di\u00adversas escolas do Brasil, e Homem Livre, livro de n\u00e3o fic\u00e7\u00e3o sobre uma volta ao mundo de bici\u00adcleta.<\/span><\/p>\n<p style=\"text-align: justify;\"><span style=\"color: #ff0000;\">Sobre Ricky Ribeiro<\/span><\/p>\n<p style=\"text-align: justify;\"><span style=\"color: #000000;\">Luiz Henrique da Cruz Ribeiro \u00e9 graduado em Administra\u00e7\u00e3o P\u00fablica pela Funda\u00e7\u00e3o Get\u00falio Vargas (FGV-EAESP), com mestrado em Sustentabilidade pela Uni\u00adversidade Polit\u00e9cnica da Cata\u00adlunha (UPC) e MBA Executivo pela Universidade de Barcelo\u00adna (UB). \u00c9 fundador da OSCIP Associa\u00e7\u00e3o Abaporu, do portal Mobilize Brasil e membro da equipe de Sustentabilidade Corporati\u00adva da empresa EY. Diagnostica\u00addo em 2008 com esclerose la\u00adteral amiotr\u00f3fica (ELA), perdeu todos os movimentos do corpo. Hoje, trabalha e se comunica por meio de um leitor \u00f3ptico. <span style=\"text-decoration: underline;\"><span style=\"color: #0000ff; text-decoration: underline;\">www.mobilize.org.br<\/span><\/span><\/span><\/p>\n<p><strong><span style=\"color: #000000;\">SERVI\u00c7O:<\/span><\/strong><\/p>\n<p><span style=\"color: #000000;\">Lan\u00e7amento &#8216;Movido pela Mente&#8217;<\/span><\/p>\n<p><span style=\"color: #000000;\">Autores: Ricky Ribeiro e Gisele Mirabai<\/span><\/p>\n<p><strong><span style=\"color: #0000ff;\">Edi\u00e7\u00e3o: Mobilize Brasil<\/span><\/strong><\/p>\n<p><span style=\"color: #000000;\">P\u00e1ginas: 384<\/span><\/p>\n<p><span style=\"color: #ff0000;\">Pre\u00e7o: 50 Reais<\/span><\/p>\n<p><span style=\"color: #000000;\">Dia e Hor\u00e1rio: 4 de dezembro, segunda-feira, das 18h \u00e0s 22h<\/span><\/p>\n<p><span style=\"color: #000000;\">Entrada gratuita<\/span><\/p>\n<p><span style=\"color: #000000;\">Local: Museu da Casa Brasileira<\/span><\/p>\n<p><span style=\"color: #000000;\">Av. Faria Lima, 2.705 \u2013 Jd. Paulistano<\/span><\/p>\n<p><span style=\"color: #000000;\">Tel.: (11) 3032.3727<\/span><\/p>\n","protected":false},"excerpt":{"rendered":"<p>A publica\u00e7\u00e3o conta a hist\u00f3ria de Ricky Ribeiro, que perdeu todos os movimentos e \u00e9 criador do portal Mobilize Brasil. Lan\u00e7amento ocorre dia 4 de dezembro, \u00e0s 18 h Novembro, 2017 &#8211; A hist\u00f3ria de Ricky Ribeiro, jovem que dedicou sua vida \u00e0 atividade f\u00edsica at\u00e9 ser diagnosticado com ELA (esclerose lateral amiotr\u00f3fica), e sua [&hellip;]<\/p>\n","protected":false},"author":1,"featured_media":8376,"comment_status":"open","ping_status":"open","sticky":false,"template":"","format":"standard","meta":{"_uag_custom_page_level_css":"","footnotes":""},"categories":[27],"tags":[1379,2245,4009,5497,6707,7774,7778,8022,10362,10679],"class_list":["post-8375","post","type-post","status-publish","format-standard","has-post-thumbnail","hentry","category-acontece","tag-bicicletas-nas-cidades-brasilieras","tag-cidadania-e-sustentabilidade","tag-ela-esclerose-lateral-amiotrofica","tag-gisele-mirabai","tag-lancamento-do-livro-movido-pela-mente","tag-mobilidade-urbana-nas-cidades-do-brasil","tag-mobilize-brasil","tag-museu-da-casa-brasileira-sp","tag-ricky-ribeiro-mobilize-brazil","tag-sao-paulo-sp"],"blocksy_meta":[],"spectra_blocks_featured_image_url":[],"spectra_blocks_author_info":{"display_name":"Jornal da Constru\u00e7\u00e3o Civil","avatar_url":"https:\/\/secure.gravatar.com\/avatar\/973c9774fd44ddaceb026973c4962faa70fc512bc4c9da68e8ebb40fecee6540?s=96&d=mm&r=g","author_link":"https:\/\/construcaocivil.siriusmarketingedesign.com.br\/?author=1","description":"Desde de 2013, levando muitas informa\u00e7\u00f5es, lan\u00e7amentos e produtos de qualidade para toda cadeia produtiva da constru\u00e7\u00e3o. O Futuro da constru\u00e7\u00e3o passa por aqui,"},"uagb_featured_image_src":{"full":false,"thumbnail":false,"medium":false,"medium_large":false,"large":false,"1536x1536":false,"2048x2048":false},"uagb_author_info":{"display_name":"Jornal da Constru\u00e7\u00e3o Civil","author_link":"https:\/\/construcaocivil.siriusmarketingedesign.com.br\/?author=1"},"uagb_comment_info":0,"uagb_excerpt":"A publica\u00e7\u00e3o conta a hist\u00f3ria de Ricky Ribeiro, que perdeu todos os movimentos e \u00e9 criador do portal Mobilize Brasil. Lan\u00e7amento ocorre dia 4 de dezembro, \u00e0s 18 h Novembro, 2017 &#8211; A hist\u00f3ria de Ricky Ribeiro, jovem que dedicou sua vida \u00e0 atividade f\u00edsica at\u00e9 ser diagnosticado com ELA (esclerose lateral amiotr\u00f3fica), e sua&hellip;","_links":{"self":[{"href":"https:\/\/construcaocivil.siriusmarketingedesign.com.br\/index.php?rest_route=\/wp\/v2\/posts\/8375","targetHints":{"allow":["GET"]}}],"collection":[{"href":"https:\/\/construcaocivil.siriusmarketingedesign.com.br\/index.php?rest_route=\/wp\/v2\/posts"}],"about":[{"href":"https:\/\/construcaocivil.siriusmarketingedesign.com.br\/index.php?rest_route=\/wp\/v2\/types\/post"}],"author":[{"embeddable":true,"href":"https:\/\/construcaocivil.siriusmarketingedesign.com.br\/index.php?rest_route=\/wp\/v2\/users\/1"}],"replies":[{"embeddable":true,"href":"https:\/\/construcaocivil.siriusmarketingedesign.com.br\/index.php?rest_route=%2Fwp%2Fv2%2Fcomments&post=8375"}],"version-history":[{"count":0,"href":"https:\/\/construcaocivil.siriusmarketingedesign.com.br\/index.php?rest_route=\/wp\/v2\/posts\/8375\/revisions"}],"wp:attachment":[{"href":"https:\/\/construcaocivil.siriusmarketingedesign.com.br\/index.php?rest_route=%2Fwp%2Fv2%2Fmedia&parent=8375"}],"wp:term":[{"taxonomy":"category","embeddable":true,"href":"https:\/\/construcaocivil.siriusmarketingedesign.com.br\/index.php?rest_route=%2Fwp%2Fv2%2Fcategories&post=8375"},{"taxonomy":"post_tag","embeddable":true,"href":"https:\/\/construcaocivil.siriusmarketingedesign.com.br\/index.php?rest_route=%2Fwp%2Fv2%2Ftags&post=8375"}],"curies":[{"name":"wp","href":"https:\/\/api.w.org\/{rel}","templated":true}]}}