{"id":8384,"date":"2017-11-24T20:07:10","date_gmt":"2017-11-24T23:07:10","guid":{"rendered":"https:\/\/jornaldaconstrucaocivil.com.br\/?p=8384"},"modified":"2017-11-24T20:07:10","modified_gmt":"2017-11-24T23:07:10","slug":"cartao-de-compras-e-lancado-em-macae-para-alavancar-economia-local","status":"publish","type":"post","link":"https:\/\/construcaocivil.siriusmarketingedesign.com.br\/?p=8384","title":{"rendered":"Cart\u00e3o de compras \u00e9 lan\u00e7ado em Maca\u00e9 para alavancar economia local"},"content":{"rendered":"<p style=\"text-align: justify;\"><em><strong><span style=\"color: #000000;\">Cart\u00e3o tem a finalidade de estimular a economia local atrav\u00e9s de descontos e benef\u00edcios<\/span><\/strong><\/em><\/p>\n<figure id=\"attachment_8385\" aria-describedby=\"caption-attachment-8385\" style=\"width: 263px\" class=\"wp-caption alignleft\"><a href=\"https:\/\/jornaldaconstrucaocivil.com.br\/wp-content\/uploads\/2017\/11\/Antonio-Severino-vice-presidente-da-ACIM-Melanie-Ponte-representante-Braxcard-Emerson-Esteves-presidente-da-ACIM-e1511564410959.jpg\"><img loading=\"lazy\" decoding=\"async\" class=\"wp-image-8385\" src=\"https:\/\/jornaldaconstrucaocivil.com.br\/wp-content\/uploads\/2017\/11\/Antonio-Severino-vice-presidente-da-ACIM-Melanie-Ponte-representante-Braxcard-Emerson-Esteves-presidente-da-ACIM-300x200.jpg\" alt=\"Antonio Severino, vice-presidente da ACIM, Melanie Ponte, representante Braxcard, Emerson Esteves, presidente da ACIM\" width=\"263\" height=\"175\" \/><\/a><figcaption id=\"caption-attachment-8385\" class=\"wp-caption-text\">Antonio Severino, vice-presidente da ACIM, Melanie Ponte, representante Braxcard, Emerson Esteves, presidente da ACIM.<\/figcaption><\/figure>\n<p style=\"text-align: justify;\"><span style=\"color: #000000;\"><span style=\"color: #993300;\">Maca\u00e9-Rj, Novembro, 2017<\/span> &#8211; Na quinta-feira, dia 23, foi lan\u00e7ado em Maca\u00e9, o cart\u00e3o de compras ACIM com o objetivo de fomentar o com\u00e9rcio local. Promovido pela Associa\u00e7\u00e3o Comercial e Industrial de Maca\u00e9 (ACIM), o cart\u00e3o \u00e9 uma forma de o morador dar prioridade por fazer suas compras na cidade, estimulando a economia macaense.<\/span><\/p>\n<p style=\"text-align: justify;\"><span style=\"color: #000000;\">Diferente de um cart\u00e3o de cr\u00e9dito, o servi\u00e7o \u00e9 uma parceira entre a ACIM e a BraxCard e funciona como um adiantamento salarial, pois o valor gasto vem descontado diretamente na folha de pagamento, atrav\u00e9s de uma parceria entre empresa e funcion\u00e1rio.<\/span><\/p>\n<p style=\"text-align: justify;\"><span style=\"color: #000000;\">\u201cCom o cart\u00e3o em m\u00e3os o usu\u00e1rio n\u00e3o precisar\u00e1 mais solicitar adiantamento, ou aguardar o sal\u00e1rio para fazer suas compras\u201d, explica Melanie Ponte, representante da BraxCard. Ela disse ainda, que o cliente n\u00e3o corre o risco de se endividar, pois o limite liberado \u00e9 de 30% a 40% do sal\u00e1rio l\u00edquido.<\/span><\/p>\n<figure id=\"attachment_8386\" aria-describedby=\"caption-attachment-8386\" style=\"width: 225px\" class=\"wp-caption alignright\"><a href=\"https:\/\/jornaldaconstrucaocivil.com.br\/wp-content\/uploads\/2017\/11\/Modelo-cart\u00e3o-ACIM_Divulga\u00e7\u00e3o.jpeg\"><img loading=\"lazy\" decoding=\"async\" class=\"wp-image-8386\" src=\"https:\/\/jornaldaconstrucaocivil.com.br\/wp-content\/uploads\/2017\/11\/Modelo-cart\u00e3o-ACIM_Divulga\u00e7\u00e3o-300x189.jpeg\" alt=\"Modelo cart\u00e3o ACIM_Divulga\u00e7\u00e3o\" width=\"225\" height=\"142\" \/><\/a><figcaption id=\"caption-attachment-8386\" class=\"wp-caption-text\">Modelo cart\u00e3o ACIM. Divulga\u00e7\u00e3o<\/figcaption><\/figure>\n<p style=\"text-align: justify;\"><span style=\"color: #000000;\">Os usu\u00e1rios do servi\u00e7o ainda contam com descontos e benef\u00edcios oferecidos pela empresa credenciada. Aceito em v\u00e1rios com\u00e9rcios de Maca\u00e9, a rede credenciada est\u00e1 em expans\u00e3o, com a expectativa de ser aceito em todos os com\u00e9rcios macaenses.<\/span><\/p>\n<p style=\"text-align: justify;\"><span style=\"color: #000000;\">De acordo com Emerson, a ideia \u00e9 gerar uma cadeia de compra e venda dentro da cidade. <em><span style=\"color: #333399;\">\u201cQueremos incentivar a compra no com\u00e9rcio local, para que os moradores deem prefer\u00eancia para os comerciantes locais\u201d<\/span><\/em>, explicou Emerson Esteves, presidente da ACIM.<\/span><\/p>\n<p style=\"text-align: justify;\"><span style=\"color: #000000;\">Qualquer com\u00e9rcio, associado ou n\u00e3o, pode tornar-se credenciado e aceitar o cart\u00e3o ACIM, por\u00e9m o com\u00e9rcio associado tem desconto na taxa de ades\u00e3o e redu\u00e7\u00e3o no aluguel da m\u00e1quina POS.<\/span><\/p>\n<p style=\"text-align: justify;\"><span style=\"color: #000000;\">Durante os meses de novembro e dezembro, os com\u00e9rcios associadas que proporcionarem o cart\u00e3o ACIM para seus funcion\u00e1rios ter\u00e3o isen\u00e7\u00e3o na taxa de ades\u00e3o. A solicita\u00e7\u00e3o \u00e9 feita na sede da ACIM ou atrav\u00e9s do e-mail <span style=\"text-decoration: underline;\"><span style=\"color: #0000ff; text-decoration: underline;\">gerencia@acim-macae.com.br<\/span><\/span>. <\/span><\/p>\n<p style=\"text-align: justify;\"><span style=\"color: #000000;\">Mais informa\u00e7\u00f5es pelo telefone <span style=\"color: #993300;\">2772-2858.<\/span><\/span><\/p>\n<p style=\"text-align: justify;\">Fonte: Imprensa\/ACIM<\/p>\n<p style=\"text-align: justify;\">\n","protected":false},"excerpt":{"rendered":"<p>Cart\u00e3o tem a finalidade de estimular a economia local atrav\u00e9s de descontos e benef\u00edcios Maca\u00e9-Rj, Novembro, 2017 &#8211; Na quinta-feira, dia 23, foi lan\u00e7ado em Maca\u00e9, o cart\u00e3o de compras ACIM com o objetivo de fomentar o com\u00e9rcio local. Promovido pela Associa\u00e7\u00e3o Comercial e Industrial de Maca\u00e9 (ACIM), o cart\u00e3o \u00e9 uma forma de o [&hellip;]<\/p>\n","protected":false},"author":1,"featured_media":0,"comment_status":"open","ping_status":"open","sticky":false,"template":"","format":"standard","meta":{"_uag_custom_page_level_css":"","footnotes":""},"categories":[33],"tags":[1025,1886,2468,2580,4614,7112,10115,12327],"class_list":["post-8384","post","type-post","status-publish","format-standard","hentry","category-mercado","tag-associacao-comercial-e-industrial-de-macae-acim","tag-cartao-de-compras-acim","tag-comercios-associadas-terao-isencao-de-taxa","tag-compras-de-final-de-ano","tag-estimular-a-economia-local-de-macae","tag-macae-rj","tag-regiao-norte-fluminense","tag-vendas-no-comercio"],"blocksy_meta":[],"spectra_blocks_featured_image_url":null,"spectra_blocks_author_info":{"display_name":"Jornal da Constru\u00e7\u00e3o Civil","avatar_url":"https:\/\/secure.gravatar.com\/avatar\/973c9774fd44ddaceb026973c4962faa70fc512bc4c9da68e8ebb40fecee6540?s=96&d=mm&r=g","author_link":"https:\/\/construcaocivil.siriusmarketingedesign.com.br\/?author=1","description":"Desde de 2013, levando muitas informa\u00e7\u00f5es, lan\u00e7amentos e produtos de qualidade para toda cadeia produtiva da constru\u00e7\u00e3o. O Futuro da constru\u00e7\u00e3o passa por aqui,"},"uagb_featured_image_src":{"full":false,"thumbnail":false,"medium":false,"medium_large":false,"large":false,"1536x1536":false,"2048x2048":false},"uagb_author_info":{"display_name":"Jornal da Constru\u00e7\u00e3o Civil","author_link":"https:\/\/construcaocivil.siriusmarketingedesign.com.br\/?author=1"},"uagb_comment_info":0,"uagb_excerpt":"Cart\u00e3o tem a finalidade de estimular a economia local atrav\u00e9s de descontos e benef\u00edcios Maca\u00e9-Rj, Novembro, 2017 &#8211; Na quinta-feira, dia 23, foi lan\u00e7ado em Maca\u00e9, o cart\u00e3o de compras ACIM com o objetivo de fomentar o com\u00e9rcio local. Promovido pela Associa\u00e7\u00e3o Comercial e Industrial de Maca\u00e9 (ACIM), o cart\u00e3o \u00e9 uma forma de o&hellip;","_links":{"self":[{"href":"https:\/\/construcaocivil.siriusmarketingedesign.com.br\/index.php?rest_route=\/wp\/v2\/posts\/8384","targetHints":{"allow":["GET"]}}],"collection":[{"href":"https:\/\/construcaocivil.siriusmarketingedesign.com.br\/index.php?rest_route=\/wp\/v2\/posts"}],"about":[{"href":"https:\/\/construcaocivil.siriusmarketingedesign.com.br\/index.php?rest_route=\/wp\/v2\/types\/post"}],"author":[{"embeddable":true,"href":"https:\/\/construcaocivil.siriusmarketingedesign.com.br\/index.php?rest_route=\/wp\/v2\/users\/1"}],"replies":[{"embeddable":true,"href":"https:\/\/construcaocivil.siriusmarketingedesign.com.br\/index.php?rest_route=%2Fwp%2Fv2%2Fcomments&post=8384"}],"version-history":[{"count":0,"href":"https:\/\/construcaocivil.siriusmarketingedesign.com.br\/index.php?rest_route=\/wp\/v2\/posts\/8384\/revisions"}],"wp:attachment":[{"href":"https:\/\/construcaocivil.siriusmarketingedesign.com.br\/index.php?rest_route=%2Fwp%2Fv2%2Fmedia&parent=8384"}],"wp:term":[{"taxonomy":"category","embeddable":true,"href":"https:\/\/construcaocivil.siriusmarketingedesign.com.br\/index.php?rest_route=%2Fwp%2Fv2%2Fcategories&post=8384"},{"taxonomy":"post_tag","embeddable":true,"href":"https:\/\/construcaocivil.siriusmarketingedesign.com.br\/index.php?rest_route=%2Fwp%2Fv2%2Ftags&post=8384"}],"curies":[{"name":"wp","href":"https:\/\/api.w.org\/{rel}","templated":true}]}}