{"id":8408,"date":"2017-11-28T15:19:57","date_gmt":"2017-11-28T18:19:57","guid":{"rendered":"https:\/\/jornaldaconstrucaocivil.com.br\/?p=8408"},"modified":"2017-11-28T15:19:57","modified_gmt":"2017-11-28T18:19:57","slug":"sistema-firjan-discute-sobre-inovacao-e-produtividade-na-construcao-civil","status":"publish","type":"post","link":"https:\/\/construcaocivil.siriusmarketingedesign.com.br\/?p=8408","title":{"rendered":"Sistema FIRJAN discute sobre inova\u00e7\u00e3o e produtividade na constru\u00e7\u00e3o civil"},"content":{"rendered":"<p style=\"text-align: justify;\"><span style=\"color: #000000;\"><span style=\"color: #993300;\">Rio, Novembro, 2017<\/span> &#8211; O sistema FIRJAN promove nesta quinta-feira (30\/11), o Semin\u00e1rio Inova\u00e7\u00e3o e Produtividade na Constru\u00e7\u00e3o Civil, que discutir\u00e1 as novidades, tend\u00eancias e informa\u00e7\u00f5es atualizadas do setor. O debate gratuito ocorre na sede da Federa\u00e7\u00e3o (Av. Gra\u00e7a Aranha 1, Centro do Rio) e \u00e9 voltado para gestores de incorporadoras e de escrit\u00f3rios de projetos, construtoras e fabricantes.<\/span><\/p>\n<p style=\"text-align: justify;\"><span style=\"color: #000000;\">O consultor Luiz Henrique Ceotto abrir\u00e1 o painel <span style=\"color: #0000ff;\">\u2018Inova\u00e7\u00e3o e gest\u00e3o da produtividade na constru\u00e7\u00e3o civil\u2019.<\/span> Depois, o professor e pesquisador da Escola Polit\u00e9cnica da USP e diretor da Produtime, Ubiraci Espinelli Lemes de Souza, falar\u00e1 sobre \u2018Como dominar a produtividade para tomar boas decis\u00f5es na constru\u00e7\u00e3o\u2019. J\u00e1 o professor e pesquisador da Escola Polit\u00e9cnica da UFRJ, Lu\u00eds Ot\u00e1vio Cocito de Ara\u00fajo, apresenta o tema <span style=\"color: #0000ff;\">\u2018Novas perspectivas para produtividade na constru\u00e7\u00e3o\u2019.<\/span><\/span><\/p>\n<p style=\"text-align: justify;\"><span style=\"color: #000000;\">Mais informa\u00e7\u00f5es e inscri\u00e7\u00f5es em <span style=\"color: #0000ff;\">http:\/\/www.firjan.com.br\/eventos\/inovacao-e-produtividade-na-construcao-civil.htm<\/span><\/span><\/p>\n<p style=\"text-align: justify;\">Fonte: Imprensa\/FIRJAN<\/p>\n","protected":false},"excerpt":{"rendered":"<p>Rio, Novembro, 2017 &#8211; O sistema FIRJAN promove nesta quinta-feira (30\/11), o Semin\u00e1rio Inova\u00e7\u00e3o e Produtividade na Constru\u00e7\u00e3o Civil, que discutir\u00e1 as novidades, tend\u00eancias e informa\u00e7\u00f5es atualizadas do setor. O debate gratuito ocorre na sede da Federa\u00e7\u00e3o (Av. Gra\u00e7a Aranha 1, Centro do Rio) e \u00e9 voltado para gestores de incorporadoras e de escrit\u00f3rios de [&hellip;]<\/p>\n","protected":false},"author":1,"featured_media":0,"comment_status":"open","ping_status":"open","sticky":false,"template":"","format":"standard","meta":{"_uag_custom_page_level_css":"","footnotes":""},"categories":[27],"tags":[49,2963,4805,5096,5479,6138,6164,8227],"class_list":["post-8408","post","type-post","status-publish","format-standard","hentry","category-acontece","tag-av-graca-aranha-1-centro-rj","tag-construtoras","tag-fabricantes","tag-firjan","tag-gestores-de-incorporadoras-e-escritorios-de-projetos","tag-inovacao-e-produtividade-na-construcao-civil","tag-inscricoes-gratuitas","tag-novas-perspectivas-para-produtividade-na-construcao"],"blocksy_meta":[],"spectra_blocks_featured_image_url":null,"spectra_blocks_author_info":{"display_name":"Jornal da Constru\u00e7\u00e3o Civil","avatar_url":"https:\/\/secure.gravatar.com\/avatar\/973c9774fd44ddaceb026973c4962faa70fc512bc4c9da68e8ebb40fecee6540?s=96&d=mm&r=g","author_link":"https:\/\/construcaocivil.siriusmarketingedesign.com.br\/?author=1","description":"Desde de 2013, levando muitas informa\u00e7\u00f5es, lan\u00e7amentos e produtos de qualidade para toda cadeia produtiva da constru\u00e7\u00e3o. O Futuro da constru\u00e7\u00e3o passa por aqui,"},"uagb_featured_image_src":{"full":false,"thumbnail":false,"medium":false,"medium_large":false,"large":false,"1536x1536":false,"2048x2048":false},"uagb_author_info":{"display_name":"Jornal da Constru\u00e7\u00e3o Civil","author_link":"https:\/\/construcaocivil.siriusmarketingedesign.com.br\/?author=1"},"uagb_comment_info":0,"uagb_excerpt":"Rio, Novembro, 2017 &#8211; O sistema FIRJAN promove nesta quinta-feira (30\/11), o Semin\u00e1rio Inova\u00e7\u00e3o e Produtividade na Constru\u00e7\u00e3o Civil, que discutir\u00e1 as novidades, tend\u00eancias e informa\u00e7\u00f5es atualizadas do setor. O debate gratuito ocorre na sede da Federa\u00e7\u00e3o (Av. Gra\u00e7a Aranha 1, Centro do Rio) e \u00e9 voltado para gestores de incorporadoras e de escrit\u00f3rios de&hellip;","_links":{"self":[{"href":"https:\/\/construcaocivil.siriusmarketingedesign.com.br\/index.php?rest_route=\/wp\/v2\/posts\/8408","targetHints":{"allow":["GET"]}}],"collection":[{"href":"https:\/\/construcaocivil.siriusmarketingedesign.com.br\/index.php?rest_route=\/wp\/v2\/posts"}],"about":[{"href":"https:\/\/construcaocivil.siriusmarketingedesign.com.br\/index.php?rest_route=\/wp\/v2\/types\/post"}],"author":[{"embeddable":true,"href":"https:\/\/construcaocivil.siriusmarketingedesign.com.br\/index.php?rest_route=\/wp\/v2\/users\/1"}],"replies":[{"embeddable":true,"href":"https:\/\/construcaocivil.siriusmarketingedesign.com.br\/index.php?rest_route=%2Fwp%2Fv2%2Fcomments&post=8408"}],"version-history":[{"count":0,"href":"https:\/\/construcaocivil.siriusmarketingedesign.com.br\/index.php?rest_route=\/wp\/v2\/posts\/8408\/revisions"}],"wp:attachment":[{"href":"https:\/\/construcaocivil.siriusmarketingedesign.com.br\/index.php?rest_route=%2Fwp%2Fv2%2Fmedia&parent=8408"}],"wp:term":[{"taxonomy":"category","embeddable":true,"href":"https:\/\/construcaocivil.siriusmarketingedesign.com.br\/index.php?rest_route=%2Fwp%2Fv2%2Fcategories&post=8408"},{"taxonomy":"post_tag","embeddable":true,"href":"https:\/\/construcaocivil.siriusmarketingedesign.com.br\/index.php?rest_route=%2Fwp%2Fv2%2Ftags&post=8408"}],"curies":[{"name":"wp","href":"https:\/\/api.w.org\/{rel}","templated":true}]}}