{"id":8414,"date":"2017-11-28T15:53:57","date_gmt":"2017-11-28T18:53:57","guid":{"rendered":"https:\/\/jornaldaconstrucaocivil.com.br\/?p=8414"},"modified":"2022-03-04T16:35:51","modified_gmt":"2022-03-04T19:35:51","slug":"empregos-amcom-busca-30-profissionais-de-ti-para-blumenau","status":"publish","type":"post","link":"https:\/\/construcaocivil.siriusmarketingedesign.com.br\/?p=8414","title":{"rendered":"Empregos: AMcom busca 30 profissionais de TI para Blumenau"},"content":{"rendered":"<p style=\"text-align: justify;\"><span style=\"color: #000000;\"><span style=\"color: #993300;\">Novembro, 2017<\/span> &#8211; A AMcom, empresa especializada em sustenta\u00e7\u00e3o e desenvolvimento customizado de sistemas, anuncia a contrata\u00e7\u00e3o de mais de 30 profissionais de Tecnologia da Informa\u00e7\u00e3o e \u00e1reas correlatas para a sua sede, localizada em Blumenau, no Estado de Santa Catarina.<\/span><\/p>\n<p style=\"text-align: justify;\"><span style=\"color: #000000;\">A demanda surgiu devido \u00e0 expans\u00e3o da empresa, que cresce em m\u00e9dia 30% ao ano e j\u00e1 contratou mais de 100 profissionais s\u00f3 no segundo semestre deste ano. A expans\u00e3o foi impulsionada pela prospec\u00e7\u00e3o e aquisi\u00e7\u00e3o de novos clientes. Os profissionais ir\u00e3o atuar em projetos de grande porte, bem como em aloca\u00e7\u00f5es dentro de clientes.<\/span><\/p>\n<p style=\"text-align: justify;\"><span style=\"color: #000000;\">As oportunidades dispon\u00edveis s\u00e3o para analistas e desenvolvedores com especializa\u00e7\u00f5es em variadas tecnologias, como <span style=\"color: #0000ff;\">Java, .NET, PHP, Cobol, Hadoop, Spark e Data Mining<\/span>, entre outros cargos que englobam posi\u00e7\u00f5es na \u00e1rea comercial, \u00e1reas de apoio e cargos de gerencia.<\/span><\/p>\n<p style=\"text-align: justify;\"><span style=\"color: #000000;\">A empresa oferece benef\u00edcios e sal\u00e1rios compat\u00edveis com o mercado, al\u00e9m de uma estrutura localizada no munic\u00edpio que ficou em 4\u00ba lugar geral no ranking das 100 maiores cidades brasileiras, elaborado pela Delta Economics &amp; Finance. A cidade tamb\u00e9m recebeu a maior pontua\u00e7\u00e3o do estudo na dimens\u00e3o econ\u00f4mica e alta pontua\u00e7\u00e3o em bem-estar.<\/span><\/p>\n<p style=\"text-align: justify;\">\n","protected":false},"excerpt":{"rendered":"<p>Novembro, 2017 &#8211; A AMcom, empresa especializada em sustenta\u00e7\u00e3o e desenvolvimento customizado de sistemas, anuncia a contrata\u00e7\u00e3o de mais de 30 profissionais de Tecnologia da Informa\u00e7\u00e3o e \u00e1reas correlatas para a sua sede, localizada em Blumenau, no Estado de Santa Catarina. A demanda surgiu devido \u00e0 expans\u00e3o da empresa, que cresce em m\u00e9dia 30% ao [&hellip;]<\/p>\n","protected":false},"author":1,"featured_media":18817,"comment_status":"open","ping_status":"open","sticky":false,"template":"","format":"standard","meta":{"_uag_custom_page_level_css":"","footnotes":""},"categories":[27],"tags":[676,1458,13017,8482,9535,11009,12179],"class_list":["post-8414","post","type-post","status-publish","format-standard","has-post-thumbnail","hentry","category-acontece","tag-amcom","tag-blumenau-sc","tag-combate-ao-racismo","tag-oportunidades-de-emprego","tag-profissionais-da-area-de-java-net-php-cobolhadoopsparkdata-mining","tag-setor-de-ti-continua-contratando-no-brasil","tag-vagas-de-empregos-na-area-de-ti"],"blocksy_meta":[],"spectra_blocks_featured_image_url":{"thumbnail":{"url":"https:\/\/construcaocivil.siriusmarketingedesign.com.br\/wp-content\/uploads\/2017\/11\/TI-EMPREGOS-150x150.jpg","width":150,"height":150},"medium":{"url":"https:\/\/construcaocivil.siriusmarketingedesign.com.br\/wp-content\/uploads\/2017\/11\/TI-EMPREGOS.jpg","width":275,"height":183},"medium_large":{"url":"https:\/\/construcaocivil.siriusmarketingedesign.com.br\/wp-content\/uploads\/2017\/11\/TI-EMPREGOS.jpg","width":275,"height":183},"large":{"url":"https:\/\/construcaocivil.siriusmarketingedesign.com.br\/wp-content\/uploads\/2017\/11\/TI-EMPREGOS.jpg","width":275,"height":183},"full":{"url":"https:\/\/construcaocivil.siriusmarketingedesign.com.br\/wp-content\/uploads\/2017\/11\/TI-EMPREGOS.jpg","width":275,"height":183}},"spectra_blocks_author_info":{"display_name":"Jornal da Constru\u00e7\u00e3o Civil","avatar_url":"https:\/\/secure.gravatar.com\/avatar\/973c9774fd44ddaceb026973c4962faa70fc512bc4c9da68e8ebb40fecee6540?s=96&d=mm&r=g","author_link":"https:\/\/construcaocivil.siriusmarketingedesign.com.br\/?author=1","description":"Desde de 2013, levando muitas informa\u00e7\u00f5es, lan\u00e7amentos e produtos de qualidade para toda cadeia produtiva da constru\u00e7\u00e3o. O Futuro da constru\u00e7\u00e3o passa por aqui,"},"uagb_featured_image_src":{"full":["https:\/\/construcaocivil.siriusmarketingedesign.com.br\/wp-content\/uploads\/2017\/11\/TI-EMPREGOS.jpg",275,183,false],"thumbnail":["https:\/\/construcaocivil.siriusmarketingedesign.com.br\/wp-content\/uploads\/2017\/11\/TI-EMPREGOS-150x150.jpg",150,150,true],"medium":["https:\/\/construcaocivil.siriusmarketingedesign.com.br\/wp-content\/uploads\/2017\/11\/TI-EMPREGOS.jpg",275,183,false],"medium_large":["https:\/\/construcaocivil.siriusmarketingedesign.com.br\/wp-content\/uploads\/2017\/11\/TI-EMPREGOS.jpg",275,183,false],"large":["https:\/\/construcaocivil.siriusmarketingedesign.com.br\/wp-content\/uploads\/2017\/11\/TI-EMPREGOS.jpg",275,183,false],"1536x1536":["https:\/\/construcaocivil.siriusmarketingedesign.com.br\/wp-content\/uploads\/2017\/11\/TI-EMPREGOS.jpg",275,183,false],"2048x2048":["https:\/\/construcaocivil.siriusmarketingedesign.com.br\/wp-content\/uploads\/2017\/11\/TI-EMPREGOS.jpg",275,183,false]},"uagb_author_info":{"display_name":"Jornal da Constru\u00e7\u00e3o Civil","author_link":"https:\/\/construcaocivil.siriusmarketingedesign.com.br\/?author=1"},"uagb_comment_info":0,"uagb_excerpt":"Novembro, 2017 &#8211; A AMcom, empresa especializada em sustenta\u00e7\u00e3o e desenvolvimento customizado de sistemas, anuncia a contrata\u00e7\u00e3o de mais de 30 profissionais de Tecnologia da Informa\u00e7\u00e3o e \u00e1reas correlatas para a sua sede, localizada em Blumenau, no Estado de Santa Catarina. A demanda surgiu devido \u00e0 expans\u00e3o da empresa, que cresce em m\u00e9dia 30% ao&hellip;","_links":{"self":[{"href":"https:\/\/construcaocivil.siriusmarketingedesign.com.br\/index.php?rest_route=\/wp\/v2\/posts\/8414","targetHints":{"allow":["GET"]}}],"collection":[{"href":"https:\/\/construcaocivil.siriusmarketingedesign.com.br\/index.php?rest_route=\/wp\/v2\/posts"}],"about":[{"href":"https:\/\/construcaocivil.siriusmarketingedesign.com.br\/index.php?rest_route=\/wp\/v2\/types\/post"}],"author":[{"embeddable":true,"href":"https:\/\/construcaocivil.siriusmarketingedesign.com.br\/index.php?rest_route=\/wp\/v2\/users\/1"}],"replies":[{"embeddable":true,"href":"https:\/\/construcaocivil.siriusmarketingedesign.com.br\/index.php?rest_route=%2Fwp%2Fv2%2Fcomments&post=8414"}],"version-history":[{"count":0,"href":"https:\/\/construcaocivil.siriusmarketingedesign.com.br\/index.php?rest_route=\/wp\/v2\/posts\/8414\/revisions"}],"wp:featuredmedia":[{"embeddable":true,"href":"https:\/\/construcaocivil.siriusmarketingedesign.com.br\/index.php?rest_route=\/wp\/v2\/media\/18817"}],"wp:attachment":[{"href":"https:\/\/construcaocivil.siriusmarketingedesign.com.br\/index.php?rest_route=%2Fwp%2Fv2%2Fmedia&parent=8414"}],"wp:term":[{"taxonomy":"category","embeddable":true,"href":"https:\/\/construcaocivil.siriusmarketingedesign.com.br\/index.php?rest_route=%2Fwp%2Fv2%2Fcategories&post=8414"},{"taxonomy":"post_tag","embeddable":true,"href":"https:\/\/construcaocivil.siriusmarketingedesign.com.br\/index.php?rest_route=%2Fwp%2Fv2%2Ftags&post=8414"}],"curies":[{"name":"wp","href":"https:\/\/api.w.org\/{rel}","templated":true}]}}