{"id":8422,"date":"2017-11-28T19:03:02","date_gmt":"2017-11-28T22:03:02","guid":{"rendered":"https:\/\/jornaldaconstrucaocivil.com.br\/?p=8422"},"modified":"2017-11-28T19:03:02","modified_gmt":"2017-11-28T22:03:02","slug":"fim-do-amianto-eternit-usara-exclusivamente-fibras-sinteticas-na-producao-de-telhas","status":"publish","type":"post","link":"https:\/\/construcaocivil.siriusmarketingedesign.com.br\/?p=8422","title":{"rendered":"Fim do amianto: Eternit usar\u00e1 exclusivamente fibras sint\u00e9ticas na produ\u00e7\u00e3o de telhas"},"content":{"rendered":"<p style=\"text-align: justify;\"><span style=\"color: #000000;\"><em><strong>Transi\u00e7\u00e3o gradual da mat\u00e9ria-prima na cadeia produtiva da companhia j\u00e1 foi iniciada e ser\u00e1 finalizada at\u00e9 dezembro de 2018<\/strong><\/em><\/span><\/p>\n<p style=\"text-align: justify;\"><span style=\"color: #000000;\"><span style=\"color: #993300;\">Novembro, 2017<\/span> \u2013 A Eternit, l\u00edder de mercado no Brasil no segmento de coberturas, com atua\u00e7\u00e3o tamb\u00e9m nos segmentos de lou\u00e7as e metais sanit\u00e1rios, caixas d&#8217;\u00e1gua e pain\u00e9is coment\u00edcios, anuncia a decis\u00e3o de substituir integralmente a utiliza\u00e7\u00e3o da fibra mineral crisotila (amianto) como mat\u00e9ria-prima no processo industrial de fabrica\u00e7\u00e3o de telhas de fibrocimento. A mudan\u00e7a j\u00e1 foi iniciada h\u00e1 alguns anos e deve ser conclu\u00edda at\u00e9 dezembro de 2018. Em linha com o seu planejamento estrat\u00e9gico de m\u00e9dio e longo prazo, a companhia redirecionar\u00e1 o seu portf\u00f3lio de produtos e neg\u00f3cios, em busca de uma melhor adequa\u00e7\u00e3o \u00e0s demandas do mercado e de um crescimento sustent\u00e1vel.<\/span><\/p>\n<p style=\"text-align: justify;\"><span style=\"color: #000000;\"><span style=\"color: #333399;\"><em>&#8220;Existe uma tend\u00eancia percebida no mercado, nos \u00faltimos anos, de consumidores deixando de adquirir produtos contendo amianto, especialmente na constru\u00e7\u00e3o civil. A mudan\u00e7a da demanda nos levou \u00e0 decis\u00e3o de substituir progressivamente essa mat\u00e9ria-prima da nossa cadeia produtiva, substituindo-a por alternativas como a fibra sint\u00e9tica. Os ajustes est\u00e3o em curso para que, ao final do pr\u00f3ximo ano, a empresa s\u00f3 fabrique telhas refor\u00e7adas com fibras sint\u00e9ticas&#8221;<\/em><\/span>, explica Luis Augusto Barcelos Barbosa, diretor-presidente da Eternit.<\/span><\/p>\n<p style=\"text-align: justify;\"><span style=\"color: #000000;\">Atualmente, cinco f\u00e1bricas da Eternit, localizadas no Rio de Janeiro (RJ), Colombo (PR), Sim\u00f5es Filho (BA), Goi\u00e2nia e An\u00e1polis (GO), utilizam em m\u00e9dia 60% de fibra sint\u00e9tica de polipropileno e 40% de fibra mineral na fabrica\u00e7\u00e3o de telhas. At\u00e9 o final de 2018, a produ\u00e7\u00e3o das telhas utilizar\u00e1 100% de fibras sint\u00e9ticas. A Eternit refor\u00e7a que continua atuando com as melhores pr\u00e1ticas de seguran\u00e7a, comprometida com o meio ambiente, a comunidade e os trabalhadores, de acordo com as normas e leis que regem o setor.\u00a0<\/span><\/p>\n<p style=\"text-align: justify;\"><span style=\"color: #993300;\"><strong>Investimento em f\u00e1bricas<\/strong><\/span><\/p>\n<p style=\"text-align: justify;\"><span style=\"color: #000000;\">Para fazer essa substitui\u00e7\u00e3o de mat\u00e9rias-primas, a Eternit investiu nos \u00faltimos quatro anos R$ 25 milh\u00f5es para a adapta\u00e7\u00e3o dos equipamentos e o desenvolvimento do processo de produ\u00e7\u00e3o das telhas em suas cinco unidades de telhas espalhadas pelo Brasil, para que possam trocar progressivamente o amianto pelo polipropileno. Al\u00e9m disso, concluiu em 2015 um investimento de R$ 95 milh\u00f5es na constru\u00e7\u00e3o de uma f\u00e1brica em Manaus (AM) para a produ\u00e7\u00e3o da fibra de polipropileno, suficiente para abastecer todas as unidades fabris do grupo e ainda a demanda de terceiros no mercado. A mat\u00e9ria-prima \u00e9 usada em produtos como telhas, paineis, m\u00f3dulos estruturais, pisos ciment\u00edcios, entre outros.<\/span><\/p>\n<p style=\"text-align: justify;\"><span style=\"color: #000000;\"><em><span style=\"color: #333399;\">&#8220;A ideia \u00e9 expandir a gama de produtos das nossas f\u00e1bricas, ampliando para todas as unidades as op\u00e7\u00f5es de produtos com polipropileno, como telhas e outros elementos ciment\u00edcios estruturais refor\u00e7ados com essa fibra sint\u00e9tica&#8221;<\/span><\/em>, afirma o diretor-presidente da Eternit.<\/span><\/p>\n","protected":false},"excerpt":{"rendered":"<p>Transi\u00e7\u00e3o gradual da mat\u00e9ria-prima na cadeia produtiva da companhia j\u00e1 foi iniciada e ser\u00e1 finalizada at\u00e9 dezembro de 2018 Novembro, 2017 \u2013 A Eternit, l\u00edder de mercado no Brasil no segmento de coberturas, com atua\u00e7\u00e3o tamb\u00e9m nos segmentos de lou\u00e7as e metais sanit\u00e1rios, caixas d&#8217;\u00e1gua e pain\u00e9is coment\u00edcios, anuncia a decis\u00e3o de substituir integralmente a [&hellip;]<\/p>\n","protected":false},"author":1,"featured_media":0,"comment_status":"open","ping_status":"open","sticky":false,"template":"","format":"standard","meta":{"_uag_custom_page_level_css":"","footnotes":""},"categories":[27],"tags":[1686,2429,4657,5066,5513,7366,7610,8580,9654,10375,10668,10702,11095,11655],"class_list":["post-8422","post","type-post","status-publish","format-standard","hentry","category-acontece","tag-caixas-dagua","tag-colombo-pr","tag-eternit-troca-telhas-de-amianto-por-fibras-sinteticas","tag-fim-do-aminato","tag-goiania-e-anapolis-go","tag-material-de-construcao-civil","tag-metais-sanitarios","tag-paineis-comenticios","tag-proibicao-das-telhas-de-amianto","tag-rio-de-janeiro","tag-sao-paulo","tag-saude-e-seguranca","tag-simoes-filho-ba","tag-telhas-sinteticas"],"blocksy_meta":[],"spectra_blocks_featured_image_url":null,"spectra_blocks_author_info":{"display_name":"Jornal da Constru\u00e7\u00e3o Civil","avatar_url":"https:\/\/secure.gravatar.com\/avatar\/973c9774fd44ddaceb026973c4962faa70fc512bc4c9da68e8ebb40fecee6540?s=96&d=mm&r=g","author_link":"https:\/\/construcaocivil.siriusmarketingedesign.com.br\/?author=1","description":"Desde de 2013, levando muitas informa\u00e7\u00f5es, lan\u00e7amentos e produtos de qualidade para toda cadeia produtiva da constru\u00e7\u00e3o. O Futuro da constru\u00e7\u00e3o passa por aqui,"},"uagb_featured_image_src":{"full":false,"thumbnail":false,"medium":false,"medium_large":false,"large":false,"1536x1536":false,"2048x2048":false},"uagb_author_info":{"display_name":"Jornal da Constru\u00e7\u00e3o Civil","author_link":"https:\/\/construcaocivil.siriusmarketingedesign.com.br\/?author=1"},"uagb_comment_info":0,"uagb_excerpt":"Transi\u00e7\u00e3o gradual da mat\u00e9ria-prima na cadeia produtiva da companhia j\u00e1 foi iniciada e ser\u00e1 finalizada at\u00e9 dezembro de 2018 Novembro, 2017 \u2013 A Eternit, l\u00edder de mercado no Brasil no segmento de coberturas, com atua\u00e7\u00e3o tamb\u00e9m nos segmentos de lou\u00e7as e metais sanit\u00e1rios, caixas d&#8217;\u00e1gua e pain\u00e9is coment\u00edcios, anuncia a decis\u00e3o de substituir integralmente a&hellip;","_links":{"self":[{"href":"https:\/\/construcaocivil.siriusmarketingedesign.com.br\/index.php?rest_route=\/wp\/v2\/posts\/8422","targetHints":{"allow":["GET"]}}],"collection":[{"href":"https:\/\/construcaocivil.siriusmarketingedesign.com.br\/index.php?rest_route=\/wp\/v2\/posts"}],"about":[{"href":"https:\/\/construcaocivil.siriusmarketingedesign.com.br\/index.php?rest_route=\/wp\/v2\/types\/post"}],"author":[{"embeddable":true,"href":"https:\/\/construcaocivil.siriusmarketingedesign.com.br\/index.php?rest_route=\/wp\/v2\/users\/1"}],"replies":[{"embeddable":true,"href":"https:\/\/construcaocivil.siriusmarketingedesign.com.br\/index.php?rest_route=%2Fwp%2Fv2%2Fcomments&post=8422"}],"version-history":[{"count":0,"href":"https:\/\/construcaocivil.siriusmarketingedesign.com.br\/index.php?rest_route=\/wp\/v2\/posts\/8422\/revisions"}],"wp:attachment":[{"href":"https:\/\/construcaocivil.siriusmarketingedesign.com.br\/index.php?rest_route=%2Fwp%2Fv2%2Fmedia&parent=8422"}],"wp:term":[{"taxonomy":"category","embeddable":true,"href":"https:\/\/construcaocivil.siriusmarketingedesign.com.br\/index.php?rest_route=%2Fwp%2Fv2%2Fcategories&post=8422"},{"taxonomy":"post_tag","embeddable":true,"href":"https:\/\/construcaocivil.siriusmarketingedesign.com.br\/index.php?rest_route=%2Fwp%2Fv2%2Ftags&post=8422"}],"curies":[{"name":"wp","href":"https:\/\/api.w.org\/{rel}","templated":true}]}}