{"id":8427,"date":"2017-11-29T16:45:31","date_gmt":"2017-11-29T19:45:31","guid":{"rendered":"https:\/\/jornaldaconstrucaocivil.com.br\/?p=8427"},"modified":"2017-11-29T16:45:31","modified_gmt":"2017-11-29T19:45:31","slug":"energia-apos-visita-de-vereadores-enel-promete-melhorias-no-servico-em-marica","status":"publish","type":"post","link":"https:\/\/construcaocivil.siriusmarketingedesign.com.br\/?p=8427","title":{"rendered":"Energia: Ap\u00f3s visita de vereadores, Enel promete melhorias  no servi\u00e7o em Maric\u00e1"},"content":{"rendered":"<p style=\"text-align: justify;\"><span style=\"color: #000000;\"><span style=\"color: #993300;\">Maric\u00e1, Novembro, 2017<\/span> &#8211; Os vereadores mais uma vez falaram do servi\u00e7o prestado pela Enel no munic\u00edpio durante sess\u00e3o ordin\u00e1ria ocorrida na manh\u00e3 desta quarta-feira (29). No entanto, eles alertaram que a concession\u00e1ria prometeu melhorias no fornecimento de energia el\u00e9trica para Maric\u00e1. A promessa foi feita durante visita dos parlamentares \u00e0 sede da companhia no Rio de Janeiro nesta ter\u00e7a-feira (28).<\/span><\/p>\n<figure id=\"attachment_8428\" aria-describedby=\"caption-attachment-8428\" style=\"width: 263px\" class=\"wp-caption alignleft\"><a href=\"https:\/\/jornaldaconstrucaocivil.com.br\/wp-content\/uploads\/2017\/11\/VEREADORES.jpg\"><img loading=\"lazy\" decoding=\"async\" class=\"wp-image-8428\" src=\"https:\/\/jornaldaconstrucaocivil.com.br\/wp-content\/uploads\/2017\/11\/VEREADORES-300x224.jpg\" alt=\"VEREADORES\" width=\"263\" height=\"196\" \/><\/a><figcaption id=\"caption-attachment-8428\" class=\"wp-caption-text\">Comiss\u00e3o de Defesa do Consumidor &#8211; Vereadores em destaque na audi\u00eancia com a ENEL. Cr\u00e9ditos: C\u00e2mara Municipal de Maric\u00e1-RJ<\/figcaption><\/figure>\n<p style=\"text-align: justify;\"><span style=\"color: #000000;\">O vereador e presidente da Comiss\u00e3o de Defesa do Consumidor, Marcinho da Constru\u00e7\u00e3o (DEM) informou que participaram da reuni\u00e3o os parlamentares Robgol (PT), Rony Peterson (PR), Fabr\u00edcio Bittencourt (PTB) e Chiquinho (PP). H\u00e1 cerca de um m\u00eas o vereador Robgol levou \u00e0 tribuna reclama\u00e7\u00f5es sobre o atendimento em Maric\u00e1.<\/span><\/p>\n<p style=\"text-align: justify;\"><span style=\"color: #000000;\">Em resposta, Marcinho explicou que os funcion\u00e1rios que estariam prestando um desservi\u00e7o aos mun\u00edcipes foram substitu\u00eddos.\u00a0 Sobre os valores altos cobrados nas contas, o parlamentar explicou que a pr\u00f3pria Enel afirmou que 80% dessas cobran\u00e7as s\u00e3o referentes a tributos.<\/span><\/p>\n<p style=\"text-align: justify;\"><span style=\"color: #000000;\"><span style=\"color: #333399;\"><em>\u201cSugerimos micro locais de atendimento. Entendemos que Maric\u00e1 \u00e9 muita extensa e para um morador que mora em Itaipua\u00e7u vir para o Centro de Maric\u00e1 \u00e9 muito distante. Eles informaram que existe uma proibi\u00e7\u00e3o de criar novos p\u00f3los, mas que iriam tentar parcerias com a prefeitura para criar pequenos p\u00f3los de atendimento em pontos cedidos pela prefeitura\u201d<\/em><\/span>, disse Marcinho.<\/span><\/p>\n<p style=\"text-align: justify;\"><span style=\"color: #000000;\">O vice-presidente, Frank Costa (SD), pediu mais uma vez pela realiza\u00e7\u00e3o de uma audi\u00eancia p\u00fablica.<\/span><\/p>\n<p style=\"text-align: justify;\"><span style=\"color: #000000;\"><span style=\"color: #333399;\"><em>\u201cTivemos um aumento absurdo nas contas. A conta vinha R$ 400 e agora vem R$ 1 mil. Precisamos saber que impostos s\u00e3o esses\u201d<\/em><\/span>.<\/span><\/p>\n<p style=\"text-align: justify;\"><span style=\"color: #000000;\">Filippe Poubel (DEM) afirmou que as contas passaram a subir de valor a partir da mudan\u00e7a da empresa de Ampla para Enel.<\/span><\/p>\n<p style=\"text-align: justify;\"><span style=\"color: #000000;\"><span style=\"color: #333399;\"><em>\u201cAs contas em janeiro passaram a ser abusivas, triplicaram os valores. O outro motivo \u00e9 a quest\u00e3o da queda de luz, principalmente no terceiro e quarto distrito. Aqui no Centro h\u00e1 quedas frequentes tamb\u00e9m. Sem contar que as pessoas saem de Jacon\u00e9, Ino\u00e3, para vir resolver os problemas e encontram uma grande burocracia\u201d<\/em><\/span>.<\/span><\/p>\n<figure id=\"attachment_8429\" aria-describedby=\"caption-attachment-8429\" style=\"width: 300px\" class=\"wp-caption alignright\"><a href=\"https:\/\/jornaldaconstrucaocivil.com.br\/wp-content\/uploads\/2017\/11\/PLEN\u00c1RIO.jpg\"><img loading=\"lazy\" decoding=\"async\" class=\"wp-image-8429 size-medium\" src=\"https:\/\/jornaldaconstrucaocivil.com.br\/wp-content\/uploads\/2017\/11\/PLEN\u00c1RIO-300x143.jpg\" alt=\"PLEN\u00c1RIO\" width=\"300\" height=\"143\" \/><\/a><figcaption id=\"caption-attachment-8429\" class=\"wp-caption-text\">Plen\u00e1rio &#8211; C\u00e2mara de Vereadores de Maric\u00e1-RJ.<\/figcaption><\/figure>\n<p style=\"text-align: justify;\"><span style=\"color: #000000;\">O vereador Marcinho esclareceu que segundo a Enel, as quedas de energia no terceiro distrito v\u00e3o ser menos constantes, devido a troca dos geradores. O vereador Rony Peterson (PR) informou que continuar\u00e1 exigindo bom servi\u00e7o na cidade. Ele explicou ainda que far\u00e1 um PL proibindo a concession\u00e1ria de cortar a energia nas sextas-feiras de clientes inadimplentes.<\/span><\/p>\n<p style=\"text-align: justify;\"><span style=\"color: #000000;\">\u201cVamos lutar para que a Enel preste um servi\u00e7o de qualidade nesta cidade. Conversamos sobre qualidade e solicitamos que descentralize o servi\u00e7o. Pedimos que usem o CRAS para que l\u00e1 possam tirar segunda via de conta, servi\u00e7os b\u00e1sicos. Protocolei projeto proibindo corte de energia na sexta. Isso \u00e9 uma covardia, a Enel chegar l\u00e1 e desligar a energia e esta ser religada na segunda ou ter\u00e7a\u201d.<\/span><\/p>\n<p style=\"text-align: justify;\"><span style=\"color: #000000;\">O vereador Felipe Auni (PSD) explicou que est\u00e1 reformulando projeto que pro\u00edba o corte de energia em determinados casos para ser enviado ao Executivo.<\/span><\/p>\n<p style=\"text-align: justify;\"><span style=\"color: #000000;\"><span style=\"color: #333399;\"><em>\u201cFiz um projeto parecido com esse na legisla\u00e7\u00e3o passada, mas o Executivo vetou. Faremos reformula\u00e7\u00f5es para que ele seja aprovado novamente nesta Casa e enviaremos ao Executivo\u201d<\/em><\/span>.<\/span><\/p>\n<p style=\"text-align: justify;\"><span style=\"color: #000000;\">O vereador Ismael Breve (DEM) pediu que a Enel d\u00ea aten\u00e7\u00e3o a dois postes localizados na ponte de Ponta Negra.<\/span><\/p>\n<p style=\"text-align: justify;\"><span style=\"color: #000000;\"><span style=\"color: #333399;\"><em>\u201cPedi a troca de dois postes que est\u00e3o caindo em Ponta Negra. Pedi ao presidente que mandasse of\u00edcio para a Enel. A diretora nos explicou que n\u00e3o \u00e9 f\u00e1cil fazer troca de postes porque tem v\u00e1rios fios. Aquilo \u00e9 horr\u00edvel. V\u00e1rios fios ca\u00eddos. A polui\u00e7\u00e3o visual \u00e9 muito ruim. Ouvimos da Enel ontem que o poste n\u00e3o \u00e9 somente dela\u201d<\/em><\/span>.<\/span><\/p>\n<p style=\"text-align: justify;\"><span style=\"color: #000000;\">Aldair de Linda (PT) pediu que o parlamentar fizesse um of\u00edcio solicitando o conserto dos postes. O vereador Filippe Poubel pediu aten\u00e7\u00e3o ao Sarem (Servi\u00e7o de Atendimento de Reabilita\u00e7\u00e3o Especial de Maric\u00e1). Ele quer novas unidades em locais como o terceiro e quarto distrito. Em resposta, Felipe Paiva explicou que far\u00e1 visita ao local.<\/span><\/p>\n<p style=\"text-align: justify;\"><span style=\"color: #000000;\">Ordem do Dia \u2013 Foi votado em segundo turno projeto de lei de autoria do vereador Felipe Paiva, que institui a Semana Municipal de Preven\u00e7\u00e3o, Conscientiza\u00e7\u00e3o e Combate ao Uso de Drogas. Tamb\u00e9m foi votado PL do mesmo vereador que disp\u00f5e sobre a Cria\u00e7\u00e3o da Festa da Ro\u00e7a Gospel.<\/span><\/p>\n<p style=\"text-align: justify;\"><span style=\"color: #000000;\">Foi votado em segundo turno projeto de lei do vereador Rony Perterson, que denomina a quadra de esporte e lazer, situada na lagoa do Marine em S\u00e3o Jos\u00e9 de Imbassa\u00ed, no Bairro do Marine, de Quadra de Esportes e Lazer Maria das Gra\u00e7as de Souza Cruz.<\/span><\/p>\n<p style=\"text-align: justify;\"><span style=\"color: #000000;\">Os parlamentares votaram em primeiro turno o projeto do Poder Executivo que define os empreendimentos e atividades, privados ou p\u00fablicos, em \u00e1rea urbana, no munic\u00edpio de Maric\u00e1, que depender\u00e3o da elabora\u00e7\u00e3o de Estudo Pr\u00e9vio de Impacto de Vizinhan\u00e7a (EIV), para obter do poder p\u00fablico as aprova\u00e7\u00f5es de projetos e alvar\u00e1s de licen\u00e7as que menciona, estabelecendo os requisitos, elementos, medidas, participa\u00e7\u00e3o social e etapas, para elabora\u00e7\u00e3o, an\u00e1lise e julgamento do EIV, bem como institui a contrapartida municipal urbana.<\/span><\/p>\n<p style=\"text-align: justify;\"><span style=\"color: #000000;\">Foram votadas e aprovadas mo\u00e7\u00f5es de autoria do vereador Felipe Paiva, ao corretor de im\u00f3veis Geraldo Silva jacinto, h\u00e1 43 anos militando na regi\u00e3o, sendo considerado um exemplo de profissional no exerc\u00edcio de sua atividade e ao pastor Edvaldo Baldow pelos sete anos de dedica\u00e7\u00e3o como pastor da Igreja Evang\u00e9lica Miss\u00e3o Vida do Parque El Dourado.<\/span><\/p>\n<p style=\"text-align: justify;\"><span style=\"color: #000000;\">Tamb\u00e9m foram votadas mo\u00e7\u00f5es do vereador Frank Costa, a Luciana Estrela Rangel, professora da rede estadual de ensino; ao Alan de Souza Silveira da empresa A.S Silveira autope\u00e7as acess\u00f3rios e servi\u00e7os LTDA e a Associa\u00e7\u00e3o Pestalozzi de Maric\u00e1 na pessoa de sua presidente Maria Aparecida de Carvalho Siqueira Garcia.<\/span><\/p>\n<p style=\"text-align: justify;\"><span style=\"color: #000000;\">Entrega de mo\u00e7\u00f5es \u2013 Durante a sess\u00e3o desta segunda foram entregues algumas mo\u00e7\u00f5es. O vereador Marcus Bambam entregou mo\u00e7\u00e3o \u00e0 comiss\u00e3o t\u00e9cnica do Esporte Clube Maric\u00e1. Os esportistas tamb\u00e9m foram muito parabenizados, principalmente por terem ficado em terceiro lugar no campeonato estadual.<\/span><\/p>\n<p style=\"text-align: justify;\"><span style=\"color: #000000;\">\u201cParabenizo esses meninos e ao Thiago que vem lutando perante a sociedade, mas se dedicando com muito amor e carinho, ensinando esses meninos a respeitarem o espa\u00e7o de cada um\u201d, disse Bambam.<\/span><\/p>\n<p style=\"text-align: justify;\"><span style=\"color: #000000;\">O vereador Frank Costa entregou a mo\u00e7\u00e3o \u00e0 Associa\u00e7\u00e3o Pestalozzi, na pessoa de sua presidente Maria Aparecida de Carvalho Siqueira Garcia.<\/span><\/p>\n<p style=\"text-align: justify;\"><span style=\"color: #000000;\">\u201cHoje \u00e9 o Dia Municipal do Movimento Pestalozziano. A Pestalozzi faz um \u00f3timo trabalho l\u00e1. \u00c9 um trabalho maravilhoso\u201d.<\/span><\/p>\n<p style=\"text-align: justify;\"><span style=\"color: #000000;\">J\u00e1 Marcinho entregou mo\u00e7\u00e3o ao m\u00e9dico Andr\u00e9 Farah.<\/span><\/p>\n<p style=\"text-align: justify;\">Fonte: Imprensa\/C\u00e2mara Municipal de Maric\u00e1-RJ<\/p>\n","protected":false},"excerpt":{"rendered":"<p>Maric\u00e1, Novembro, 2017 &#8211; Os vereadores mais uma vez falaram do servi\u00e7o prestado pela Enel no munic\u00edpio durante sess\u00e3o ordin\u00e1ria ocorrida na manh\u00e3 desta quarta-feira (29). No entanto, eles alertaram que a concession\u00e1ria prometeu melhorias no fornecimento de energia el\u00e9trica para Maric\u00e1. A promessa foi feita durante visita dos parlamentares \u00e0 sede da companhia no [&hellip;]<\/p>\n","protected":false},"author":1,"featured_media":0,"comment_status":"open","ping_status":"open","sticky":false,"template":"","format":"standard","meta":{"_uag_custom_page_level_css":"","footnotes":""},"categories":[27],"tags":[1723,2244,2479,3019,4281,4288,7295,9100,10924,10935],"class_list":["post-8427","post","type-post","status-publish","format-standard","hentry","category-acontece","tag-camara-municipal-de-marica-rj","tag-cidadania","tag-comissao-de-defesa-do-consumidor","tag-contas-de-luz-muito-caras","tag-enel","tag-energia","tag-marica-rj","tag-populacao-cobra-providencias-sobre-aumento-das-tarifas","tag-servico-ruim-prestado-pela-enel","tag-servicos-caros-de-energia"],"blocksy_meta":[],"spectra_blocks_featured_image_url":null,"spectra_blocks_author_info":{"display_name":"Jornal da Constru\u00e7\u00e3o Civil","avatar_url":"https:\/\/secure.gravatar.com\/avatar\/973c9774fd44ddaceb026973c4962faa70fc512bc4c9da68e8ebb40fecee6540?s=96&d=mm&r=g","author_link":"https:\/\/construcaocivil.siriusmarketingedesign.com.br\/?author=1","description":"Desde de 2013, levando muitas informa\u00e7\u00f5es, lan\u00e7amentos e produtos de qualidade para toda cadeia produtiva da constru\u00e7\u00e3o. O Futuro da constru\u00e7\u00e3o passa por aqui,"},"uagb_featured_image_src":{"full":false,"thumbnail":false,"medium":false,"medium_large":false,"large":false,"1536x1536":false,"2048x2048":false},"uagb_author_info":{"display_name":"Jornal da Constru\u00e7\u00e3o Civil","author_link":"https:\/\/construcaocivil.siriusmarketingedesign.com.br\/?author=1"},"uagb_comment_info":0,"uagb_excerpt":"Maric\u00e1, Novembro, 2017 &#8211; Os vereadores mais uma vez falaram do servi\u00e7o prestado pela Enel no munic\u00edpio durante sess\u00e3o ordin\u00e1ria ocorrida na manh\u00e3 desta quarta-feira (29). No entanto, eles alertaram que a concession\u00e1ria prometeu melhorias no fornecimento de energia el\u00e9trica para Maric\u00e1. A promessa foi feita durante visita dos parlamentares \u00e0 sede da companhia no&hellip;","_links":{"self":[{"href":"https:\/\/construcaocivil.siriusmarketingedesign.com.br\/index.php?rest_route=\/wp\/v2\/posts\/8427","targetHints":{"allow":["GET"]}}],"collection":[{"href":"https:\/\/construcaocivil.siriusmarketingedesign.com.br\/index.php?rest_route=\/wp\/v2\/posts"}],"about":[{"href":"https:\/\/construcaocivil.siriusmarketingedesign.com.br\/index.php?rest_route=\/wp\/v2\/types\/post"}],"author":[{"embeddable":true,"href":"https:\/\/construcaocivil.siriusmarketingedesign.com.br\/index.php?rest_route=\/wp\/v2\/users\/1"}],"replies":[{"embeddable":true,"href":"https:\/\/construcaocivil.siriusmarketingedesign.com.br\/index.php?rest_route=%2Fwp%2Fv2%2Fcomments&post=8427"}],"version-history":[{"count":0,"href":"https:\/\/construcaocivil.siriusmarketingedesign.com.br\/index.php?rest_route=\/wp\/v2\/posts\/8427\/revisions"}],"wp:attachment":[{"href":"https:\/\/construcaocivil.siriusmarketingedesign.com.br\/index.php?rest_route=%2Fwp%2Fv2%2Fmedia&parent=8427"}],"wp:term":[{"taxonomy":"category","embeddable":true,"href":"https:\/\/construcaocivil.siriusmarketingedesign.com.br\/index.php?rest_route=%2Fwp%2Fv2%2Fcategories&post=8427"},{"taxonomy":"post_tag","embeddable":true,"href":"https:\/\/construcaocivil.siriusmarketingedesign.com.br\/index.php?rest_route=%2Fwp%2Fv2%2Ftags&post=8427"}],"curies":[{"name":"wp","href":"https:\/\/api.w.org\/{rel}","templated":true}]}}