{"id":8431,"date":"2017-11-30T19:16:48","date_gmt":"2017-11-30T22:16:48","guid":{"rendered":"https:\/\/jornaldaconstrucaocivil.com.br\/?p=8431"},"modified":"2017-11-30T19:16:48","modified_gmt":"2017-11-30T22:16:48","slug":"industria-brasileira-do-aco-nao-recupera-as-perdas-dos-ultimos-3-anos","status":"publish","type":"post","link":"https:\/\/construcaocivil.siriusmarketingedesign.com.br\/?p=8431","title":{"rendered":"A\u00e7o: crise persiste e setor n\u00e3o recupera as perdas dos \u00faltimos 3 anos"},"content":{"rendered":"<p style=\"text-align: justify;\"><strong><span style=\"color: #000000;\">Preserva\u00e7\u00e3o do mercado interno contra as importa\u00e7\u00f5es desleais e o incremento das exporta\u00e7\u00f5es s\u00e3o as prioridades<\/span><\/strong><\/p>\n<p style=\"text-align: justify;\"><span style=\"color: #000000;\"><span style=\"color: #993300;\">Rio, Novembro, 2017<\/span> &#8211; O crescimento da atividade econ\u00f4mica nacional \u00e9 lento e ainda n\u00e3o suficiente para que a ind\u00fastria brasileira do a\u00e7o se recupere da pior crise de sua hist\u00f3ria. A previs\u00e3o do Instituto A\u00e7o Brasil de vendas internas \u00e9 de aumento de 1,2%, em 2017, t\u00edmido para compensar a queda acumulada de 32,2%, de 2013 a 2016. A produ\u00e7\u00e3o deve aumentar 9,2% em rela\u00e7\u00e3o ao ano passado, devido \u00e0 entrada em opera\u00e7\u00e3o da Companhia Sider\u00fargica do Pec\u00e9m (CSP), enquanto o consumo aparente de a\u00e7o deve crescer 5,2% em 2017. Consumo este significativamente suprido pelas importa\u00e7\u00f5es, cuja previs\u00e3o de crescimento \u00e9 de 33,5% este ano.<\/span><\/p>\n<p style=\"text-align: justify;\"><span style=\"color: #000000;\">Tal fato refor\u00e7a a necessidade do Governo brasileiro estar atento a medidas \u00e1geis e eficazes de defesa comercial contra pr\u00e1ticas abusivas de com\u00e9rcio praticadas por outros pa\u00edses, como \u00e9 o caso do antidumping de bobinas a quente.<\/span><\/p>\n<p style=\"text-align: justify;\"><span style=\"color: #000000;\">No curto prazo, devido ao baixo n\u00edvel de utiliza\u00e7\u00e3o da capacidade instalada, em m\u00e9dia de 63%, a sa\u00edda das empresas aqui instaladas para manter n\u00edvel m\u00ednimo de suas opera\u00e7\u00f5es \u00e9 a exporta\u00e7\u00e3o. A previs\u00e3o do A\u00e7o Brasil \u00e9 que as exporta\u00e7\u00f5es de a\u00e7o cres\u00e7am 14,5% este ano na compara\u00e7\u00e3o com 2016, ressaltando-se que este aumento em rela\u00e7\u00e3o ao ano anterior deve-se \u00e0s exporta\u00e7\u00f5es da CSP.<\/span><\/p>\n<p style=\"text-align: justify;\"><span style=\"color: #000000;\">Para a efetiva recupera\u00e7\u00e3o n\u00e3o s\u00f3 da ind\u00fastria do a\u00e7o, mas da ind\u00fastria de transforma\u00e7\u00e3o em geral \u00e9 preciso que o Governo brasileiro corrija as assimetrias competitivas, como elevados custos financeiros e cumulatividade de tributos e concretize as reformas trabalhista e tribut\u00e1ria. Outra quest\u00e3o relevante \u00e9 a eleva\u00e7\u00e3o da al\u00edquota do Reintegra para 5% para ressarcir os res\u00edduos tribut\u00e1rios embutidos nas exporta\u00e7\u00f5es dos produtos brasileiros.<\/span><\/p>\n<p style=\"text-align: justify;\"><span style=\"color: #000000;\">Sem a corre\u00e7\u00e3o das assimetrias competitivas e da retomada dos investimentos em infraestrutura, a estimativa do A\u00e7o Brasil \u00e9 de que as vendas de a\u00e7o no mercado interno s\u00f3 retornar\u00e3o aos n\u00edveis de 2013 em 2028, ou seja, 15 anos depois!<\/span><\/p>\n<p style=\"text-align: justify;\"><span style=\"color: #000000;\">A expectativa do setor \u00e9 que o governo implemente concretamente as obras de infraestrutura, assim como sejam mantidas as regras de conte\u00fado local como sinais de alento no m\u00e9dio prazo para a ind\u00fastria no Brasil.<\/span><\/p>\n<p style=\"text-align: justify;\"><span style=\"color: #000000;\">Cabe refor\u00e7ar o aumento, em 2017, de medidas de defesa comercial no mercado internacional, por press\u00e3o do excedente de capacidade produtiva no mundo, especialmente na China, levando a pr\u00e1ticas predat\u00f3rias de com\u00e9rcio e pre\u00e7os depreciados. Exemplo relevante \u00e9 a decis\u00e3o anunciada pelo presidente Donald Trump de abrir investiga\u00e7\u00e3o para barrar o ingresso de a\u00e7o de outros pa\u00edses sob a<span style=\"color: #993300;\"> &#8220;\u00e9gide&#8221;<\/span> da seguran\u00e7a nacional, com base na Se\u00e7\u00e3o 232.<\/span><\/p>\n<p style=\"text-align: justify;\"><span style=\"color: #000000;\">J\u00e1 no Brasil, a expectativa do setor \u00e9 que o governo implemente medidas leg\u00edtimas de defesa comercial para se proteger de pr\u00e1ticas desleais de com\u00e9rcio adotadas pelos pa\u00edses. No caso do antidumping de bobinas a quente, por exemplo, o MDIC (Minist\u00e9rio da Ind\u00fastria, Com\u00e9rcio Exterior e Servi\u00e7os) avaliou o processo e constatou claramente a ocorr\u00eancia de dumping praticado por empresas chinesas e russas e o dano \u00e0 ind\u00fastria nacional.<\/span><\/p>\n<p style=\"text-align: justify;\"><span style=\"color: #993300;\">Fonte: Imprensa\/Instituto A\u00e7o Brasil<\/span><\/p>\n<p>&nbsp;<\/p>\n","protected":false},"excerpt":{"rendered":"<p>Preserva\u00e7\u00e3o do mercado interno contra as importa\u00e7\u00f5es desleais e o incremento das exporta\u00e7\u00f5es s\u00e3o as prioridades Rio, Novembro, 2017 &#8211; O crescimento da atividade econ\u00f4mica nacional \u00e9 lento e ainda n\u00e3o suficiente para que a ind\u00fastria brasileira do a\u00e7o se recupere da pior crise de sua hist\u00f3ria. A previs\u00e3o do Instituto A\u00e7o Brasil de vendas [&hellip;]<\/p>\n","protected":false},"author":1,"featured_media":0,"comment_status":"open","ping_status":"open","sticky":false,"template":"","format":"standard","meta":{"_uag_custom_page_level_css":"","footnotes":""},"categories":[12591],"tags":[399,403,1354,2826,2895,3026,3213,4196,6020,7426,7579,7747],"class_list":["post-8431","post","type-post","status-publish","format-standard","hentry","category-produtos","tag-aco","tag-aco-brasileiro-de-excelente-qualidade","tag-bens-de-capital","tag-construcao-civil","tag-construcao-naval","tag-conteudo-local-precisa-ser-revisado","tag-crise-no-setor-do-aco-brasileiro-persiste","tag-empresas-chinesas-e-russas","tag-industria-brasileira","tag-medidas-antidumping-de-bobinas-a-quente","tag-mercado-interno","tag-ministro-da-fazenda-segue-medidas-equivocadas-em-relacao-a-industria-do-aco"],"blocksy_meta":[],"spectra_blocks_featured_image_url":null,"spectra_blocks_author_info":{"display_name":"Jornal da Constru\u00e7\u00e3o Civil","avatar_url":"https:\/\/secure.gravatar.com\/avatar\/973c9774fd44ddaceb026973c4962faa70fc512bc4c9da68e8ebb40fecee6540?s=96&d=mm&r=g","author_link":"https:\/\/construcaocivil.siriusmarketingedesign.com.br\/?author=1","description":"Desde de 2013, levando muitas informa\u00e7\u00f5es, lan\u00e7amentos e produtos de qualidade para toda cadeia produtiva da constru\u00e7\u00e3o. O Futuro da constru\u00e7\u00e3o passa por aqui,"},"uagb_featured_image_src":{"full":false,"thumbnail":false,"medium":false,"medium_large":false,"large":false,"1536x1536":false,"2048x2048":false},"uagb_author_info":{"display_name":"Jornal da Constru\u00e7\u00e3o Civil","author_link":"https:\/\/construcaocivil.siriusmarketingedesign.com.br\/?author=1"},"uagb_comment_info":0,"uagb_excerpt":"Preserva\u00e7\u00e3o do mercado interno contra as importa\u00e7\u00f5es desleais e o incremento das exporta\u00e7\u00f5es s\u00e3o as prioridades Rio, Novembro, 2017 &#8211; O crescimento da atividade econ\u00f4mica nacional \u00e9 lento e ainda n\u00e3o suficiente para que a ind\u00fastria brasileira do a\u00e7o se recupere da pior crise de sua hist\u00f3ria. A previs\u00e3o do Instituto A\u00e7o Brasil de vendas&hellip;","_links":{"self":[{"href":"https:\/\/construcaocivil.siriusmarketingedesign.com.br\/index.php?rest_route=\/wp\/v2\/posts\/8431","targetHints":{"allow":["GET"]}}],"collection":[{"href":"https:\/\/construcaocivil.siriusmarketingedesign.com.br\/index.php?rest_route=\/wp\/v2\/posts"}],"about":[{"href":"https:\/\/construcaocivil.siriusmarketingedesign.com.br\/index.php?rest_route=\/wp\/v2\/types\/post"}],"author":[{"embeddable":true,"href":"https:\/\/construcaocivil.siriusmarketingedesign.com.br\/index.php?rest_route=\/wp\/v2\/users\/1"}],"replies":[{"embeddable":true,"href":"https:\/\/construcaocivil.siriusmarketingedesign.com.br\/index.php?rest_route=%2Fwp%2Fv2%2Fcomments&post=8431"}],"version-history":[{"count":0,"href":"https:\/\/construcaocivil.siriusmarketingedesign.com.br\/index.php?rest_route=\/wp\/v2\/posts\/8431\/revisions"}],"wp:attachment":[{"href":"https:\/\/construcaocivil.siriusmarketingedesign.com.br\/index.php?rest_route=%2Fwp%2Fv2%2Fmedia&parent=8431"}],"wp:term":[{"taxonomy":"category","embeddable":true,"href":"https:\/\/construcaocivil.siriusmarketingedesign.com.br\/index.php?rest_route=%2Fwp%2Fv2%2Fcategories&post=8431"},{"taxonomy":"post_tag","embeddable":true,"href":"https:\/\/construcaocivil.siriusmarketingedesign.com.br\/index.php?rest_route=%2Fwp%2Fv2%2Ftags&post=8431"}],"curies":[{"name":"wp","href":"https:\/\/api.w.org\/{rel}","templated":true}]}}