{"id":8434,"date":"2017-11-30T19:32:36","date_gmt":"2017-11-30T22:32:36","guid":{"rendered":"https:\/\/jornaldaconstrucaocivil.com.br\/?p=8434"},"modified":"2021-04-05T21:19:36","modified_gmt":"2021-04-06T00:19:36","slug":"gerdau-inaugura-sua-primeira-loja-conceito-do-brasil-em-recife","status":"publish","type":"post","link":"https:\/\/construcaocivil.siriusmarketingedesign.com.br\/?p=8434","title":{"rendered":"Gerdau inaugura sua primeira loja conceito do Brasil em Recife"},"content":{"rendered":"<p style=\"text-align: justify;\"><span style=\"color: #000000;\"><span style=\"color: #993300;\">Novembro, 2017<\/span> &#8211; A Gerdau inaugurou ontem, 29 de novembro, em Recife, sua primeira loja conceito no Brasil, inspirada na transforma\u00e7\u00e3o digital iniciada pela empresa nos \u00faltimos anos. A Comercial Gerdau est\u00e1 localizada na Avenida Marechal Mascarenhas de Moraes, n. 1736,\u00a0 via estrat\u00e9gica da capital pernambucana, e oportunizar\u00e1 experi\u00eancia de compra e interatividade in\u00e9dita no setor do a\u00e7o.<\/span><\/p>\n<p style=\"text-align: justify;\"><span style=\"color: #000000;\">A unidade comercial conta com a mais completa linha de produtos longos e planos, com foco no atendimento das demandas da ind\u00fastria da constru\u00e7\u00e3o civil, do agroneg\u00f3cio e do varejo. O grande diferencial da loja conceito \u00e9 a apresenta\u00e7\u00e3o dos produtos, que estar\u00e3o dispostos em showroom com QR Code, permitindo a visualiza\u00e7\u00e3o detalhada das especifica\u00e7\u00f5es t\u00e9cnicas com o uso de smartphones. A loja contar\u00e1 ainda com totens interativos, que dar\u00e3o acesso ao cat\u00e1logo de produtos, \u00f3culos 360\u00b0, de forma a possibilitar uma imers\u00e3o no processo produtivo com a visualiza\u00e7\u00e3o de um v\u00eddeo da produ\u00e7\u00e3o de a\u00e7o em 360\u00b0.<\/span><\/p>\n<p style=\"text-align: justify;\"><span style=\"color: #000000;\">A loja disponibilizar\u00e1 ainda wifi gr\u00e1tis e ter\u00e1 tamb\u00e9m o CG Connect, plataforma que trar\u00e1 agilidade e simplicidade na consulta da base de dados, gerando mais produtividade para a equipe de vendas e proximidade com os clientes. Com ela, o vendedor conseguir\u00e1 consultar informa\u00e7\u00f5es sobre estoque e pre\u00e7o, por exemplo, e implantar\u00e1 pedidos de vendas via tablet ou smartphone, em tempo real.<\/span><\/p>\n<p style=\"text-align: justify;\"><span style=\"color: #000000;\"><span style=\"color: #333399;\"><em>\u201cQueremos contribuir com a tomada de decis\u00e3o dos nossos clientes, apresentando o universo da nossa linha de produtos desde a concep\u00e7\u00e3o at\u00e9 a chegada nas lojas. Com a implanta\u00e7\u00e3o desse novo modelo de unidade comercial, pretendemos aumentar nossa base de clientes em at\u00e9 50% na regi\u00e3o\u201d<\/em><\/span>, destaca Mauro de Paula, diretor da Comercial Gerdau.<\/span><\/p>\n<p style=\"text-align: justify;\"><span style=\"color: #000000;\">A Comercial Gerdau opera com filiais com ampla presen\u00e7a geogr\u00e1fica no Brasil e atende mais de 80 mil clientes no pa\u00eds.<\/span><\/p>\n","protected":false},"excerpt":{"rendered":"<p>Novembro, 2017 &#8211; A Gerdau inaugurou ontem, 29 de novembro, em Recife, sua primeira loja conceito no Brasil, inspirada na transforma\u00e7\u00e3o digital iniciada pela empresa nos \u00faltimos anos. A Comercial Gerdau est\u00e1 localizada na Avenida Marechal Mascarenhas de Moraes, n. 1736,\u00a0 via estrat\u00e9gica da capital pernambucana, e oportunizar\u00e1 experi\u00eancia de compra e interatividade in\u00e9dita no [&hellip;]<\/p>\n","protected":false},"author":1,"featured_media":16122,"comment_status":"open","ping_status":"open","sticky":false,"template":"","format":"standard","meta":{"_uag_custom_page_level_css":"","footnotes":""},"categories":[33],"tags":[412,640,2826,5421,6982,7210,8287,9304,9946,10109,12274],"class_list":["post-8434","post","type-post","status-publish","format-standard","has-post-thumbnail","hentry","category-mercado","tag-aco-gerdau-50","tag-alvenaria","tag-construcao-civil","tag-gerdau-inaugura-sua-primeira-loja-conceito-do-brasi","tag-loja-ferramentas-em-geral","tag-maquinas-e-equipamentos","tag-novos-negocios","tag-pregos-para-obras","tag-recife-pe","tag-regiao-nordeste","tag-vendas-de-ferragens-e-produtos"],"blocksy_meta":[],"spectra_blocks_featured_image_url":{"thumbnail":{"url":"https:\/\/construcaocivil.siriusmarketingedesign.com.br\/wp-content\/uploads\/2017\/11\/AA-GERDAU-RECIFE-150x150.png","width":150,"height":150},"medium":{"url":"https:\/\/construcaocivil.siriusmarketingedesign.com.br\/wp-content\/uploads\/2017\/11\/AA-GERDAU-RECIFE-300x157.png","width":300,"height":157},"medium_large":{"url":"https:\/\/construcaocivil.siriusmarketingedesign.com.br\/wp-content\/uploads\/2017\/11\/AA-GERDAU-RECIFE.png","width":504,"height":264},"large":{"url":"https:\/\/construcaocivil.siriusmarketingedesign.com.br\/wp-content\/uploads\/2017\/11\/AA-GERDAU-RECIFE.png","width":504,"height":264},"full":{"url":"https:\/\/construcaocivil.siriusmarketingedesign.com.br\/wp-content\/uploads\/2017\/11\/AA-GERDAU-RECIFE.png","width":504,"height":264}},"spectra_blocks_author_info":{"display_name":"Jornal da Constru\u00e7\u00e3o Civil","avatar_url":"https:\/\/secure.gravatar.com\/avatar\/973c9774fd44ddaceb026973c4962faa70fc512bc4c9da68e8ebb40fecee6540?s=96&d=mm&r=g","author_link":"https:\/\/construcaocivil.siriusmarketingedesign.com.br\/?author=1","description":"Desde de 2013, levando muitas informa\u00e7\u00f5es, lan\u00e7amentos e produtos de qualidade para toda cadeia produtiva da constru\u00e7\u00e3o. O Futuro da constru\u00e7\u00e3o passa por aqui,"},"uagb_featured_image_src":{"full":["https:\/\/construcaocivil.siriusmarketingedesign.com.br\/wp-content\/uploads\/2017\/11\/AA-GERDAU-RECIFE.png",504,264,false],"thumbnail":["https:\/\/construcaocivil.siriusmarketingedesign.com.br\/wp-content\/uploads\/2017\/11\/AA-GERDAU-RECIFE-150x150.png",150,150,true],"medium":["https:\/\/construcaocivil.siriusmarketingedesign.com.br\/wp-content\/uploads\/2017\/11\/AA-GERDAU-RECIFE-300x157.png",300,157,true],"medium_large":["https:\/\/construcaocivil.siriusmarketingedesign.com.br\/wp-content\/uploads\/2017\/11\/AA-GERDAU-RECIFE.png",504,264,false],"large":["https:\/\/construcaocivil.siriusmarketingedesign.com.br\/wp-content\/uploads\/2017\/11\/AA-GERDAU-RECIFE.png",504,264,false],"1536x1536":["https:\/\/construcaocivil.siriusmarketingedesign.com.br\/wp-content\/uploads\/2017\/11\/AA-GERDAU-RECIFE.png",504,264,false],"2048x2048":["https:\/\/construcaocivil.siriusmarketingedesign.com.br\/wp-content\/uploads\/2017\/11\/AA-GERDAU-RECIFE.png",504,264,false]},"uagb_author_info":{"display_name":"Jornal da Constru\u00e7\u00e3o Civil","author_link":"https:\/\/construcaocivil.siriusmarketingedesign.com.br\/?author=1"},"uagb_comment_info":0,"uagb_excerpt":"Novembro, 2017 &#8211; A Gerdau inaugurou ontem, 29 de novembro, em Recife, sua primeira loja conceito no Brasil, inspirada na transforma\u00e7\u00e3o digital iniciada pela empresa nos \u00faltimos anos. A Comercial Gerdau est\u00e1 localizada na Avenida Marechal Mascarenhas de Moraes, n. 1736,\u00a0 via estrat\u00e9gica da capital pernambucana, e oportunizar\u00e1 experi\u00eancia de compra e interatividade in\u00e9dita no&hellip;","_links":{"self":[{"href":"https:\/\/construcaocivil.siriusmarketingedesign.com.br\/index.php?rest_route=\/wp\/v2\/posts\/8434","targetHints":{"allow":["GET"]}}],"collection":[{"href":"https:\/\/construcaocivil.siriusmarketingedesign.com.br\/index.php?rest_route=\/wp\/v2\/posts"}],"about":[{"href":"https:\/\/construcaocivil.siriusmarketingedesign.com.br\/index.php?rest_route=\/wp\/v2\/types\/post"}],"author":[{"embeddable":true,"href":"https:\/\/construcaocivil.siriusmarketingedesign.com.br\/index.php?rest_route=\/wp\/v2\/users\/1"}],"replies":[{"embeddable":true,"href":"https:\/\/construcaocivil.siriusmarketingedesign.com.br\/index.php?rest_route=%2Fwp%2Fv2%2Fcomments&post=8434"}],"version-history":[{"count":0,"href":"https:\/\/construcaocivil.siriusmarketingedesign.com.br\/index.php?rest_route=\/wp\/v2\/posts\/8434\/revisions"}],"wp:featuredmedia":[{"embeddable":true,"href":"https:\/\/construcaocivil.siriusmarketingedesign.com.br\/index.php?rest_route=\/wp\/v2\/media\/16122"}],"wp:attachment":[{"href":"https:\/\/construcaocivil.siriusmarketingedesign.com.br\/index.php?rest_route=%2Fwp%2Fv2%2Fmedia&parent=8434"}],"wp:term":[{"taxonomy":"category","embeddable":true,"href":"https:\/\/construcaocivil.siriusmarketingedesign.com.br\/index.php?rest_route=%2Fwp%2Fv2%2Fcategories&post=8434"},{"taxonomy":"post_tag","embeddable":true,"href":"https:\/\/construcaocivil.siriusmarketingedesign.com.br\/index.php?rest_route=%2Fwp%2Fv2%2Ftags&post=8434"}],"curies":[{"name":"wp","href":"https:\/\/api.w.org\/{rel}","templated":true}]}}