{"id":8444,"date":"2017-12-01T13:37:09","date_gmt":"2017-12-01T16:37:09","guid":{"rendered":"https:\/\/jornaldaconstrucaocivil.com.br\/?p=8444"},"modified":"2021-03-13T00:19:27","modified_gmt":"2021-03-13T03:19:27","slug":"fiscalizacao-encontra-trabalho-escravo-em-garimpo-no-amapa","status":"publish","type":"post","link":"https:\/\/construcaocivil.siriusmarketingedesign.com.br\/?p=8444","title":{"rendered":"Fiscaliza\u00e7\u00e3o encontra trabalho escravo em garimpo no Amap\u00e1"},"content":{"rendered":"<p style=\"text-align: justify;\"><em><strong><span style=\"color: #000000;\">A\u00e7\u00e3o foi deflagrada em garimpo do Louren\u00e7o no Amap\u00e1, a 400 km da capital Macap\u00e1<\/span><\/strong><\/em><\/p>\n<p style=\"text-align: justify;\"><span style=\"color: #000000;\"><span style=\"color: #993300;\">Dezembro, 2017<\/span> &#8211; Numa opera\u00e7\u00e3o conjunta com v\u00e1rios \u00f3rg\u00e3os, o Minist\u00e9rio do Trabalho realizou nesta quinta-feira (30) uma opera\u00e7\u00e3o de combate ao trabalho escravo no garimpo do Louren\u00e7o no Amap\u00e1, a 400 km da capital Macap\u00e1. No garimpo, foram encontrados trabalhadores submetidos \u00e0 situa\u00e7\u00e3o degradante de trabalho nas frentes de extra\u00e7\u00e3o de ouro.<\/span><\/p>\n<p style=\"text-align: justify;\"><span style=\"color: #000000;\">O ministro Ronaldo Nogueira reafirma o compromisso de luta por melhores condi\u00e7\u00f5es de trabalho e que as equipes de fiscaliza\u00e7\u00e3o seguir\u00e3o realizando opera\u00e7\u00f5es de combate ao trabalho escravo. \u201c\u00c9 imprescind\u00edvel que o trabalhador tenha condi\u00e7\u00f5es decentes, sal\u00e1rio justo e seguran\u00e7a para o desempenho de suas atividades\u201d, afirmou. \u201cO Brasil n\u00e3o pode tolerar a pr\u00e1tica do trabalho escravo, que \u00e9 um atentado contra a dignidade humana. Essas a\u00e7\u00f5es continuar\u00e3o a ser feitas de forma intensa\u201d, disse.<\/span><\/p>\n<p style=\"text-align: justify;\"><span style=\"color: #000000;\">De acordo com os depoimentos dos trabalhadores encontrados pela fiscaliza\u00e7\u00e3o do Grupo M\u00f3vel de Combate ao Trabalho Escravo, eles prestavam servi\u00e7o de explora\u00e7\u00e3o de lavras por interm\u00e9dio de autoriza\u00e7\u00e3o de uma cooperativa que fica com uma percentagem do ouro que eles conseguissem extrair das lavras.<\/span><\/p>\n<p style=\"text-align: justify;\"><span style=\"color: #000000;\">\u201cFizemos uma opera\u00e7\u00e3o em outubro de 2015 quando constamos que pessoas alheias \u00e0 cooperativa exploravam a \u00e1rea do garimpo, com a colabora\u00e7\u00e3o da cooperativa, que permitia apenas aos trabalhadores cadastrados explorassem a \u00e1rea determinada e repassasse o percentual \u00e1 cooperativa e aos donos das \u00e1reas\u201d, explica o coordenador da a\u00e7\u00e3o, Jos\u00e9 Weyne Marcelino.<\/span><\/p>\n<p style=\"text-align: justify;\"><span style=\"color: #000000;\">Segundo Weyne, v\u00e1rios trabalhadores foram encontrados em situa\u00e7\u00e3o degradante e ser\u00e3o resgatados pela fiscaliza\u00e7\u00e3o at\u00e9 a conclus\u00e3o da opera\u00e7\u00e3o, que termina na pr\u00f3xima quinta (07).<\/span><\/p>\n<p style=\"text-align: justify;\"><span style=\"color: #000000;\">Numa primeira lavra, foram encontrados seis trabalhadores que exploravam o garimpo sem as m\u00ednimas condi\u00e7\u00f5es de sa\u00fade e seguran\u00e7a, dormindo em barracos de lona ao relento, fazendo suas necessidades no mato e preparando sua comida em fog\u00f5es improvisados sujeitos a intemp\u00e9ries e ataques de animais predadores que circulam no local. Numa outra \u00e1rea, mais cinco trabalhadores foram identificados na mesma situa\u00e7\u00e3o.<\/span><\/p>\n<p style=\"text-align: justify;\"><span style=\"color: #000000;\">\u201cNotificamos a cooperativa e vamos iniciar o processo de identifica\u00e7\u00e3o e resgates de todos os trabalhadores nessa situa\u00e7\u00e3o degradante. Al\u00e9m desses, tem muitos outros explorados pelos donos das \u00e1reas. Eles ser\u00e3o identificados e ser\u00e3o chamados a cumprimentem as exig\u00eancias trabalhistas e pagamentos de verbas indenizat\u00f3rias, quando for o caso\u201d, explica o coordenador.<\/span><\/p>\n<p style=\"text-align: justify;\"><span style=\"color: #000000;\">A a\u00e7\u00e3o do Minist\u00e9rio ocorrida em 2015 deu in\u00edcio a um processo investigat\u00f3rio pelo Minist\u00e9rio P\u00fablico do Trabalho (MPT) e a Pol\u00edcia Federal que deflagrou nesta quinta-feira (30) a opera\u00e7\u00e3o Minamata. Durante a a\u00e7\u00e3o, foram feitas pris\u00f5es em tr\u00eas estados e investiga\u00e7\u00e3o de uma organiza\u00e7\u00e3o criminosa de explora\u00e7\u00e3o e comercializa\u00e7\u00e3o ilegal de ouro no Amap\u00e1. A PF, durante a a\u00e7\u00e3o conjunta, apreendeu documentos e cumpriu mandados de busca na cooperativa no garimpo do Loure\u00e7o.<\/span><\/p>\n<p style=\"text-align: justify;\"><span style=\"color: #000000;\">A cooperativa e todas as frentes de trabalho ser\u00e3o interditadas pela fiscaliza\u00e7\u00e3o, que vai fazer o resgate de todos os trabalhadores na \u00e1rea do garimpo.<\/span><\/p>\n<p style=\"text-align: justify;\"><span style=\"color: #000000;\">Tamb\u00e9m participaram da opera\u00e7\u00e3o o Departamento Nacional de Produ\u00e7\u00e3o Mineral (DNPM), o Ibama, a Pol\u00edcia Federal, o Minist\u00e9rio P\u00fablico do Trabalho (MPT) e Pol\u00edcia Rodovi\u00e1ria Federal (PRF).<\/span><\/p>\n<p style=\"text-align: justify;\"><span style=\"color: #993300;\">O resultado da opera\u00e7\u00e3o ser\u00e1 divulgado em coletiva de imprensa, nesta sexta (1\u00ba), \u00e0s 14h, na sede da Pol\u00edcia Federal, em Macap\u00e1.<\/span><\/p>\n<p style=\"text-align: justify;\">Fonte: Ascom\/ Minist\u00e9rio do Trabalho<\/p>\n","protected":false},"excerpt":{"rendered":"<p>A\u00e7\u00e3o foi deflagrada em garimpo do Louren\u00e7o no Amap\u00e1, a 400 km da capital Macap\u00e1 Dezembro, 2017 &#8211; Numa opera\u00e7\u00e3o conjunta com v\u00e1rios \u00f3rg\u00e3os, o Minist\u00e9rio do Trabalho realizou nesta quinta-feira (30) uma opera\u00e7\u00e3o de combate ao trabalho escravo no garimpo do Louren\u00e7o no Amap\u00e1, a 400 km da capital Macap\u00e1. No garimpo, foram encontrados [&hellip;]<\/p>\n","protected":false},"author":1,"featured_media":15945,"comment_status":"open","ping_status":"open","sticky":false,"template":"","format":"standard","meta":{"_uag_custom_page_level_css":"","footnotes":""},"categories":[27],"tags":[647,3459,5683,7720,7731,9051,11860,11934],"class_list":["post-8444","post","type-post","status-publish","format-standard","has-post-thumbnail","hentry","category-acontece","tag-amapa-macapa","tag-departamento-nacional-de-producao-mineral-dnpm","tag-grupo-movel-de-combate-ao-trabalho-escravo","tag-ministerio-do-trabalho","tag-ministerio-publico-do-trabalho-mpt","tag-policia-federal","tag-trabalho-escravo-em-garimpo-no-amapa","tag-trebalho-escravo"],"blocksy_meta":[],"spectra_blocks_featured_image_url":{"thumbnail":{"url":"https:\/\/construcaocivil.siriusmarketingedesign.com.br\/wp-content\/uploads\/2017\/12\/garimpo-do-Lourenco-no-Amapa-150x150.jpg","width":150,"height":150},"medium":{"url":"https:\/\/construcaocivil.siriusmarketingedesign.com.br\/wp-content\/uploads\/2017\/12\/garimpo-do-Lourenco-no-Amapa-300x170.jpg","width":300,"height":170},"medium_large":{"url":"https:\/\/construcaocivil.siriusmarketingedesign.com.br\/wp-content\/uploads\/2017\/12\/garimpo-do-Lourenco-no-Amapa.jpg","width":750,"height":425},"large":{"url":"https:\/\/construcaocivil.siriusmarketingedesign.com.br\/wp-content\/uploads\/2017\/12\/garimpo-do-Lourenco-no-Amapa.jpg","width":750,"height":425},"full":{"url":"https:\/\/construcaocivil.siriusmarketingedesign.com.br\/wp-content\/uploads\/2017\/12\/garimpo-do-Lourenco-no-Amapa.jpg","width":750,"height":425}},"spectra_blocks_author_info":{"display_name":"Jornal da Constru\u00e7\u00e3o Civil","avatar_url":"https:\/\/secure.gravatar.com\/avatar\/973c9774fd44ddaceb026973c4962faa70fc512bc4c9da68e8ebb40fecee6540?s=96&d=mm&r=g","author_link":"https:\/\/construcaocivil.siriusmarketingedesign.com.br\/?author=1","description":"Desde de 2013, levando muitas informa\u00e7\u00f5es, lan\u00e7amentos e produtos de qualidade para toda cadeia produtiva da constru\u00e7\u00e3o. O Futuro da constru\u00e7\u00e3o passa por aqui,"},"uagb_featured_image_src":{"full":["https:\/\/construcaocivil.siriusmarketingedesign.com.br\/wp-content\/uploads\/2017\/12\/garimpo-do-Lourenco-no-Amapa.jpg",750,425,false],"thumbnail":["https:\/\/construcaocivil.siriusmarketingedesign.com.br\/wp-content\/uploads\/2017\/12\/garimpo-do-Lourenco-no-Amapa-150x150.jpg",150,150,true],"medium":["https:\/\/construcaocivil.siriusmarketingedesign.com.br\/wp-content\/uploads\/2017\/12\/garimpo-do-Lourenco-no-Amapa-300x170.jpg",300,170,true],"medium_large":["https:\/\/construcaocivil.siriusmarketingedesign.com.br\/wp-content\/uploads\/2017\/12\/garimpo-do-Lourenco-no-Amapa.jpg",750,425,false],"large":["https:\/\/construcaocivil.siriusmarketingedesign.com.br\/wp-content\/uploads\/2017\/12\/garimpo-do-Lourenco-no-Amapa.jpg",750,425,false],"1536x1536":["https:\/\/construcaocivil.siriusmarketingedesign.com.br\/wp-content\/uploads\/2017\/12\/garimpo-do-Lourenco-no-Amapa.jpg",750,425,false],"2048x2048":["https:\/\/construcaocivil.siriusmarketingedesign.com.br\/wp-content\/uploads\/2017\/12\/garimpo-do-Lourenco-no-Amapa.jpg",750,425,false]},"uagb_author_info":{"display_name":"Jornal da Constru\u00e7\u00e3o Civil","author_link":"https:\/\/construcaocivil.siriusmarketingedesign.com.br\/?author=1"},"uagb_comment_info":0,"uagb_excerpt":"A\u00e7\u00e3o foi deflagrada em garimpo do Louren\u00e7o no Amap\u00e1, a 400 km da capital Macap\u00e1 Dezembro, 2017 &#8211; Numa opera\u00e7\u00e3o conjunta com v\u00e1rios \u00f3rg\u00e3os, o Minist\u00e9rio do Trabalho realizou nesta quinta-feira (30) uma opera\u00e7\u00e3o de combate ao trabalho escravo no garimpo do Louren\u00e7o no Amap\u00e1, a 400 km da capital Macap\u00e1. No garimpo, foram encontrados&hellip;","_links":{"self":[{"href":"https:\/\/construcaocivil.siriusmarketingedesign.com.br\/index.php?rest_route=\/wp\/v2\/posts\/8444","targetHints":{"allow":["GET"]}}],"collection":[{"href":"https:\/\/construcaocivil.siriusmarketingedesign.com.br\/index.php?rest_route=\/wp\/v2\/posts"}],"about":[{"href":"https:\/\/construcaocivil.siriusmarketingedesign.com.br\/index.php?rest_route=\/wp\/v2\/types\/post"}],"author":[{"embeddable":true,"href":"https:\/\/construcaocivil.siriusmarketingedesign.com.br\/index.php?rest_route=\/wp\/v2\/users\/1"}],"replies":[{"embeddable":true,"href":"https:\/\/construcaocivil.siriusmarketingedesign.com.br\/index.php?rest_route=%2Fwp%2Fv2%2Fcomments&post=8444"}],"version-history":[{"count":0,"href":"https:\/\/construcaocivil.siriusmarketingedesign.com.br\/index.php?rest_route=\/wp\/v2\/posts\/8444\/revisions"}],"wp:featuredmedia":[{"embeddable":true,"href":"https:\/\/construcaocivil.siriusmarketingedesign.com.br\/index.php?rest_route=\/wp\/v2\/media\/15945"}],"wp:attachment":[{"href":"https:\/\/construcaocivil.siriusmarketingedesign.com.br\/index.php?rest_route=%2Fwp%2Fv2%2Fmedia&parent=8444"}],"wp:term":[{"taxonomy":"category","embeddable":true,"href":"https:\/\/construcaocivil.siriusmarketingedesign.com.br\/index.php?rest_route=%2Fwp%2Fv2%2Fcategories&post=8444"},{"taxonomy":"post_tag","embeddable":true,"href":"https:\/\/construcaocivil.siriusmarketingedesign.com.br\/index.php?rest_route=%2Fwp%2Fv2%2Ftags&post=8444"}],"curies":[{"name":"wp","href":"https:\/\/api.w.org\/{rel}","templated":true}]}}