{"id":8478,"date":"2017-12-04T16:58:22","date_gmt":"2017-12-04T19:58:22","guid":{"rendered":"https:\/\/jornaldaconstrucaocivil.com.br\/?p=8478"},"modified":"2021-07-31T22:19:38","modified_gmt":"2021-08-01T01:19:38","slug":"vendas-do-varejo-de-material-de-construcao-crescem-3-em-novembro","status":"publish","type":"post","link":"https:\/\/construcaocivil.siriusmarketingedesign.com.br\/?p=8478","title":{"rendered":"Vendas do varejo de material de constru\u00e7\u00e3o crescem 3% em novembro"},"content":{"rendered":"<p style=\"text-align: justify;\"><span style=\"color: #000000;\"><em><strong>Desempenho \u00e9 sobre outubro de 2017. No acumulado do ano, setor tem alta de 5% acima do mesmo per\u00edodo do ano passado.<\/strong><\/em><\/span><\/p>\n<p style=\"text-align: justify;\"><span style=\"color: #000000;\"><span style=\"color: #993300;\">Dezembro, 2017<\/span> &#8211; As vendas do varejo de material de constru\u00e7\u00e3o cresceram 3% em novembro, na compara\u00e7\u00e3o com outubro de 2017. Na compara\u00e7\u00e3o com novembro do ano passado, o \u00edndice ficou 2% acima. Os dados s\u00e3o da Pesquisa Tracking mensal da Anamaco, que entrevistou 530 lojistas entre os dias 24 a 30 de novembro.<\/span><\/p>\n<p>&nbsp;<\/p>\n<p style=\"text-align: justify;\"><span style=\"color: #000000;\"><span style=\"color: #333399;\"><em>&#8220;Com esses resultados, o volume de vendas no acumulado do ano apresenta alta de 5%, se comparado ao mesmo per\u00edodo do ano passado. O \u00edndice \u00e9 o mesmo apresentado pelo setor nos \u00faltimos 12 meses&#8221;<\/em><\/span>, explica o presidente da Anamaco, Cl\u00e1udio Conz.<\/span><\/p>\n<p style=\"text-align: justify;\"><span style=\"color: #000000;\">Segundo o estudo, as regi\u00f5es Sul, Norte e Sudeste apresentaram as maiores varia\u00e7\u00f5es positivas no m\u00eas: 9%, 5% e 4%, respectivamente. No Nordeste o patamar ficou pr\u00f3ximo de outubro, e no Centro-Oeste houve retra\u00e7\u00e3o de 11%. <span style=\"color: #333399;\"><em>&#8220;As lojas com mais de 50 funcion\u00e1rios puxaram a alta do m\u00eas, pois apresentaram varia\u00e7\u00e3o de 10% em rela\u00e7\u00e3o a outubro. Isso mostra que o consumidor voltou a construir e reformar, pois \u00e9 para essas lojas que a maioria dos consumidores se dirige quando quer comprar em grandes quantidades&#8221;<\/em><\/span>,\u00a0 diz Conz, afirmando que as lojas menores s\u00e3o mais procuradas para compras de reposi\u00e7\u00e3o, quando a obra j\u00e1 est\u00e1 em andamento.<\/span><\/p>\n<p style=\"text-align: justify;\"><span style=\"color: #000000;\">O presidente da Anamaco, que participou na quarta-feira de uma reuni\u00e3o com o presidente Michel Temer e outros empres\u00e1rios do setor de com\u00e9rcio e servi\u00e7os, se mostrou confiante de que o varejo de material de constru\u00e7\u00e3o fechar\u00e1 o ano com dados positivos. <span style=\"color: #333399;\"><em>&#8220;A nossa expectativa \u00e9 encerrarmos 2017 com 5% de crescimento sobre 2016. O segundo semestre geralmente corresponde a 65% das vendas do ano, e tivemos uma melhora nas vendas tamb\u00e9m por conta da queda da infla\u00e7\u00e3o, que influencia positivamente a confian\u00e7a do consumidor&#8221;<\/em><\/span>, completa.<\/span><\/p>\n<p style=\"text-align: justify;\"><span style=\"color: #000000;\">Cerca de 29% dos entrevistados afirmaram que contrataram funcion\u00e1rios em novembro e 11% pretendem aumentar seu quadro no m\u00eas de dezembro. A pesquisa da Anamaco tamb\u00e9m indicou que 38% dos lojistas pretendem realizar investimentos nos pr\u00f3ximos 12 meses.<\/span><\/p>\n<p style=\"text-align: justify;\"><span style=\"color: #000000;\">A Pesquisa Tracking Anamaco tem o apoio da Anfacer, Abrafati e Instituto Crisotila Brasil.\u00a0<\/span><\/p>\n<p style=\"text-align: justify;\">Fonte: Imprensa\/Anamaco<\/p>\n","protected":false},"excerpt":{"rendered":"<p>Desempenho \u00e9 sobre outubro de 2017. No acumulado do ano, setor tem alta de 5% acima do mesmo per\u00edodo do ano passado. Dezembro, 2017 &#8211; As vendas do varejo de material de constru\u00e7\u00e3o cresceram 3% em novembro, na compara\u00e7\u00e3o com outubro de 2017. Na compara\u00e7\u00e3o com novembro do ano passado, o \u00edndice ficou 2% acima. [&hellip;]<\/p>\n","protected":false},"author":1,"featured_media":15998,"comment_status":"open","ping_status":"open","sticky":false,"template":"","format":"standard","meta":{"_uag_custom_page_level_css":"","footnotes":""},"categories":[33],"tags":[1888,2079,2990,7362,8170,10073,12216,12328],"class_list":["post-8478","post","type-post","status-publish","format-standard","has-post-thumbnail","hentry","category-mercado","tag-cartao-reforma","tag-centro-oeste","tag-consumidor-lentamente-voltar-a-construir","tag-material-de-construcao","tag-norte","tag-reformas-e-manutencao","tag-varejo-material-de-construcao","tag-vendas-no-final-de-ano"],"blocksy_meta":[],"spectra_blocks_featured_image_url":{"thumbnail":{"url":"https:\/\/construcaocivil.siriusmarketingedesign.com.br\/wp-content\/uploads\/2021\/03\/CBIC-AGORA-150x150.jpeg","width":150,"height":150},"medium":{"url":"https:\/\/construcaocivil.siriusmarketingedesign.com.br\/wp-content\/uploads\/2021\/03\/CBIC-AGORA-300x196.jpeg","width":300,"height":196},"medium_large":{"url":"https:\/\/construcaocivil.siriusmarketingedesign.com.br\/wp-content\/uploads\/2021\/03\/CBIC-AGORA-768x503.jpeg","width":768,"height":503},"large":{"url":"https:\/\/construcaocivil.siriusmarketingedesign.com.br\/wp-content\/uploads\/2021\/03\/CBIC-AGORA-1024x670.jpeg","width":1024,"height":670},"full":{"url":"https:\/\/construcaocivil.siriusmarketingedesign.com.br\/wp-content\/uploads\/2021\/03\/CBIC-AGORA.jpeg","width":1280,"height":838}},"spectra_blocks_author_info":{"display_name":"Jornal da Constru\u00e7\u00e3o Civil","avatar_url":"https:\/\/secure.gravatar.com\/avatar\/973c9774fd44ddaceb026973c4962faa70fc512bc4c9da68e8ebb40fecee6540?s=96&d=mm&r=g","author_link":"https:\/\/construcaocivil.siriusmarketingedesign.com.br\/?author=1","description":"Desde de 2013, levando muitas informa\u00e7\u00f5es, lan\u00e7amentos e produtos de qualidade para toda cadeia produtiva da constru\u00e7\u00e3o. O Futuro da constru\u00e7\u00e3o passa por aqui,"},"uagb_featured_image_src":{"full":["https:\/\/construcaocivil.siriusmarketingedesign.com.br\/wp-content\/uploads\/2021\/03\/CBIC-AGORA.jpeg",1280,838,false],"thumbnail":["https:\/\/construcaocivil.siriusmarketingedesign.com.br\/wp-content\/uploads\/2021\/03\/CBIC-AGORA-150x150.jpeg",150,150,true],"medium":["https:\/\/construcaocivil.siriusmarketingedesign.com.br\/wp-content\/uploads\/2021\/03\/CBIC-AGORA-300x196.jpeg",300,196,true],"medium_large":["https:\/\/construcaocivil.siriusmarketingedesign.com.br\/wp-content\/uploads\/2021\/03\/CBIC-AGORA-768x503.jpeg",768,503,true],"large":["https:\/\/construcaocivil.siriusmarketingedesign.com.br\/wp-content\/uploads\/2021\/03\/CBIC-AGORA-1024x670.jpeg",1024,670,true],"1536x1536":["https:\/\/construcaocivil.siriusmarketingedesign.com.br\/wp-content\/uploads\/2021\/03\/CBIC-AGORA.jpeg",1280,838,false],"2048x2048":["https:\/\/construcaocivil.siriusmarketingedesign.com.br\/wp-content\/uploads\/2021\/03\/CBIC-AGORA.jpeg",1280,838,false]},"uagb_author_info":{"display_name":"Jornal da Constru\u00e7\u00e3o Civil","author_link":"https:\/\/construcaocivil.siriusmarketingedesign.com.br\/?author=1"},"uagb_comment_info":0,"uagb_excerpt":"Desempenho \u00e9 sobre outubro de 2017. No acumulado do ano, setor tem alta de 5% acima do mesmo per\u00edodo do ano passado. Dezembro, 2017 &#8211; As vendas do varejo de material de constru\u00e7\u00e3o cresceram 3% em novembro, na compara\u00e7\u00e3o com outubro de 2017. Na compara\u00e7\u00e3o com novembro do ano passado, o \u00edndice ficou 2% acima.&hellip;","_links":{"self":[{"href":"https:\/\/construcaocivil.siriusmarketingedesign.com.br\/index.php?rest_route=\/wp\/v2\/posts\/8478","targetHints":{"allow":["GET"]}}],"collection":[{"href":"https:\/\/construcaocivil.siriusmarketingedesign.com.br\/index.php?rest_route=\/wp\/v2\/posts"}],"about":[{"href":"https:\/\/construcaocivil.siriusmarketingedesign.com.br\/index.php?rest_route=\/wp\/v2\/types\/post"}],"author":[{"embeddable":true,"href":"https:\/\/construcaocivil.siriusmarketingedesign.com.br\/index.php?rest_route=\/wp\/v2\/users\/1"}],"replies":[{"embeddable":true,"href":"https:\/\/construcaocivil.siriusmarketingedesign.com.br\/index.php?rest_route=%2Fwp%2Fv2%2Fcomments&post=8478"}],"version-history":[{"count":0,"href":"https:\/\/construcaocivil.siriusmarketingedesign.com.br\/index.php?rest_route=\/wp\/v2\/posts\/8478\/revisions"}],"wp:featuredmedia":[{"embeddable":true,"href":"https:\/\/construcaocivil.siriusmarketingedesign.com.br\/index.php?rest_route=\/wp\/v2\/media\/15998"}],"wp:attachment":[{"href":"https:\/\/construcaocivil.siriusmarketingedesign.com.br\/index.php?rest_route=%2Fwp%2Fv2%2Fmedia&parent=8478"}],"wp:term":[{"taxonomy":"category","embeddable":true,"href":"https:\/\/construcaocivil.siriusmarketingedesign.com.br\/index.php?rest_route=%2Fwp%2Fv2%2Fcategories&post=8478"},{"taxonomy":"post_tag","embeddable":true,"href":"https:\/\/construcaocivil.siriusmarketingedesign.com.br\/index.php?rest_route=%2Fwp%2Fv2%2Ftags&post=8478"}],"curies":[{"name":"wp","href":"https:\/\/api.w.org\/{rel}","templated":true}]}}