{"id":8483,"date":"2017-12-04T17:18:38","date_gmt":"2017-12-04T20:18:38","guid":{"rendered":"https:\/\/jornaldaconstrucaocivil.com.br\/?p=8483"},"modified":"2017-12-04T17:18:38","modified_gmt":"2017-12-04T20:18:38","slug":"alerj-vota-amanha-reducao-drastica-de-verbas-para-saneamento-e-meio-ambiente","status":"publish","type":"post","link":"https:\/\/construcaocivil.siriusmarketingedesign.com.br\/?p=8483","title":{"rendered":"ALERJ vota amanh\u00e3 redu\u00e7\u00e3o dr\u00e1stica de verbas para saneamento e meio ambiente"},"content":{"rendered":"<p style=\"text-align: justify;\"><span style=\"color: #000000;\"><span style=\"color: #993300;\">Rio, Dezembro, 2017<\/span> &#8211; ALERJ Vota amanh\u00e3 a proposta do Governador PEZ\u00c3O (PMDB)que objetiva reduzir drasticamente as verbas destinadas ao \u00a0<span style=\"color: #0000ff;\">Saneamento e\u00a0 Pol\u00edtica Ambiental:<\/span> entre 2003 e 2017, o FECAM perdeu quase 11 bilh\u00f5es de reais que deveriam ter sido investidos em saneamento ambiental.<\/span><\/p>\n<p style=\"text-align: justify;\"><span style=\"color: #993300;\">A vota\u00e7\u00e3o ser\u00e1 amanh\u00e3, 5 de Dezembro, \u00e0s 15h na Alerj (Pal\u00e1cio Tiradentes)<\/span><\/p>\n<p style=\"text-align: justify;\"><span style=\"color: #000000;\">Est\u00e1 na pauta da Alerj de amanh\u00e3 (dia 05\/12\/2017) a PEC No. 56\/2017 que pretende reduzir drasticamente os recursos do FECAM: a citada PEC pretende destinar para um fundo de seguran\u00e7a publica o montante de 5% (cinco por cento) do valor da compensa\u00e7\u00e3o financeira a que se refere o art. 20, \u00a71\u00ba, da Constitui\u00e7\u00e3o Federal, calculados na forma da lei, a que faz jus o Estado do Rio de Janeiro, quando se tratar de petr\u00f3leo e g\u00e1s extra\u00eddo da camada do pr\u00e9-sal.<\/span><\/p>\n<p style=\"text-align: justify;\"><span style=\"color: #333399;\"><strong>PEC No. 56\/2017<\/strong> <span style=\"color: #800080;\">EM 1\u00aa DISCUSS\u00c3O: PROPOSTA DE EMENDA CONSTITUCIONAL N\u00ba 56\/2017, DE AUTORIA DO PODER EXECUTIVO (MENSAGEM N\u00ba 34\/2017), QUE MODIFICA O ARTIGO 263 E ACRESCENTA OS PAR\u00c1GRAFOS 6\u00ba E 7\u00ba AO ARTIGO 183 DA CONSTITUI\u00c7\u00c3O DO ESTADO DO RIO DE JANEIRO.<\/span><\/span><\/p>\n<p style=\"text-align: justify;\"><span style=\"color: #000000;\">Tamb\u00e9m est\u00e1 em tramita\u00e7\u00e3o o PL 3478\/2017 que cria o Fundo Estadual de Investimentos e a\u00e7\u00f5es de Seguran\u00e7a P\u00fablica e Desenvolvimento social \u2013 FISED.<\/span><\/p>\n<p style=\"text-align: justify;\"><span style=\"color: #000000;\">Sabe-se que deixaram de ingressar no FECAM, nos \u00faltimos anos, a partir da redu\u00e7\u00e3o de 20% para apenas 5% (durante o governo Rosinha Garotinho), um valor bastante expressivo:* <strong><span style=\"color: #993300;\">estima-se que eram arrecadados R$ 300 milh\u00f5es por ano, que representavam 5%. Os 15% que deixaram de ser transferidos, durante esses anos todos, foi de R$ 900 milh\u00f5es por ano.<\/span><\/strong><\/span><\/p>\n<p style=\"text-align: justify;\"><span style=\"text-decoration: underline;\"><span style=\"color: #000000; text-decoration: underline;\">Logo em 12 anos deixaram de ser aplicados no FECAM cerca de R$ 10.800.000.000 (dez bilh\u00f5es e oitocentos milh\u00f5es) no Setor Ambiental do Estado do Rio de Janeiro.<\/span><\/span><\/p>\n<p style=\"text-align: justify;\"><strong><span style=\"color: #000000;\">Esse valor significa 3 vezes o que foi gasto na despolui\u00e7\u00e3o da Ba\u00eda de Guanabara, entre os anos de 1995 e 2006.<\/span><\/strong><\/p>\n<p style=\"text-align: justify;\"><span style=\"color: #000000;\">Neste sentido, o movimento Ba\u00eda Viva, fundado em 1990, requereu ao Minist\u00e9rio P\u00fablico Estadual a proposi\u00e7\u00e3o de uma A\u00e7\u00e3o Civil P\u00fablica Ambiental e para investigar eventuais crime de improbidade administrativa e exigir a realiza\u00e7\u00e3o de AUDITORIA T\u00c9CNICA-FINANCEIRA INDEPENDENTE NAS CONTAS DO FECAM visando apurar danos ao Er\u00e1rio p\u00fablico estadual. Al\u00e9m do citado bilion\u00e1rio rombo financeiro nas contas do FECAM; nota-se historicamente desvios de fun\u00e7\u00e3o no uso dos recursos oriundos desta compensa\u00e7\u00e3o ambiental (royalties).<\/span><\/p>\n<p style=\"text-align: justify;\"><span style=\"color: #000000;\">O Ba\u00eda Viva alerta que, se aprovados a PEC No. 56\/2017 e o PL 3478\/2017, estas medidas ampliar\u00e3o a atual grave crise ambiental e o risco de um colapso h\u00eddrico, uma vez que diversas obras e projetos de saneamento encontram-se paralisadas em fun\u00e7\u00e3o da decreta\u00e7\u00e3o da fal\u00eancia financeira do GOERJ, tais como as do <span style=\"color: #0000ff;\">PDBG (Programa de Despolui\u00e7\u00e3o da Ba\u00eda de Guanabara) e do PSAM (Programa de Saneamento dos Munic\u00edpios), a cargo da CEDAE e da SEA, respectivamente.<\/span><\/span><\/p>\n<p style=\"text-align: justify;\"><span style=\"color: #000000;\">O <strong>FECAM<\/strong>, historicamente, tem sido o principal financiador das pol\u00edticas p\u00fablicas de saneamento e de prote\u00e7\u00e3o ambiental: a redu\u00e7\u00e3o dr\u00e1stica deste fundo p\u00fablico provocar\u00e1 o aumento da desigualdade social e das injusti\u00e7as ambientais.<\/span><\/p>\n<p style=\"text-align: justify;\"><span style=\"color: #000000;\">O desmonte do <strong>Fundo Estadual de Conserva\u00e7\u00e3o Ambiental e Desenvolvimento Urbano (FECAM)<\/strong> impactar\u00e1 negativamente tamb\u00e9m a gest\u00e3o de Unidades de Conserva\u00e7\u00e3o da Natureza (UCNs), res\u00edduos s\u00f3lidos, preven\u00e7\u00e3o a inc\u00eandios florestais, preven\u00e7\u00e3o das inunda\u00e7\u00f5es, projetos de reflorestamento, educa\u00e7\u00e3o ambiental. monitoramento da balneabilidade das praias, etc.<\/span><\/p>\n<p>S\u00e9rgio Ricardo (Membro-fundador do Movimento Ba\u00eda Viva), acesse em<\/p>\n<p><span style=\"text-decoration: underline;\"><span style=\"color: #0000ff; text-decoration: underline;\">https:\/\/www.facebook.com\/BaiaViva123\/<\/span><\/span><\/p>\n","protected":false},"excerpt":{"rendered":"<p>Rio, Dezembro, 2017 &#8211; ALERJ Vota amanh\u00e3 a proposta do Governador PEZ\u00c3O (PMDB)que objetiva reduzir drasticamente as verbas destinadas ao \u00a0Saneamento e\u00a0 Pol\u00edtica Ambiental: entre 2003 e 2017, o FECAM perdeu quase 11 bilh\u00f5es de reais que deveriam ter sido investidos em saneamento ambiental. A vota\u00e7\u00e3o ser\u00e1 amanh\u00e3, 5 de Dezembro, \u00e0s 15h na Alerj [&hellip;]<\/p>\n","protected":false},"author":1,"featured_media":0,"comment_status":"open","ping_status":"open","sticky":false,"template":"","format":"standard","meta":{"_uag_custom_page_level_css":"","footnotes":""},"categories":[27],"tags":[591,592,3106,3967,4892,5292,5529,7922,8753,10604,12349],"class_list":["post-8483","post","type-post","status-publish","format-standard","hentry","category-acontece","tag-alerj","tag-alerj-vota-amanha-reducao-drastica-de-verbas-para-saneamento","tag-corte-de-verbas","tag-educacao-ambiental-monitoramento-da-balneabilidade-das-praias","tag-fecam","tag-fundo-estadual-de-conservacao-ambiental-e-desenvolvimento-urbano-fecam","tag-governador-pezao-corta-verba-para-meio-ambiente-e-saneamento-basico","tag-movimento-baia-viva","tag-pec-no-562017","tag-saneamento-urgente","tag-verbas-para-saneamento-e-saude"],"blocksy_meta":[],"spectra_blocks_featured_image_url":null,"spectra_blocks_author_info":{"display_name":"Jornal da Constru\u00e7\u00e3o Civil","avatar_url":"https:\/\/secure.gravatar.com\/avatar\/973c9774fd44ddaceb026973c4962faa70fc512bc4c9da68e8ebb40fecee6540?s=96&d=mm&r=g","author_link":"https:\/\/construcaocivil.siriusmarketingedesign.com.br\/?author=1","description":"Desde de 2013, levando muitas informa\u00e7\u00f5es, lan\u00e7amentos e produtos de qualidade para toda cadeia produtiva da constru\u00e7\u00e3o. O Futuro da constru\u00e7\u00e3o passa por aqui,"},"uagb_featured_image_src":{"full":false,"thumbnail":false,"medium":false,"medium_large":false,"large":false,"1536x1536":false,"2048x2048":false},"uagb_author_info":{"display_name":"Jornal da Constru\u00e7\u00e3o Civil","author_link":"https:\/\/construcaocivil.siriusmarketingedesign.com.br\/?author=1"},"uagb_comment_info":0,"uagb_excerpt":"Rio, Dezembro, 2017 &#8211; ALERJ Vota amanh\u00e3 a proposta do Governador PEZ\u00c3O (PMDB)que objetiva reduzir drasticamente as verbas destinadas ao \u00a0Saneamento e\u00a0 Pol\u00edtica Ambiental: entre 2003 e 2017, o FECAM perdeu quase 11 bilh\u00f5es de reais que deveriam ter sido investidos em saneamento ambiental. A vota\u00e7\u00e3o ser\u00e1 amanh\u00e3, 5 de Dezembro, \u00e0s 15h na Alerj&hellip;","_links":{"self":[{"href":"https:\/\/construcaocivil.siriusmarketingedesign.com.br\/index.php?rest_route=\/wp\/v2\/posts\/8483","targetHints":{"allow":["GET"]}}],"collection":[{"href":"https:\/\/construcaocivil.siriusmarketingedesign.com.br\/index.php?rest_route=\/wp\/v2\/posts"}],"about":[{"href":"https:\/\/construcaocivil.siriusmarketingedesign.com.br\/index.php?rest_route=\/wp\/v2\/types\/post"}],"author":[{"embeddable":true,"href":"https:\/\/construcaocivil.siriusmarketingedesign.com.br\/index.php?rest_route=\/wp\/v2\/users\/1"}],"replies":[{"embeddable":true,"href":"https:\/\/construcaocivil.siriusmarketingedesign.com.br\/index.php?rest_route=%2Fwp%2Fv2%2Fcomments&post=8483"}],"version-history":[{"count":0,"href":"https:\/\/construcaocivil.siriusmarketingedesign.com.br\/index.php?rest_route=\/wp\/v2\/posts\/8483\/revisions"}],"wp:attachment":[{"href":"https:\/\/construcaocivil.siriusmarketingedesign.com.br\/index.php?rest_route=%2Fwp%2Fv2%2Fmedia&parent=8483"}],"wp:term":[{"taxonomy":"category","embeddable":true,"href":"https:\/\/construcaocivil.siriusmarketingedesign.com.br\/index.php?rest_route=%2Fwp%2Fv2%2Fcategories&post=8483"},{"taxonomy":"post_tag","embeddable":true,"href":"https:\/\/construcaocivil.siriusmarketingedesign.com.br\/index.php?rest_route=%2Fwp%2Fv2%2Ftags&post=8483"}],"curies":[{"name":"wp","href":"https:\/\/api.w.org\/{rel}","templated":true}]}}