{"id":8485,"date":"2017-12-05T11:55:00","date_gmt":"2017-12-05T14:55:00","guid":{"rendered":"https:\/\/jornaldaconstrucaocivil.com.br\/?p=8485"},"modified":"2017-12-05T11:55:00","modified_gmt":"2017-12-05T14:55:00","slug":"brasilia-recebe-o-principal-evento-internacional-de-catadores-no-mundo","status":"publish","type":"post","link":"https:\/\/construcaocivil.siriusmarketingedesign.com.br\/?p=8485","title":{"rendered":"Bras\u00edlia recebe o principal evento internacional de catadores no mundo"},"content":{"rendered":"<p style=\"text-align: justify;\"><em><strong><span style=\"color: #000000;\">Expocatadores 2017 acontecer\u00e1 de 11 a 13 de dezembro, no\u00a0 Centro de Conven\u00e7\u00f5es Ulysses Guimar\u00e3es<\/span><\/strong><\/em><\/p>\n<p style=\"text-align: justify;\"><span style=\"color: #000000;\"><span style=\"color: #993300;\">Dezembro, 2017<\/span> &#8211; Nos dias 11, 12 e 13 de dezembro, Bras\u00edlia receber\u00e1 a 8\u00aa edi\u00e7\u00e3o da Expocatadores. O evento contar\u00e1 com o p\u00fablico de mais de 3 mil catadores e catadoras de materiais recicl\u00e1veis de 26 estados brasileiros e mais de 14 pa\u00edses da Am\u00e9rica Latina, \u00c1sia, \u00c1frica e Europa, al\u00e9m de quatro mil visitantes di\u00e1rios. Tamb\u00e9m est\u00e3o confirmadas presen\u00e7as de autoridades e convidados especiais, tais como os representantes do Minist\u00e9rio do Meio Ambiente, Governo do Distrito Federal, Minist\u00e9rio da Justi\u00e7a, Funda\u00e7\u00e3o Banco do Brasil e Itaipu.<\/span><\/p>\n<figure id=\"attachment_8486\" aria-describedby=\"caption-attachment-8486\" style=\"width: 288px\" class=\"wp-caption alignleft\"><a href=\"https:\/\/jornaldaconstrucaocivil.com.br\/wp-content\/uploads\/2017\/12\/Expocatadores-2016.jpg\"><img loading=\"lazy\" decoding=\"async\" class=\"wp-image-8486\" src=\"https:\/\/jornaldaconstrucaocivil.com.br\/wp-content\/uploads\/2017\/12\/Expocatadores-2016-300x225.jpg\" width=\"288\" height=\"216\" \/><\/a><figcaption id=\"caption-attachment-8486\" class=\"wp-caption-text\">Expocatadores 2016 &#8211; Arquivo<\/figcaption><\/figure>\n<p style=\"text-align: justify;\"><span style=\"color: #000000;\">A Expocatadores 2017 ter\u00e1 como tema central a<span style=\"color: #993300;\"> &#8220;Reciclagem Popular: o papel dos catadores na defesa do Planeta&#8221;<\/span>. Os debates e di\u00e1logos ser\u00e3o aglutinados a partir de tr\u00eas eixos: &#8220;A Gest\u00e3o de Res\u00edduos na agenda mundial e o desafio da preserva\u00e7\u00e3o do Planeta; o papel dos catadores e catadoras na constru\u00e7\u00e3o do uma agenda de desenvolvimento sustent\u00e1vel para o Planeta; e a implanta\u00e7\u00e3o da Pol\u00edtica Nacional de Res\u00edduos S\u00f3lidos no Brasil e seu Impacto Ambiental.<\/span><\/p>\n<p style=\"text-align: justify;\"><span style=\"color: #000000;\">A Solenidade de abertura, no dia 11, contar\u00e1 com a presen\u00e7a de autoridades e lideran\u00e7as de movimentos sociais do Brasil e Am\u00e9rica Latina, cujo tema do primeiro momento ser\u00e1 <span style=\"color: #0000ff;\">&#8220;Fortalecendo as lutas, avan\u00e7ando nas conquistas sociais e direitos a partir dos desafios da sociedade brasileira&#8221;<\/span>.J\u00e1 o segundo per\u00edodo deste dia abordar\u00e1 os desafios para constru\u00e7\u00e3o de uma agenda global em favor da preserva\u00e7\u00e3o do planeta e dos Objetivos do Desenvolvimento Sustent\u00e1vel (ODS), como a a\u00e7\u00e3o dos catadores pode contribuir neste pacto global. <\/span><\/p>\n<p style=\"text-align: justify;\"><span style=\"color: #000000;\">A programa\u00e7\u00e3o completa pode ser conferida no site: <span style=\"text-decoration: underline;\"><span style=\"color: #0000ff; text-decoration: underline;\">http:\/\/www.expocatadores.com.br\/<\/span><\/span><\/span><\/p>\n<p style=\"text-align: justify;\"><span style=\"color: #000000;\"><span style=\"color: #333399;\"><em>&#8220;O encontro pretende, ainda, reafirmar a import\u00e2ncia do catador de res\u00edduos s\u00f3lidos urbanos como profissional protagonista na cadeia de reciclagem e promover a imagem das organiza\u00e7\u00f5es de catadores como unidades coletivas de neg\u00f3cios e portadoras de capacidade t\u00e9cnica para atuar nas diferentes etapas do processo da reciclagem&#8221;<\/em><\/span>, destaca o representante da Ancat e do Movimento Nacional dos Catadores e Catadoras de Materiais Recicl\u00e1veis \u2013 MNCR, Roberto Rocha.<\/span><\/p>\n<p><span style=\"color: #000000;\">Servi\u00e7o<\/span><\/p>\n<p><span style=\"color: #000000;\">O que:<span style=\"color: #0000ff;\"> Expocatadores 2017<\/span><\/span><\/p>\n<p><span style=\"color: #000000;\">Onde:Centro de Conven\u00e7\u00f5es Ulysses Guimar\u00e3es CCUG<\/span><\/p>\n<p><span style=\"color: #000000;\">Endere\u00e7o: St. de Divulga\u00e7\u00e3o Cultural 05 Eixo Monumental &#8211; Bras\u00edlia, DF<\/span><\/p>\n<p><span style=\"color: #000000;\">Quando:11, 12 e 13 de dezembro<\/span><\/p>\n<p><span style=\"color: #000000;\">Hor\u00e1rio:A partir das 9h, exceto o dia11<\/span><\/p>\n<p><span style=\"color: #0000ff;\">www.expocatadores.com.br<\/span><\/p>\n<p><span style=\"color: #0000ff;\">www.mncr.org.br<\/span><\/p>\n<p>&nbsp;<\/p>\n","protected":false},"excerpt":{"rendered":"<p>Expocatadores 2017 acontecer\u00e1 de 11 a 13 de dezembro, no\u00a0 Centro de Conven\u00e7\u00f5es Ulysses Guimar\u00e3es Dezembro, 2017 &#8211; Nos dias 11, 12 e 13 de dezembro, Bras\u00edlia receber\u00e1 a 8\u00aa edi\u00e7\u00e3o da Expocatadores. O evento contar\u00e1 com o p\u00fablico de mais de 3 mil catadores e catadoras de materiais recicl\u00e1veis de 26 estados brasileiros e [&hellip;]<\/p>\n","protected":false},"author":1,"featured_media":8486,"comment_status":"open","ping_status":"open","sticky":false,"template":"","format":"standard","meta":{"_uag_custom_page_level_css":"","footnotes":""},"categories":[27],"tags":[269,492,512,681,962,1569,3592,4683,4695,4746,5265,6423,7931,8321,8331,9065],"class_list":["post-8485","post","type-post","status-publish","format-standard","has-post-thumbnail","hentry","category-acontece","tag-a-importancia-do-catador-de-residuos-solidos-urbanos","tag-africa","tag-agenda-de-desenvolvimento-sustentavel-para-o-planeta","tag-america-latina","tag-asia","tag-brasilia","tag-df","tag-europa","tag-evento-internacional-de-catadores","tag-expocatadores-2017","tag-fundacao-banco-do-brasil","tag-itaipu","tag-movimentos-sociais","tag-o-papel-dos-catadores-e-catadoras","tag-objetivos-do-desenvolvimento-sustentavel-ods","tag-politica-nacional-de-residuos-solidos"],"blocksy_meta":[],"spectra_blocks_featured_image_url":[],"spectra_blocks_author_info":{"display_name":"Jornal da Constru\u00e7\u00e3o Civil","avatar_url":"https:\/\/secure.gravatar.com\/avatar\/973c9774fd44ddaceb026973c4962faa70fc512bc4c9da68e8ebb40fecee6540?s=96&d=mm&r=g","author_link":"https:\/\/construcaocivil.siriusmarketingedesign.com.br\/?author=1","description":"Desde de 2013, levando muitas informa\u00e7\u00f5es, lan\u00e7amentos e produtos de qualidade para toda cadeia produtiva da constru\u00e7\u00e3o. O Futuro da constru\u00e7\u00e3o passa por aqui,"},"uagb_featured_image_src":{"full":false,"thumbnail":false,"medium":false,"medium_large":false,"large":false,"1536x1536":false,"2048x2048":false},"uagb_author_info":{"display_name":"Jornal da Constru\u00e7\u00e3o Civil","author_link":"https:\/\/construcaocivil.siriusmarketingedesign.com.br\/?author=1"},"uagb_comment_info":0,"uagb_excerpt":"Expocatadores 2017 acontecer\u00e1 de 11 a 13 de dezembro, no\u00a0 Centro de Conven\u00e7\u00f5es Ulysses Guimar\u00e3es Dezembro, 2017 &#8211; Nos dias 11, 12 e 13 de dezembro, Bras\u00edlia receber\u00e1 a 8\u00aa edi\u00e7\u00e3o da Expocatadores. O evento contar\u00e1 com o p\u00fablico de mais de 3 mil catadores e catadoras de materiais recicl\u00e1veis de 26 estados brasileiros e&hellip;","_links":{"self":[{"href":"https:\/\/construcaocivil.siriusmarketingedesign.com.br\/index.php?rest_route=\/wp\/v2\/posts\/8485","targetHints":{"allow":["GET"]}}],"collection":[{"href":"https:\/\/construcaocivil.siriusmarketingedesign.com.br\/index.php?rest_route=\/wp\/v2\/posts"}],"about":[{"href":"https:\/\/construcaocivil.siriusmarketingedesign.com.br\/index.php?rest_route=\/wp\/v2\/types\/post"}],"author":[{"embeddable":true,"href":"https:\/\/construcaocivil.siriusmarketingedesign.com.br\/index.php?rest_route=\/wp\/v2\/users\/1"}],"replies":[{"embeddable":true,"href":"https:\/\/construcaocivil.siriusmarketingedesign.com.br\/index.php?rest_route=%2Fwp%2Fv2%2Fcomments&post=8485"}],"version-history":[{"count":0,"href":"https:\/\/construcaocivil.siriusmarketingedesign.com.br\/index.php?rest_route=\/wp\/v2\/posts\/8485\/revisions"}],"wp:attachment":[{"href":"https:\/\/construcaocivil.siriusmarketingedesign.com.br\/index.php?rest_route=%2Fwp%2Fv2%2Fmedia&parent=8485"}],"wp:term":[{"taxonomy":"category","embeddable":true,"href":"https:\/\/construcaocivil.siriusmarketingedesign.com.br\/index.php?rest_route=%2Fwp%2Fv2%2Fcategories&post=8485"},{"taxonomy":"post_tag","embeddable":true,"href":"https:\/\/construcaocivil.siriusmarketingedesign.com.br\/index.php?rest_route=%2Fwp%2Fv2%2Ftags&post=8485"}],"curies":[{"name":"wp","href":"https:\/\/api.w.org\/{rel}","templated":true}]}}