{"id":8497,"date":"2017-12-05T19:42:28","date_gmt":"2017-12-05T22:42:28","guid":{"rendered":"https:\/\/jornaldaconstrucaocivil.com.br\/?p=8497"},"modified":"2017-12-05T19:42:28","modified_gmt":"2017-12-05T22:42:28","slug":"urgente-nao-permita-os-despejosdenatal-no-para","status":"publish","type":"post","link":"https:\/\/construcaocivil.siriusmarketingedesign.com.br\/?p=8497","title":{"rendered":"Urgente: N\u00c3O permita os #DespejosDeNatal no Par\u00e1"},"content":{"rendered":"<p style=\"text-align: justify;\"><span style=\"color: #000000;\"><span style=\"color: #993300;\">Dezembro, 2017<\/span> &#8211; J\u00e1 pensou ter dia e hora marcados para sair \u00e0 for\u00e7a de sua casa? Faltando alguns dias para o Natal, quando se celebra o nascimento do menino Jesus, pisca-piscas brilham e decoram \u00e1rvores coloridas, aproximando toda a fam\u00edlia no aconchego do lar. Mas as 300 fam\u00edlias do Acampamento Hugo Ch\u00e1vez, no Par\u00e1, com seus 150 meninos e meninas, ser\u00e3o arrancadas de suas casas devido a uma liminar de despejo e jogadas em alguma beira de estrada, sem casa, comida ou acesso \u00e0 escola.\u00a0<\/span><\/p>\n<p style=\"text-align: justify;\"><span style=\"color: #000000;\">Assim como no Acampamento Hugo Ch\u00e1vez, nesta regi\u00e3o de Marab\u00e1, desde o final do m\u00eas de outubro de 2017, cerca de 8 mil homens, mulheres e crian\u00e7as convivem, diariamente, com essa triste expectativa. Ser\u00e3o expulsas e expulsos de suas casas, com planta\u00e7\u00f5es destru\u00eddas, escolas vindo abaixo, assim como os sonhos de ter um lugar para viver.<\/span><\/p>\n<p style=\"text-align: justify;\"><span style=\"color: #000000;\">As liminares de despejo foram expedidas pela Vara Agr\u00e1ria de Marab\u00e1 e pelo Tribunal de Justi\u00e7a do Estado. Para despejar essas fam\u00edlias, o Governo do Estado do Par\u00e1 ordenou que cerca de 115 policiais do Batalh\u00e3o de Choque da Pol\u00edcia Militar permane\u00e7am na regi\u00e3o por tempo indeterminado para cumprir liminares em 20 fazendas localizadas nos munic\u00edpios pr\u00f3ximos de Marab\u00e1. <span style=\"color: #0000ff;\">(Obs: No documento abaixo, voc\u00ea entender\u00e1 melhor a situa\u00e7\u00e3o jur\u00eddica de algumas dessas \u00e1reas)<\/span><\/span><\/p>\n<p style=\"text-align: justify;\"><span style=\"color: #000000;\">No m\u00eas de novembro deste ano, para manifestar apoio aos camponeses e camponesas do Par\u00e1, a Miss\u00e3o Ecum\u00eanica Pau d\u00b4Arco, formada por l\u00edderes religiosos, representantes de movimentos populares, e organiza\u00e7\u00f5es de direitos humanos, visitou os acampamentos Jane J\u00falia e Hugo Ch\u00e1vez, ambos na lista de despejos.<\/span><\/p>\n<p style=\"text-align: justify;\"><span style=\"color: #000000;\">\u201cA hist\u00f3ria da concentra\u00e7\u00e3o de terras, de riqueza e de poder nas m\u00e3os de pouca gente deixa um rastro de sangue e mis\u00e9ria nas terras do Sul e Sudeste do Par\u00e1 h\u00e1 muitos anos\u201d, conclu\u00edram, em documento divulgado ap\u00f3s a Miss\u00e3o, os membros da comitiva. Veja a carta completa aqui:\u00a0:\u00a0<span style=\"text-decoration: underline;\"><span style=\"color: #0000ff;\"><a style=\"color: #0000ff; text-decoration: underline;\" href=\"http:\/\/nhp6.trk.elasticemail.com\/tracking\/click?msgid=oeavAN2uO9CfJP5YkjiBMw2&amp;target=https%3a%2f%2fgoo.gl%2fjcnJtx&amp;v=OfIuFvasLBdpcQ8EoDh8FA2&amp;lc=938157502988599354\" target=\"_blank\" rel=\"noreferrer\">https:\/\/goo.gl\/jcnJtx<\/a><\/span><\/span><\/span><\/p>\n<p style=\"text-align: justify;\"><span style=\"color: #000000;\">Crian\u00e7as, jovens, adultos, e idosos: todos e todas clamaram para que os membros da Miss\u00e3o Ecum\u00eanica ajudassem as fam\u00edlias a \u201cn\u00e3o serem jogadas fora na beira da estrada\u201d, como ressaltou uma professora e acampada do Hugo Ch\u00e1vez. Diante disso, faz-se necess\u00e1rio e urgente que nos mobilizemos para que milhares de pessoas n\u00e3o sejam tiradas \u00e0 for\u00e7a de seus lares.<\/span><\/p>\n<p style=\"text-align: justify;\"><span style=\"color: #000000;\">A Campanha <span style=\"color: #0000ff;\">#DespejosDeNatal<\/span> tem como objetivo mobilizar a sociedade civil brasileira e a comunidade internacional a sensibilizar e pressionar as autoridades p\u00fablicas do estado do Par\u00e1\u00a0 a suspender o despejo de cerca de 300 fam\u00edlias (e em torno de 150 crian\u00e7as) do Acampamento Hugo Ch\u00e1vez, que j\u00e1 t\u00eam data certa para acontecer: no dia 13 de dezembro, \u00e0s v\u00e9speras do Natal!<\/span><\/p>\n<p style=\"text-align: justify;\"><span style=\"color: #000000;\">AJUDE A EVITAR OS<span style=\"color: #0000ff;\"> #DespejosDeNatal!<\/span> ENVIE MENSAGENS AO GOVERNO DO ESTADO DO PAR\u00c1, \u00c0 VARA AGR\u00c1RIA E AO TRIBUNAL DE JUSTI\u00c7A DO ESTADO DO PAR\u00c1.<\/span><\/p>\n<p style=\"text-align: justify;\"><span style=\"color: #000000;\">OS CART\u00d5ES DE NATAL PERSONALIZADOS\u00a0 (EM PORTUGU\u00caS E INGL\u00caS) EST\u00c3O DISPON\u00cdVEIS AQUI:\u00a0<span style=\"text-decoration: underline;\"><span style=\"color: #0000ff; text-decoration: underline;\">https:\/\/goo.gl\/9LwNPZ<\/span><\/span><\/span><\/p>\n<p style=\"text-align: justify;\"><span style=\"color: #000000;\">ENVIE OS CART\u00d5ES PARA OS E-MAILS DAS AUTORIDADES:<\/span><\/p>\n<p><span style=\"color: #000000;\">Governo do Estado do Par\u00e1:<\/span> <span style=\"color: #0000ff;\">auxineri@gmail.com<\/span>; <span style=\"color: #0000ff;\">institucional@pa.gov.br<\/span><\/p>\n<p><span style=\"color: #000000;\">Vice-Governadoria do Par\u00e1:<\/span> <span style=\"color: #0000ff;\">vicegov.pa@gmail.com<\/span><\/p>\n<p><span style=\"color: #000000;\">Juiz da Vara Agr\u00e1ria Par\u00e1<\/span>: <span style=\"color: #0000ff;\">amarildo.mazutti@tjpa.jus.br<\/span><\/p>\n<p><span style=\"color: #000000;\">Tribunal de Justi\u00e7a do Par\u00e1:<\/span> <span style=\"color: #0000ff;\">des.ricardo.nunes@tjpa.jus.br<\/span><\/p>\n<p><span style=\"color: #000000;\">Procuradoria Geral do Estado:<\/span><span style=\"color: #0000ff;\"> chefiagab@pge.pa.gov.br<\/span><\/p>\n<p><span style=\"color: #000000;\">Comando Geral da PM:<\/span> <span style=\"color: #0000ff;\">seccomandopmpa@gmail.com<\/span><\/p>\n<p><span style=\"color: #000000;\">Secretaria de Educa\u00e7\u00e3o:<\/span> <span style=\"color: #0000ff;\">luciane.lopes@seduc.pa.gov.br<\/span><\/p>\n<p><span style=\"color: #000000;\">Secretaria de Justi\u00e7a e Direitos Humanos:<\/span> <span style=\"color: #0000ff;\">gabinete@sejudh.pa.gov.br<\/span><\/p>\n<p><span style=\"color: #000000;\">Instituto de Terras do Par\u00e1:<\/span> <span style=\"color: #0000ff;\">jose.souza@iterpa.pa.gov.br<\/span><\/p>\n<p><span style=\"color: #000000;\">INCRA Nacional:<\/span> <span style=\"color: #0000ff;\">presidencia@incra.gov.br<\/span><\/p>\n<p>INCRA Marab\u00e1: <span style=\"color: #0000ff;\">contato@mba.incra.gov.br<\/span><\/p>\n<p>Fonte: Comiss\u00e3o Pastoral da Terra<\/p>\n<p>&nbsp;<\/p>\n","protected":false},"excerpt":{"rendered":"<p>Dezembro, 2017 &#8211; J\u00e1 pensou ter dia e hora marcados para sair \u00e0 for\u00e7a de sua casa? Faltando alguns dias para o Natal, quando se celebra o nascimento do menino Jesus, pisca-piscas brilham e decoram \u00e1rvores coloridas, aproximando toda a fam\u00edlia no aconchego do lar. Mas as 300 fam\u00edlias do Acampamento Hugo Ch\u00e1vez, no Par\u00e1, [&hellip;]<\/p>\n","protected":false},"author":1,"featured_media":0,"comment_status":"open","ping_status":"open","sticky":false,"template":"","format":"standard","meta":{"_uag_custom_page_level_css":"","footnotes":""},"categories":[27],"tags":[163,1749,2499,5210,5549,7235,8048,8141,9439,11961,11962],"class_list":["post-8497","post","type-post","status-publish","format-standard","hentry","category-acontece","tag-300-familias-do-acampamento-hugo-chavez","tag-campanha-despejosdenata","tag-comissao-pastoral-da-terra","tag-forum-ecumenico-brasil-febrasil","tag-governo-do-estado-do-par","tag-maraba-pa","tag-nao-permita-os-despejosdenatal-no-para","tag-no-para","tag-processo-de-articulacao-e-dialogo-internacional-pad","tag-tribunal-de-justica-do-estado","tag-tribunal-de-justica-do-para"],"blocksy_meta":[],"spectra_blocks_featured_image_url":null,"spectra_blocks_author_info":{"display_name":"Jornal da Constru\u00e7\u00e3o Civil","avatar_url":"https:\/\/secure.gravatar.com\/avatar\/973c9774fd44ddaceb026973c4962faa70fc512bc4c9da68e8ebb40fecee6540?s=96&d=mm&r=g","author_link":"https:\/\/construcaocivil.siriusmarketingedesign.com.br\/?author=1","description":"Desde de 2013, levando muitas informa\u00e7\u00f5es, lan\u00e7amentos e produtos de qualidade para toda cadeia produtiva da constru\u00e7\u00e3o. O Futuro da constru\u00e7\u00e3o passa por aqui,"},"uagb_featured_image_src":{"full":false,"thumbnail":false,"medium":false,"medium_large":false,"large":false,"1536x1536":false,"2048x2048":false},"uagb_author_info":{"display_name":"Jornal da Constru\u00e7\u00e3o Civil","author_link":"https:\/\/construcaocivil.siriusmarketingedesign.com.br\/?author=1"},"uagb_comment_info":0,"uagb_excerpt":"Dezembro, 2017 &#8211; J\u00e1 pensou ter dia e hora marcados para sair \u00e0 for\u00e7a de sua casa? Faltando alguns dias para o Natal, quando se celebra o nascimento do menino Jesus, pisca-piscas brilham e decoram \u00e1rvores coloridas, aproximando toda a fam\u00edlia no aconchego do lar. Mas as 300 fam\u00edlias do Acampamento Hugo Ch\u00e1vez, no Par\u00e1,&hellip;","_links":{"self":[{"href":"https:\/\/construcaocivil.siriusmarketingedesign.com.br\/index.php?rest_route=\/wp\/v2\/posts\/8497","targetHints":{"allow":["GET"]}}],"collection":[{"href":"https:\/\/construcaocivil.siriusmarketingedesign.com.br\/index.php?rest_route=\/wp\/v2\/posts"}],"about":[{"href":"https:\/\/construcaocivil.siriusmarketingedesign.com.br\/index.php?rest_route=\/wp\/v2\/types\/post"}],"author":[{"embeddable":true,"href":"https:\/\/construcaocivil.siriusmarketingedesign.com.br\/index.php?rest_route=\/wp\/v2\/users\/1"}],"replies":[{"embeddable":true,"href":"https:\/\/construcaocivil.siriusmarketingedesign.com.br\/index.php?rest_route=%2Fwp%2Fv2%2Fcomments&post=8497"}],"version-history":[{"count":0,"href":"https:\/\/construcaocivil.siriusmarketingedesign.com.br\/index.php?rest_route=\/wp\/v2\/posts\/8497\/revisions"}],"wp:attachment":[{"href":"https:\/\/construcaocivil.siriusmarketingedesign.com.br\/index.php?rest_route=%2Fwp%2Fv2%2Fmedia&parent=8497"}],"wp:term":[{"taxonomy":"category","embeddable":true,"href":"https:\/\/construcaocivil.siriusmarketingedesign.com.br\/index.php?rest_route=%2Fwp%2Fv2%2Fcategories&post=8497"},{"taxonomy":"post_tag","embeddable":true,"href":"https:\/\/construcaocivil.siriusmarketingedesign.com.br\/index.php?rest_route=%2Fwp%2Fv2%2Ftags&post=8497"}],"curies":[{"name":"wp","href":"https:\/\/api.w.org\/{rel}","templated":true}]}}