{"id":850,"date":"2016-02-05T02:11:27","date_gmt":"2016-02-05T02:11:27","guid":{"rendered":"http:\/\/www.jornaldaconstrucaocivil.com.br\/?p=850"},"modified":"2016-02-05T02:11:27","modified_gmt":"2016-02-05T02:11:27","slug":"dasol-tem-novo-presidente","status":"publish","type":"post","link":"https:\/\/construcaocivil.siriusmarketingedesign.com.br\/?p=850","title":{"rendered":"DASOL tem novo presidente"},"content":{"rendered":"<p><span style=\"color: #003366;\"><strong>O DASOL, que desde o final de 2015 tem nova nomenclatura \u2013 Departamento Nacional de Energia Solar T\u00e9rmica da ABRAVA ,\u2013 agora em 2016 tem um novo presidente, Amaur\u00edcio Gomes L\u00facio.<\/strong><\/span><\/p>\n<p><span style=\"color: #000000;\">Em sua terceira passagem pelo cargo (ele j\u00e1 esteve \u00e0 frente do DASOL em 2000 a 2002 e tamb\u00e9m em 2012), o executivo v\u00ea a gest\u00e3o como uma oportunidade para superar desafios. \u201cA energia considerada alternativa, a cada dia se torna mais competitiva. Se n\u00e3o fosse a crise, 2015 teria sido um ano de crescimento, mas ainda aguardamos a tabula\u00e7\u00e3o final dos dados de nossa pesquisa anual. Estamos sempre dispostos a encarar os desafios e vamos trabalhar pelos interesses do setor, para conseguirmos alcan\u00e7ar nossos objetivos\u201d, diz.<\/span><\/p>\n<p><span style=\"color: #000000;\">Amaur\u00edcio \u00e9 engenheiro mec\u00e2nico, graduado pela UFMG com \u00eanfase em Engenharia T\u00e9rmica. Trabalha na \u00e1rea de aquecimento solar desde 1976 nas Empresas TUMA. \u00c9 diretor comercial e acionista da TUMA Industrial Ltda, fabricante da marca Solarem.<\/span><\/p>\n<p><span style=\"color: #000000;\">Com vasta experi\u00eancia no segmento, Amaur\u00edcio tamb\u00e9m \u00e9 respons\u00e1vel t\u00e9cnico pelo projeto e instala\u00e7\u00e3o de mais de meio milh\u00e3o de metros quadrados de aquecedores solares nos segmentos residencial, comercial e industrial, no Brasil e exterior.<\/span><\/p>\n<p><span style=\"color: #000000;\"><strong>Sobre o DASOL<\/strong><\/span><\/p>\n<p><span style=\"color: #000000;\">O DASOL \u2013 Departamento Nacional de Energia Solar T\u00e9rmica da ABRAVA \u2013 Associa\u00e7\u00e3o Brasileira de Refrigera\u00e7\u00e3o, Ar Condicionado, Ventila\u00e7\u00e3o e Aquecimento &#8211; representa oficialmente, em todo o Brasil, o setor de aquecimento solar de \u00e1gua com o objetivo de promover, divulgar e desenvolver a ado\u00e7\u00e3o da energia solar t\u00e9rmica. Desde 1992, apoia a forma\u00e7\u00e3o de uma rede de atua\u00e7\u00e3o de empresas (fabricantes, revendas, instaladoras, consultorias e projetistas), institui\u00e7\u00f5es, universidades, \u00f3rg\u00e3os do governo, ONGs e cidad\u00e3os em busca do desenvolvimento sustent\u00e1vel do Brasil atrav\u00e9s da aplica\u00e7\u00e3o e utiliza\u00e7\u00e3o respons\u00e1vel de energia solar t\u00e9rmica. <\/span><\/p>\n<p><span style=\"color: #000000;\">Os programas e atividades da entidade t\u00eam abrang\u00eancia em todo o Brasil, alguns deles desenvolvidos junto \u00e0 Eletrobras\/Procel e ao Inmetro, e est\u00e3o acess\u00edveis a todos que utilizam a energia solar t\u00e9rmica de forma consciente, evitando energias poluidoras que provocam emiss\u00f5es de gases causadores do efeito estufa, contribuindo com uma parte da solu\u00e7\u00e3o para diversificar a gera\u00e7\u00e3o de energia e a matriz energ\u00e9tica nacional.\u00a0<\/span><\/p>\n<p><strong><span style=\"color: #000080;\">Fonte: Assessoria de Imprensa Dasol<\/span><\/strong><\/p>\n","protected":false},"excerpt":{"rendered":"<p>O DASOL, que desde o final de 2015 tem nova nomenclatura \u2013 Departamento Nacional de Energia Solar T\u00e9rmica da ABRAVA ,\u2013 agora em 2016 tem um novo presidente, Amaur\u00edcio Gomes L\u00facio. Em sua terceira passagem pelo cargo (ele j\u00e1 esteve \u00e0 frente do DASOL em 2000 a 2002 e tamb\u00e9m em 2012), o executivo v\u00ea [&hellip;]<\/p>\n","protected":false},"author":1,"featured_media":0,"comment_status":"open","ping_status":"open","sticky":false,"template":"","format":"quote","meta":{"_uag_custom_page_level_css":"","footnotes":""},"categories":[27],"tags":[649,3363,4042,6128,8265,9433,12032],"class_list":["post-850","post","type-post","status-publish","format-quote","hentry","category-acontece","tag-amauricio-gomes-lucio","tag-dasol","tag-eletrobras","tag-inmetro","tag-novo-presidente","tag-procel","tag-ufmg","post_format-post-format-quote"],"blocksy_meta":[],"spectra_blocks_featured_image_url":null,"spectra_blocks_author_info":{"display_name":"Jornal da Constru\u00e7\u00e3o Civil","avatar_url":"https:\/\/secure.gravatar.com\/avatar\/973c9774fd44ddaceb026973c4962faa70fc512bc4c9da68e8ebb40fecee6540?s=96&d=mm&r=g","author_link":"https:\/\/construcaocivil.siriusmarketingedesign.com.br\/?author=1","description":"Desde de 2013, levando muitas informa\u00e7\u00f5es, lan\u00e7amentos e produtos de qualidade para toda cadeia produtiva da constru\u00e7\u00e3o. O Futuro da constru\u00e7\u00e3o passa por aqui,"},"uagb_featured_image_src":{"full":false,"thumbnail":false,"medium":false,"medium_large":false,"large":false,"1536x1536":false,"2048x2048":false},"uagb_author_info":{"display_name":"Jornal da Constru\u00e7\u00e3o Civil","author_link":"https:\/\/construcaocivil.siriusmarketingedesign.com.br\/?author=1"},"uagb_comment_info":0,"uagb_excerpt":"O DASOL, que desde o final de 2015 tem nova nomenclatura \u2013 Departamento Nacional de Energia Solar T\u00e9rmica da ABRAVA ,\u2013 agora em 2016 tem um novo presidente, Amaur\u00edcio Gomes L\u00facio. Em sua terceira passagem pelo cargo (ele j\u00e1 esteve \u00e0 frente do DASOL em 2000 a 2002 e tamb\u00e9m em 2012), o executivo v\u00ea&hellip;","_links":{"self":[{"href":"https:\/\/construcaocivil.siriusmarketingedesign.com.br\/index.php?rest_route=\/wp\/v2\/posts\/850","targetHints":{"allow":["GET"]}}],"collection":[{"href":"https:\/\/construcaocivil.siriusmarketingedesign.com.br\/index.php?rest_route=\/wp\/v2\/posts"}],"about":[{"href":"https:\/\/construcaocivil.siriusmarketingedesign.com.br\/index.php?rest_route=\/wp\/v2\/types\/post"}],"author":[{"embeddable":true,"href":"https:\/\/construcaocivil.siriusmarketingedesign.com.br\/index.php?rest_route=\/wp\/v2\/users\/1"}],"replies":[{"embeddable":true,"href":"https:\/\/construcaocivil.siriusmarketingedesign.com.br\/index.php?rest_route=%2Fwp%2Fv2%2Fcomments&post=850"}],"version-history":[{"count":0,"href":"https:\/\/construcaocivil.siriusmarketingedesign.com.br\/index.php?rest_route=\/wp\/v2\/posts\/850\/revisions"}],"wp:attachment":[{"href":"https:\/\/construcaocivil.siriusmarketingedesign.com.br\/index.php?rest_route=%2Fwp%2Fv2%2Fmedia&parent=850"}],"wp:term":[{"taxonomy":"category","embeddable":true,"href":"https:\/\/construcaocivil.siriusmarketingedesign.com.br\/index.php?rest_route=%2Fwp%2Fv2%2Fcategories&post=850"},{"taxonomy":"post_tag","embeddable":true,"href":"https:\/\/construcaocivil.siriusmarketingedesign.com.br\/index.php?rest_route=%2Fwp%2Fv2%2Ftags&post=850"}],"curies":[{"name":"wp","href":"https:\/\/api.w.org\/{rel}","templated":true}]}}