{"id":8517,"date":"2017-12-07T15:04:25","date_gmt":"2017-12-07T18:04:25","guid":{"rendered":"https:\/\/jornaldaconstrucaocivil.com.br\/?p=8517"},"modified":"2017-12-07T15:04:25","modified_gmt":"2017-12-07T18:04:25","slug":"urgencia-coalizacao-pela-construcao-leva-ao-presidente-michel-temer-propostas-para-estimular-a-recuperacao-do-setor-e-da-economia-nacional","status":"publish","type":"post","link":"https:\/\/construcaocivil.siriusmarketingedesign.com.br\/?p=8517","title":{"rendered":"Urg\u00eancia: Coaliza\u00e7\u00e3o pela Constru\u00e7\u00e3o leva ao presidente Michel Temer propostas para estimular a recupera\u00e7\u00e3o do setor e da economia nacional"},"content":{"rendered":"<p style=\"text-align: justify;\"><span style=\"color: #000000;\"><span style=\"color: #993300;\">Dezembro, 2017<\/span> &#8211; Numa coaliza\u00e7\u00e3o pela constru\u00e7\u00e3o, a C\u00e2mara Brasileira da Ind\u00fastria da Constru\u00e7\u00e3o (CBIC) e um grupo de entidades representativas da cadeia produtiva do setor apresentaram nesta quarta-feira (06\/12) ao presidente da Rep\u00fablica, Michel Temer, no Pal\u00e1cio do Planalto, em Bras\u00edlia, medidas que visam estimular a recupera\u00e7\u00e3o da ind\u00fastria da constru\u00e7\u00e3o e a gera\u00e7\u00e3o de empregos, com foco no mercado imobili\u00e1rio, habita\u00e7\u00e3o e infraestrutura.<em><span style=\"color: #333399;\"> &#8220;A ind\u00fastria da constru\u00e7\u00e3o est\u00e1 \u00e0 beira de um colapso. Se nada for feito, o setor, que \u00e9 um grande gerador de empregos, pode cair 6% e puxar o PIB nacional para baixo<\/span><\/em>&#8220;, alerta o presidente da CBIC, Jos\u00e9 Carlos Martins.\u00a0 &#8220;N\u00e3o solicitamos recursos, por que sabemos que o governo federal n\u00e3o tem. A ideia foi apresentar uma pauta para destravar o Pa\u00eds e criar condi\u00e7\u00f5es para que o investimento volte e com ele a gera\u00e7\u00e3o de emprego e renda&#8221;, destaca.<\/span><\/p>\n<figure id=\"attachment_8518\" aria-describedby=\"caption-attachment-8518\" style=\"width: 291px\" class=\"wp-caption alignleft\"><a href=\"https:\/\/jornaldaconstrucaocivil.com.br\/wp-content\/uploads\/2017\/12\/CBIC-1-e1512669274987.jpg\"><img loading=\"lazy\" decoding=\"async\" class=\"wp-image-8518\" src=\"https:\/\/jornaldaconstrucaocivil.com.br\/wp-content\/uploads\/2017\/12\/CBIC-1-300x193.jpg\" alt=\"CBIC\" width=\"291\" height=\"187\" \/><\/a><figcaption id=\"caption-attachment-8518\" class=\"wp-caption-text\">Falta de seguran\u00e7a jur\u00eddica na \u00e1rea de Infraestrutura foi umas das propostas apresentada pela Coaliza\u00e7\u00e3o pela Constru\u00e7\u00e3. Foto: PH Freitas\/CBIC<\/figcaption><\/figure>\n<p style=\"text-align: justify;\"><span style=\"color: #000000;\">Uma das propostas apresentadas foi uma solu\u00e7\u00e3o imediata para capitalizar a Caixa Econ\u00f4mica Federal, de forma a atender adequadamente as regras de Basil\u00e9ia, e voltar a ter recursos para financiar a habita\u00e7\u00e3o. Em 2014, por exemplo, o mercado imobili\u00e1rio operou com R$ 180 bilh\u00f5es e, em 2016, com cerca de R$ 80 bilh\u00f5es, retra\u00e7\u00e3o significativa. <em><span style=\"color: #333399;\">&#8220;\u00c9 uma queda grande para um setor que j\u00e1 est\u00e1 t\u00e3o deprimido&#8221;,<\/span><\/em> menciona Martins. Al\u00e9m da CBIC, integram a Coaliz\u00e3o pela Constru\u00e7\u00e3o o Instituto A\u00e7o Brasil; o Centro Brasileiro da Constru\u00e7\u00e3o em A\u00e7o (CBCA); Associa\u00e7\u00e3o Nacional dos Comerciantes de Material de Constru\u00e7\u00e3o (Anamaco); Associa\u00e7\u00e3o Brasileira da Ind\u00fastria de Materiais de Constru\u00e7\u00e3o (Abramat); o Sindicato Nacional da Ind\u00fastria da Constru\u00e7\u00e3o Pesada (Sinicon) e a For\u00e7a Sindical; entidades representativas de empresas e trabalhadores na ind\u00fastria da constru\u00e7\u00e3o.<\/span><\/p>\n<p style=\"text-align: justify;\"><span style=\"color: #000000;\">J\u00e1 na \u00e1rea de infraestrutura, os destaques foram a necessidade de resolver quest\u00f5es relacionadas \u00e0 falta de seguran\u00e7a jur\u00eddica, o aperfei\u00e7oamento dos crit\u00e9rios de licenciamento ambiental e iniciar, efetivamente, o programa de apoio \u00e0s concess\u00f5es municipais, que pode aumentar o investimento privado nos munic\u00edpios brasileiros. <em><span style=\"color: #333399;\">&#8220;Qual \u00e9 o munic\u00edpio brasileiro que n\u00e3o precisa de servi\u00e7os?&#8221;<\/span><\/em>, destacou o presidente da CBIC, lembrando que o governo federal n\u00e3o tem mais recursos e a inseguran\u00e7a jur\u00eddica tem impedido, por exemplo, apoio t\u00e9cnico para o desenvolvimento de PPPs e concess\u00f5es para obras menores, por\u00e9m necess\u00e1rias, nesses munic\u00edpios, como aterros sanit\u00e1rios, rodovi\u00e1rias e pra\u00e7as.<\/span><\/p>\n<p style=\"text-align: justify;\"><span style=\"color: #000000;\">A cadeia produtiva do setor tamb\u00e9m declarou apoio \u00e0 Reforma da Previd\u00eancia, a fim de criar o ambiente que destrave investimentos, assim como reduzir privil\u00e9gios. <span style=\"color: #333399;\"><em>&#8220;Para o Brasil ter investimento, ele precisa voltar a ter credibilidade e para ter credibilidade a Reforma da Previd\u00eancia \u00e9 inevit\u00e1vel para que privil\u00e9gios sejam restringidos e haja um tratamento mais ison\u00f4mico entre os brasileiros&#8221;<\/em><\/span>, destaca o presidente da CBIC.<\/span><\/p>\n<p style=\"text-align: justify;\">Fonte: Imprensa\/CBIC<\/p>\n","protected":false},"excerpt":{"rendered":"<p>Dezembro, 2017 &#8211; Numa coaliza\u00e7\u00e3o pela constru\u00e7\u00e3o, a C\u00e2mara Brasileira da Ind\u00fastria da Constru\u00e7\u00e3o (CBIC) e um grupo de entidades representativas da cadeia produtiva do setor apresentaram nesta quarta-feira (06\/12) ao presidente da Rep\u00fablica, Michel Temer, no Pal\u00e1cio do Planalto, em Bras\u00edlia, medidas que visam estimular a recupera\u00e7\u00e3o da ind\u00fastria da constru\u00e7\u00e3o e a gera\u00e7\u00e3o [&hellip;]<\/p>\n","protected":false},"author":1,"featured_media":8518,"comment_status":"open","ping_status":"open","sticky":false,"template":"","format":"standard","meta":{"_uag_custom_page_level_css":"","footnotes":""},"categories":[27],"tags":[270,1046,1574,1681,1708,2083,2378,2842,5394,6203,8637,11134,11845],"class_list":["post-8517","post","type-post","status-publish","format-standard","has-post-thumbnail","hentry","category-acontece","tag-a-industria-da-construcao-esta-a-beira-de-um-colapso","tag-associacao-nacional-dos-comerciantes-de-material-de-construcao-anamaco","tag-brasilia-df","tag-caixa-economica-federal-cortou-metade-da-verba","tag-camara-brasileira-da-industria-da-construcao-cbic","tag-centro-brasileiro-da-construcao-em-aco-cbca","tag-coalizacao-pela-construcao-cobra-temer-acoes-urgentes","tag-construcao-civil-precisa-urgente-de-investimentos","tag-geracao-de-empregos","tag-instituto-aco-brasil","tag-paralisia-do-governo-temer","tag-sindicato-nacional-da-industria-da-construcao-pesada-sinicon","tag-trabalhadores-da-construcao-civil"],"blocksy_meta":[],"spectra_blocks_featured_image_url":[],"spectra_blocks_author_info":{"display_name":"Jornal da Constru\u00e7\u00e3o Civil","avatar_url":"https:\/\/secure.gravatar.com\/avatar\/973c9774fd44ddaceb026973c4962faa70fc512bc4c9da68e8ebb40fecee6540?s=96&d=mm&r=g","author_link":"https:\/\/construcaocivil.siriusmarketingedesign.com.br\/?author=1","description":"Desde de 2013, levando muitas informa\u00e7\u00f5es, lan\u00e7amentos e produtos de qualidade para toda cadeia produtiva da constru\u00e7\u00e3o. O Futuro da constru\u00e7\u00e3o passa por aqui,"},"uagb_featured_image_src":{"full":false,"thumbnail":false,"medium":false,"medium_large":false,"large":false,"1536x1536":false,"2048x2048":false},"uagb_author_info":{"display_name":"Jornal da Constru\u00e7\u00e3o Civil","author_link":"https:\/\/construcaocivil.siriusmarketingedesign.com.br\/?author=1"},"uagb_comment_info":0,"uagb_excerpt":"Dezembro, 2017 &#8211; Numa coaliza\u00e7\u00e3o pela constru\u00e7\u00e3o, a C\u00e2mara Brasileira da Ind\u00fastria da Constru\u00e7\u00e3o (CBIC) e um grupo de entidades representativas da cadeia produtiva do setor apresentaram nesta quarta-feira (06\/12) ao presidente da Rep\u00fablica, Michel Temer, no Pal\u00e1cio do Planalto, em Bras\u00edlia, medidas que visam estimular a recupera\u00e7\u00e3o da ind\u00fastria da constru\u00e7\u00e3o e a gera\u00e7\u00e3o&hellip;","_links":{"self":[{"href":"https:\/\/construcaocivil.siriusmarketingedesign.com.br\/index.php?rest_route=\/wp\/v2\/posts\/8517","targetHints":{"allow":["GET"]}}],"collection":[{"href":"https:\/\/construcaocivil.siriusmarketingedesign.com.br\/index.php?rest_route=\/wp\/v2\/posts"}],"about":[{"href":"https:\/\/construcaocivil.siriusmarketingedesign.com.br\/index.php?rest_route=\/wp\/v2\/types\/post"}],"author":[{"embeddable":true,"href":"https:\/\/construcaocivil.siriusmarketingedesign.com.br\/index.php?rest_route=\/wp\/v2\/users\/1"}],"replies":[{"embeddable":true,"href":"https:\/\/construcaocivil.siriusmarketingedesign.com.br\/index.php?rest_route=%2Fwp%2Fv2%2Fcomments&post=8517"}],"version-history":[{"count":0,"href":"https:\/\/construcaocivil.siriusmarketingedesign.com.br\/index.php?rest_route=\/wp\/v2\/posts\/8517\/revisions"}],"wp:attachment":[{"href":"https:\/\/construcaocivil.siriusmarketingedesign.com.br\/index.php?rest_route=%2Fwp%2Fv2%2Fmedia&parent=8517"}],"wp:term":[{"taxonomy":"category","embeddable":true,"href":"https:\/\/construcaocivil.siriusmarketingedesign.com.br\/index.php?rest_route=%2Fwp%2Fv2%2Fcategories&post=8517"},{"taxonomy":"post_tag","embeddable":true,"href":"https:\/\/construcaocivil.siriusmarketingedesign.com.br\/index.php?rest_route=%2Fwp%2Fv2%2Ftags&post=8517"}],"curies":[{"name":"wp","href":"https:\/\/api.w.org\/{rel}","templated":true}]}}