{"id":8551,"date":"2017-12-11T17:05:06","date_gmt":"2017-12-11T20:05:06","guid":{"rendered":"https:\/\/jornaldaconstrucaocivil.com.br\/?p=8551"},"modified":"2017-12-11T17:05:06","modified_gmt":"2017-12-11T20:05:06","slug":"os-desafios-do-e-social","status":"publish","type":"post","link":"https:\/\/construcaocivil.siriusmarketingedesign.com.br\/?p=8551","title":{"rendered":"Os desafios do E-Social"},"content":{"rendered":"<p style=\"text-align: justify;\"><span style=\"color: #000000;\"><span style=\"color: #993300;\">Rio, Dezembro, 2017<\/span> &#8211; Novos processos organizacionais e estrutura\u00e7\u00e3o financeira s\u00e3o condutas que permeiam a chegada do E-Social. A afirma\u00e7\u00e3o foi do especialista em desenvolvimento industrial da CNI, Gustavo Nicolai, durante o Caf\u00e9 Legal, organizado pelo Seconci-Rio, na manh\u00e3 da \u00faltima quinta-feira (07), para representantes das empresas do setor de constru\u00e7\u00e3o civil. O executivo falou sobre os desafios para a implanta\u00e7\u00e3o deste sistema de escritura\u00e7\u00e3o digital, que passar\u00e1 a ser obrigat\u00f3rio, a partir do ano que vem.<\/span><\/p>\n<figure id=\"attachment_8552\" aria-describedby=\"caption-attachment-8552\" style=\"width: 252px\" class=\"wp-caption alignleft\"><a href=\"https:\/\/jornaldaconstrucaocivil.com.br\/wp-content\/uploads\/2017\/12\/A-ESOCIAL.jpg\"><img loading=\"lazy\" decoding=\"async\" class=\"wp-image-8552\" src=\"https:\/\/jornaldaconstrucaocivil.com.br\/wp-content\/uploads\/2017\/12\/A-ESOCIAL-300x169.jpg\" width=\"252\" height=\"142\" \/><\/a><figcaption id=\"caption-attachment-8552\" class=\"wp-caption-text\">E-Social foi tema de debate no Seconci-Rio. Divulga\u00e7\u00e3o<\/figcaption><\/figure>\n<p style=\"text-align: justify;\"><span style=\"color: #000000;\">De acordo com ele, as micro e pequenas empresas do setor ser\u00e3o as mais impactadas. &#8220;O desafio ser\u00e1 cumprir a legisla\u00e7\u00e3o nas \u00e1reas previdenci\u00e1ria, trabalhista e de sa\u00fade e seguran\u00e7a do trabalho, tal qual uma grande empresa. Para cumprimento dessas obriga\u00e7\u00f5es ser\u00e1 preciso investimento, o que pode ser uma dificuldade a ser enfrentada&#8221;, destacou Nicolai, que aconselha a busca por apoio t\u00e9cnico, junto aos Seconci\u00b4s e ao SESI, por exemplo, para que essas empresas recebam orienta\u00e7\u00e3o quanto a melhor forma de encaminhamento das obriga\u00e7\u00f5es impostas pelo E-Social.<\/span><\/p>\n<p style=\"text-align: justify;\"><span style=\"color: #000000;\">Ainda que o Sistema esteja chegando rodeado de d\u00favidas e medos, Nicolai afirma que trar\u00e1 vantagens para as empresas, no que diz respeito \u00e0 organiza\u00e7\u00e3o e padroniza\u00e7\u00e3o de procedimentos, o que mudar\u00e1 a cultura empresarial e tamb\u00e9m trar\u00e1 melhorias para os trabalhadores. &#8220;O E-Social ir\u00e1 eliminar redund\u00e2ncias, com a conjun\u00e7\u00e3o de informa\u00e7\u00f5es geradas para o Governo, simplificando os processos; e ir\u00e1 centralizar as obriga\u00e7\u00f5es previdenci\u00e1rias e trabalhistas em um ambiente s\u00f3, al\u00e9m de outros benef\u00edcios&#8221;, disse ele.<\/span><\/p>\n<p style=\"text-align: justify;\"><span style=\"color: #000000;\">Fechando a palestra, o executivo da CNI destacou que est\u00e1 mais do que na hora de as empresas reverem seus processos organizacionais e habilitarem profissionais para trabalhar e entender o E-Social. Sobre o futuro com esse novo sistema em funcionamento foi categ\u00f3rico:<\/span><\/p>\n<p style=\"text-align: justify;\"><span style=\"color: #000000;\">&#8220;Vivemos uma dicotomia. Sempre batalhamos para que as empresas cumprissem toda legisla\u00e7\u00e3o de sa\u00fade e seguran\u00e7a do trabalho e o E-Social trar\u00e1 isso, mas sabemos que o lado operacional pode vir a ser um obst\u00e1culo para alguns&#8221;, concluiu.<\/span><\/p>\n<p style=\"text-align: justify;\"><span style=\"color: #000000;\">Sobre o E-SOCIAL<\/span><\/p>\n<p style=\"text-align: justify;\"><span style=\"color: #000000;\">O Sistema de Escritura\u00e7\u00e3o Digital das Obriga\u00e7\u00f5es Fiscais, Previdenci\u00e1rias e Trabalhistas, tamb\u00e9m conhecido E-Social, foi criado para unificar o envio de informa\u00e7\u00f5es, pelo empregador, ao Governo, em rela\u00e7\u00e3o aos seus empregados. Institu\u00eddo por decreto, em dezembro de 2014, o sistema padroniza a transmiss\u00e3o, valida\u00e7\u00e3o, armazenamento e distribui\u00e7\u00e3o de dados referentes \u00e0s obriga\u00e7\u00f5es fiscais, previdenci\u00e1rias e trabalhistas dos funcion\u00e1rios.<\/span><\/p>\n<p style=\"text-align: justify;\"><span style=\"color: #000000;\">De acordo com a norma, o E-Social ser\u00e1 obrigat\u00f3rio, a partir de 1\u00ba de janeiro de 2018, para empregadores e contribuintes com faturamento acima de R$78 milh\u00f5es, no ano de 2016. Em 1\u00ba de julho de 2018, a obrigatoriedade passa para os demais empregadores e contribuintes.&#8211;<\/span><\/p>\n<p style=\"text-align: justify;\">Fonte: Imprensa\/Seconci-Rio<\/p>\n","protected":false},"excerpt":{"rendered":"<p>Rio, Dezembro, 2017 &#8211; Novos processos organizacionais e estrutura\u00e7\u00e3o financeira s\u00e3o condutas que permeiam a chegada do E-Social. A afirma\u00e7\u00e3o foi do especialista em desenvolvimento industrial da CNI, Gustavo Nicolai, durante o Caf\u00e9 Legal, organizado pelo Seconci-Rio, na manh\u00e3 da \u00faltima quinta-feira (07), para representantes das empresas do setor de constru\u00e7\u00e3o civil. O executivo falou [&hellip;]<\/p>\n","protected":false},"author":1,"featured_media":0,"comment_status":"open","ping_status":"open","sticky":false,"template":"","format":"standard","meta":{"_uag_custom_page_level_css":"","footnotes":""},"categories":[27],"tags":[2826,3478,4146,9392,10732,11189],"class_list":["post-8551","post","type-post","status-publish","format-standard","hentry","category-acontece","tag-construcao-civil","tag-desafios-na-implantacao-do-e-social","tag-empregadores-e-contribuintes","tag-previdenciarias-e-trabalhistas","tag-seconci-rio","tag-sistema-de-escrituracao-digital-das-obrigacoes-fiscais"],"blocksy_meta":[],"spectra_blocks_featured_image_url":null,"spectra_blocks_author_info":{"display_name":"Jornal da Constru\u00e7\u00e3o Civil","avatar_url":"https:\/\/secure.gravatar.com\/avatar\/973c9774fd44ddaceb026973c4962faa70fc512bc4c9da68e8ebb40fecee6540?s=96&d=mm&r=g","author_link":"https:\/\/construcaocivil.siriusmarketingedesign.com.br\/?author=1","description":"Desde de 2013, levando muitas informa\u00e7\u00f5es, lan\u00e7amentos e produtos de qualidade para toda cadeia produtiva da constru\u00e7\u00e3o. O Futuro da constru\u00e7\u00e3o passa por aqui,"},"uagb_featured_image_src":{"full":false,"thumbnail":false,"medium":false,"medium_large":false,"large":false,"1536x1536":false,"2048x2048":false},"uagb_author_info":{"display_name":"Jornal da Constru\u00e7\u00e3o Civil","author_link":"https:\/\/construcaocivil.siriusmarketingedesign.com.br\/?author=1"},"uagb_comment_info":0,"uagb_excerpt":"Rio, Dezembro, 2017 &#8211; Novos processos organizacionais e estrutura\u00e7\u00e3o financeira s\u00e3o condutas que permeiam a chegada do E-Social. A afirma\u00e7\u00e3o foi do especialista em desenvolvimento industrial da CNI, Gustavo Nicolai, durante o Caf\u00e9 Legal, organizado pelo Seconci-Rio, na manh\u00e3 da \u00faltima quinta-feira (07), para representantes das empresas do setor de constru\u00e7\u00e3o civil. O executivo falou&hellip;","_links":{"self":[{"href":"https:\/\/construcaocivil.siriusmarketingedesign.com.br\/index.php?rest_route=\/wp\/v2\/posts\/8551","targetHints":{"allow":["GET"]}}],"collection":[{"href":"https:\/\/construcaocivil.siriusmarketingedesign.com.br\/index.php?rest_route=\/wp\/v2\/posts"}],"about":[{"href":"https:\/\/construcaocivil.siriusmarketingedesign.com.br\/index.php?rest_route=\/wp\/v2\/types\/post"}],"author":[{"embeddable":true,"href":"https:\/\/construcaocivil.siriusmarketingedesign.com.br\/index.php?rest_route=\/wp\/v2\/users\/1"}],"replies":[{"embeddable":true,"href":"https:\/\/construcaocivil.siriusmarketingedesign.com.br\/index.php?rest_route=%2Fwp%2Fv2%2Fcomments&post=8551"}],"version-history":[{"count":0,"href":"https:\/\/construcaocivil.siriusmarketingedesign.com.br\/index.php?rest_route=\/wp\/v2\/posts\/8551\/revisions"}],"wp:attachment":[{"href":"https:\/\/construcaocivil.siriusmarketingedesign.com.br\/index.php?rest_route=%2Fwp%2Fv2%2Fmedia&parent=8551"}],"wp:term":[{"taxonomy":"category","embeddable":true,"href":"https:\/\/construcaocivil.siriusmarketingedesign.com.br\/index.php?rest_route=%2Fwp%2Fv2%2Fcategories&post=8551"},{"taxonomy":"post_tag","embeddable":true,"href":"https:\/\/construcaocivil.siriusmarketingedesign.com.br\/index.php?rest_route=%2Fwp%2Fv2%2Ftags&post=8551"}],"curies":[{"name":"wp","href":"https:\/\/api.w.org\/{rel}","templated":true}]}}