{"id":8554,"date":"2017-12-11T17:26:08","date_gmt":"2017-12-11T20:26:08","guid":{"rendered":"https:\/\/jornaldaconstrucaocivil.com.br\/?p=8554"},"modified":"2017-12-11T17:26:08","modified_gmt":"2017-12-11T20:26:08","slug":"festa-da-literatura-negra-empodera-casa-franca-brasil","status":"publish","type":"post","link":"https:\/\/construcaocivil.siriusmarketingedesign.com.br\/?p=8554","title":{"rendered":"Festa da Literatura Negra empodera Casa Fran\u00e7a-Brasil"},"content":{"rendered":"<p style=\"text-align: justify;\"><em>Por Mauro Viana<\/em><\/p>\n<figure id=\"attachment_8555\" aria-describedby=\"caption-attachment-8555\" style=\"width: 277px\" class=\"wp-caption alignleft\"><a href=\"https:\/\/jornaldaconstrucaocivil.com.br\/wp-content\/uploads\/2017\/12\/A-C\u00e1ssia-Vale-e-leitora.jpg\"><img loading=\"lazy\" decoding=\"async\" class=\"wp-image-8555\" src=\"https:\/\/jornaldaconstrucaocivil.com.br\/wp-content\/uploads\/2017\/12\/A-C\u00e1ssia-Vale-e-leitora-300x225.jpg\" width=\"277\" height=\"208\" \/><\/a><figcaption id=\"caption-attachment-8555\" class=\"wp-caption-text\">C\u00e1ssia Vale e leitora<\/figcaption><\/figure>\n<p style=\"text-align: justify;\"><span style=\"color: #000000;\"><span style=\"color: #993300;\">Rio, Dezembro, 2017<\/span> &#8211; A equipe do Jornal Inverta levou o bonde do Vov\u00f4 do Rap (personagem da Oficina Hip-Hop Liter\u00e1rio \u00e0 Festa de Literatura Negra \u2013 FLIN \u2013 (Casa Fran\u00e7a-Brasil \u2013 RJ), no s\u00e1bado, dia 9 de dezembro. O encontro po\u00e9tico-pol\u00edtico ampiou a luminosidade, na primavera de 2017.<\/span><\/p>\n<p style=\"text-align: justify;\"><span style=\"color: #000000;\">Al\u00e9m da constela\u00e7\u00e3o liter\u00e1ria (Elaine Marcelina, Sandro Lopes, C\u00e1ssia Valle, Eliana Alves Cruz,<\/span><\/p>\n<p style=\"text-align: justify;\"><span style=\"color: #000000;\">Tom Farias, Ta\u00eds Esp\u00edrito Santo, Marlon Sousa, Ihzak da Hora), a Flin nos brindou com os mediadores Vagner Amaro e Francisco Jorge (Editora Mal\u00ea) e Juca Ribeiro (Superintend\u00eancia de Leitura e Conhecimento da Secretaria de Estado de Cultura do Rio de Janeiro. Dulce Maria Pereira constava na programa\u00e7\u00e3o.<\/span><\/p>\n<p style=\"text-align: justify;\"><span style=\"color: #000000;\">Entre tantas personalidades da arte e cultura, o ator Claudio Braga (Vamos Escurecer a Cidade, a Pe\u00e7a) elogiou o refinamento editorial e a qualidade est\u00e9tica da Flin:<\/span><\/p>\n<p style=\"text-align: justify;\"><span style=\"color: #000000;\">&#8211; Adorei o conte\u00fado e a forma. Muita gratid\u00e3o \u00e0 iluminada equipe de organiza\u00e7\u00e3o da Flin. Saio carregado de novos saberes e de novas fontes destes conhecimentos. A Flin \u00e9 um grande acontecimento liter\u00e1rio. Espero que continue assim. N\u00e3o caia na cilada da badala\u00e7\u00e3o.<\/span><\/p>\n","protected":false},"excerpt":{"rendered":"<p>Por Mauro Viana Rio, Dezembro, 2017 &#8211; A equipe do Jornal Inverta levou o bonde do Vov\u00f4 do Rap (personagem da Oficina Hip-Hop Liter\u00e1rio \u00e0 Festa de Literatura Negra \u2013 FLIN \u2013 (Casa Fran\u00e7a-Brasil \u2013 RJ), no s\u00e1bado, dia 9 de dezembro. O encontro po\u00e9tico-pol\u00edtico ampiou a luminosidade, na primavera de 2017. Al\u00e9m da constela\u00e7\u00e3o [&hellip;]<\/p>\n","protected":false},"author":1,"featured_media":8555,"comment_status":"open","ping_status":"open","sticky":false,"template":"","format":"standard","meta":{"_uag_custom_page_level_css":"","footnotes":""},"categories":[27],"tags":[1943,3949,4486,4994,6935,8277],"class_list":["post-8554","post","type-post","status-publish","format-standard","has-post-thumbnail","hentry","category-acontece","tag-casa-franca-brasil-rj","tag-editora-male","tag-escritores-brasileiros","tag-festa-de-literatura-negra-flin","tag-literatura","tag-novos-escritores-negros-conquistam-espaco-e-novos-mercados"],"blocksy_meta":[],"spectra_blocks_featured_image_url":[],"spectra_blocks_author_info":{"display_name":"Jornal da Constru\u00e7\u00e3o Civil","avatar_url":"https:\/\/secure.gravatar.com\/avatar\/973c9774fd44ddaceb026973c4962faa70fc512bc4c9da68e8ebb40fecee6540?s=96&d=mm&r=g","author_link":"https:\/\/construcaocivil.siriusmarketingedesign.com.br\/?author=1","description":"Desde de 2013, levando muitas informa\u00e7\u00f5es, lan\u00e7amentos e produtos de qualidade para toda cadeia produtiva da constru\u00e7\u00e3o. O Futuro da constru\u00e7\u00e3o passa por aqui,"},"uagb_featured_image_src":{"full":false,"thumbnail":false,"medium":false,"medium_large":false,"large":false,"1536x1536":false,"2048x2048":false},"uagb_author_info":{"display_name":"Jornal da Constru\u00e7\u00e3o Civil","author_link":"https:\/\/construcaocivil.siriusmarketingedesign.com.br\/?author=1"},"uagb_comment_info":0,"uagb_excerpt":"Por Mauro Viana Rio, Dezembro, 2017 &#8211; A equipe do Jornal Inverta levou o bonde do Vov\u00f4 do Rap (personagem da Oficina Hip-Hop Liter\u00e1rio \u00e0 Festa de Literatura Negra \u2013 FLIN \u2013 (Casa Fran\u00e7a-Brasil \u2013 RJ), no s\u00e1bado, dia 9 de dezembro. O encontro po\u00e9tico-pol\u00edtico ampiou a luminosidade, na primavera de 2017. Al\u00e9m da constela\u00e7\u00e3o&hellip;","_links":{"self":[{"href":"https:\/\/construcaocivil.siriusmarketingedesign.com.br\/index.php?rest_route=\/wp\/v2\/posts\/8554","targetHints":{"allow":["GET"]}}],"collection":[{"href":"https:\/\/construcaocivil.siriusmarketingedesign.com.br\/index.php?rest_route=\/wp\/v2\/posts"}],"about":[{"href":"https:\/\/construcaocivil.siriusmarketingedesign.com.br\/index.php?rest_route=\/wp\/v2\/types\/post"}],"author":[{"embeddable":true,"href":"https:\/\/construcaocivil.siriusmarketingedesign.com.br\/index.php?rest_route=\/wp\/v2\/users\/1"}],"replies":[{"embeddable":true,"href":"https:\/\/construcaocivil.siriusmarketingedesign.com.br\/index.php?rest_route=%2Fwp%2Fv2%2Fcomments&post=8554"}],"version-history":[{"count":0,"href":"https:\/\/construcaocivil.siriusmarketingedesign.com.br\/index.php?rest_route=\/wp\/v2\/posts\/8554\/revisions"}],"wp:attachment":[{"href":"https:\/\/construcaocivil.siriusmarketingedesign.com.br\/index.php?rest_route=%2Fwp%2Fv2%2Fmedia&parent=8554"}],"wp:term":[{"taxonomy":"category","embeddable":true,"href":"https:\/\/construcaocivil.siriusmarketingedesign.com.br\/index.php?rest_route=%2Fwp%2Fv2%2Fcategories&post=8554"},{"taxonomy":"post_tag","embeddable":true,"href":"https:\/\/construcaocivil.siriusmarketingedesign.com.br\/index.php?rest_route=%2Fwp%2Fv2%2Ftags&post=8554"}],"curies":[{"name":"wp","href":"https:\/\/api.w.org\/{rel}","templated":true}]}}