{"id":8565,"date":"2017-12-11T18:30:10","date_gmt":"2017-12-11T21:30:10","guid":{"rendered":"https:\/\/jornaldaconstrucaocivil.com.br\/?p=8565"},"modified":"2017-12-11T18:30:10","modified_gmt":"2017-12-11T21:30:10","slug":"conselho-de-arquitetura-e-urbanismo-do-rio-promove-jornada-e-forum-para-discutir-assistencia-tecnica-gratuita","status":"publish","type":"post","link":"https:\/\/construcaocivil.siriusmarketingedesign.com.br\/?p=8565","title":{"rendered":"Conselho de Arquitetura e Urbanismo do Rio promove Jornada e F\u00f3rum para discutir assist\u00eancia t\u00e9cnica gratuita"},"content":{"rendered":"<p style=\"text-align: justify;\"><em><strong><span style=\"color: #000000;\">Evento aberto ao p\u00fablico acontecer\u00e1 entre 13 e 14 de dezembro na sede do Conselho de Arquitetura e Urbanismo do Rio de Janeiro (CAU\/RJ)<\/span><\/strong><\/em><\/p>\n<p style=\"text-align: justify;\"><span style=\"color: #000000;\"><span style=\"color: #993300;\">Rio, Dezembro, 2017<\/span> &#8211; A <span style=\"color: #0000ff;\">lei 11.888\/2008<\/span> assegura \u00e0s fam\u00edlias de baixa renda assist\u00eancia t\u00e9cnica p\u00fablica e gratuita para constru\u00e7\u00e3o e reforma de moradias de habita\u00e7\u00e3o de interesse social.\u00a0 A atividade, que ainda \u00e9 muito incipiente no pa\u00eds, j\u00e1 conta com o apoio de todas as unidades do Conselho de Arquitetura e Urbanismo (CAU), que desde 2017 destina 2% de seus or\u00e7amentos para promover a assist\u00eancia t\u00e9cnica em habita\u00e7\u00e3o de interesse social.<\/span><\/p>\n<p style=\"text-align: justify;\"><span style=\"color: #000000;\">Com objetivo de ouvir profissionais, acad\u00eamicos, entidades de classe e sociedade em geral para, em conjunto, tra\u00e7ar um plano estrat\u00e9gico de atua\u00e7\u00e3o nos pr\u00f3ximos dois anos, a unidade do CAU\/RJ promove na pr\u00f3xima semana a Jornada de Assist\u00eancia T\u00e9cnica. O evento \u00e9 gratuito e aberto ao p\u00fablico e os interessados j\u00e1 podem ser inscrever pelo link:<span style=\"text-decoration: underline;\"><span style=\"color: #0000ff; text-decoration: underline;\">https:\/\/goo.gl\/cCxH9X<\/span><\/span><\/span><\/p>\n<p style=\"text-align: justify;\"><strong><span style=\"color: #000000;\">Programa\u00e7\u00e3o:<\/span><\/strong><\/p>\n<p style=\"text-align: justify;\"><span style=\"color: #000000;\">No dia 13 de dezembro acontecer\u00e3o tr\u00eas pain\u00e9is simult\u00e2neos para discutir fomento e financiamento, capacita\u00e7\u00e3o e resid\u00eancia profissional, demandas e interven\u00e7\u00f5es. Os participantes tamb\u00e9m integrar\u00e3o oficinas de trabalho para, em conjunto, propor a\u00e7\u00f5es para cada um desses eixos. O dia 14 de dezembro ser\u00e1 dedicado ao debate dos relat\u00f3rios produzidos nas oficinas e o estabelecimento das diretrizes para o planejamento estrat\u00e9gico de assist\u00eancia t\u00e9cnica de interesse social do CAU\/RJ nos pr\u00f3ximos dois anos. O documento produzido tamb\u00e9m ser\u00e1 apresentado no Dia do Arquiteto e Urbanista (15\/12), \u00e0s 15h na sede do CAU\/RJ.<\/span><\/p>\n<p style=\"text-align: justify;\"><span style=\"color: #000000;\">SERVI\u00c7O<\/span><\/p>\n<p style=\"text-align: justify;\"><span style=\"color: #993300;\">Jornada e F\u00f3rum de Assist\u00eancia T\u00e9cnica em Habita\u00e7\u00e3o de Interesse Social<\/span><\/p>\n<p style=\"text-align: justify;\"><span style=\"color: #000000;\">Data: 13 e 14 de dezembro<\/span><\/p>\n<p style=\"text-align: justify;\"><span style=\"color: #000000;\">Hor\u00e1rio: das 13h \u00e0s 18h<\/span><\/p>\n<p style=\"text-align: justify;\"><span style=\"color: #000000;\">Local:\u00a0 audit\u00f3rio da sede do Conselho \u2013 Avenida Rep\u00fablica do Chile, 230 \u2013 23\u00ba andar<\/span><\/p>\n","protected":false},"excerpt":{"rendered":"<p>Evento aberto ao p\u00fablico acontecer\u00e1 entre 13 e 14 de dezembro na sede do Conselho de Arquitetura e Urbanismo do Rio de Janeiro (CAU\/RJ) Rio, Dezembro, 2017 &#8211; A lei 11.888\/2008 assegura \u00e0s fam\u00edlias de baixa renda assist\u00eancia t\u00e9cnica p\u00fablica e gratuita para constru\u00e7\u00e3o e reforma de moradias de habita\u00e7\u00e3o de interesse social.\u00a0 A atividade, [&hellip;]<\/p>\n","protected":false},"author":1,"featured_media":0,"comment_status":"open","ping_status":"open","sticky":false,"template":"","format":"standard","meta":{"_uag_custom_page_level_css":"","footnotes":""},"categories":[27],"tags":[973,2020,4869,6542,6543,6784,7845],"class_list":["post-8565","post","type-post","status-publish","format-standard","hentry","category-acontece","tag-assistencia-tecnica-publica-e-gratuita-para-construcao-e-reforma","tag-caurj","tag-familias-de-baixa-renda","tag-jornada-de-assistencia-tecnica","tag-jornada-e-forum-de-assistencia-tecnica-em-habitacao-de-interesse-social","tag-lei-11-8882008","tag-moradias-de-habitacao-popular"],"blocksy_meta":[],"spectra_blocks_featured_image_url":null,"spectra_blocks_author_info":{"display_name":"Jornal da Constru\u00e7\u00e3o Civil","avatar_url":"https:\/\/secure.gravatar.com\/avatar\/973c9774fd44ddaceb026973c4962faa70fc512bc4c9da68e8ebb40fecee6540?s=96&d=mm&r=g","author_link":"https:\/\/construcaocivil.siriusmarketingedesign.com.br\/?author=1","description":"Desde de 2013, levando muitas informa\u00e7\u00f5es, lan\u00e7amentos e produtos de qualidade para toda cadeia produtiva da constru\u00e7\u00e3o. O Futuro da constru\u00e7\u00e3o passa por aqui,"},"uagb_featured_image_src":{"full":false,"thumbnail":false,"medium":false,"medium_large":false,"large":false,"1536x1536":false,"2048x2048":false},"uagb_author_info":{"display_name":"Jornal da Constru\u00e7\u00e3o Civil","author_link":"https:\/\/construcaocivil.siriusmarketingedesign.com.br\/?author=1"},"uagb_comment_info":0,"uagb_excerpt":"Evento aberto ao p\u00fablico acontecer\u00e1 entre 13 e 14 de dezembro na sede do Conselho de Arquitetura e Urbanismo do Rio de Janeiro (CAU\/RJ) Rio, Dezembro, 2017 &#8211; A lei 11.888\/2008 assegura \u00e0s fam\u00edlias de baixa renda assist\u00eancia t\u00e9cnica p\u00fablica e gratuita para constru\u00e7\u00e3o e reforma de moradias de habita\u00e7\u00e3o de interesse social.\u00a0 A atividade,&hellip;","_links":{"self":[{"href":"https:\/\/construcaocivil.siriusmarketingedesign.com.br\/index.php?rest_route=\/wp\/v2\/posts\/8565","targetHints":{"allow":["GET"]}}],"collection":[{"href":"https:\/\/construcaocivil.siriusmarketingedesign.com.br\/index.php?rest_route=\/wp\/v2\/posts"}],"about":[{"href":"https:\/\/construcaocivil.siriusmarketingedesign.com.br\/index.php?rest_route=\/wp\/v2\/types\/post"}],"author":[{"embeddable":true,"href":"https:\/\/construcaocivil.siriusmarketingedesign.com.br\/index.php?rest_route=\/wp\/v2\/users\/1"}],"replies":[{"embeddable":true,"href":"https:\/\/construcaocivil.siriusmarketingedesign.com.br\/index.php?rest_route=%2Fwp%2Fv2%2Fcomments&post=8565"}],"version-history":[{"count":0,"href":"https:\/\/construcaocivil.siriusmarketingedesign.com.br\/index.php?rest_route=\/wp\/v2\/posts\/8565\/revisions"}],"wp:attachment":[{"href":"https:\/\/construcaocivil.siriusmarketingedesign.com.br\/index.php?rest_route=%2Fwp%2Fv2%2Fmedia&parent=8565"}],"wp:term":[{"taxonomy":"category","embeddable":true,"href":"https:\/\/construcaocivil.siriusmarketingedesign.com.br\/index.php?rest_route=%2Fwp%2Fv2%2Fcategories&post=8565"},{"taxonomy":"post_tag","embeddable":true,"href":"https:\/\/construcaocivil.siriusmarketingedesign.com.br\/index.php?rest_route=%2Fwp%2Fv2%2Ftags&post=8565"}],"curies":[{"name":"wp","href":"https:\/\/api.w.org\/{rel}","templated":true}]}}