{"id":8584,"date":"2017-12-12T12:06:00","date_gmt":"2017-12-12T15:06:00","guid":{"rendered":"https:\/\/jornaldaconstrucaocivil.com.br\/?p=8584"},"modified":"2017-12-12T12:06:00","modified_gmt":"2017-12-12T15:06:00","slug":"azulejos-decorados-mica-apresenta-colecao-africa","status":"publish","type":"post","link":"https:\/\/construcaocivil.siriusmarketingedesign.com.br\/?p=8584","title":{"rendered":"Azulejos decorados: Mica apresenta Cole\u00e7\u00e3o \u00c1frica"},"content":{"rendered":"<p style=\"text-align: justify;\"><em><strong><span style=\"color: #000000;\">Cores e formas destacam a cole\u00e7\u00e3o de azulejos decorados da marca<\/span><\/strong><\/em><\/p>\n<p style=\"text-align: justify;\"><span style=\"color: #000000;\"><span style=\"color: #993300;\">Dezembro, 2017<\/span> &#8211; A imagina\u00e7\u00e3o \u00e9 o ponto de partida da arquiteta Gabriela Prusas ao criar a Cole\u00e7\u00e3o \u00c1frica, da Mica Azulejos Decorados. Sem utilizar fotos ou refer\u00eancias, apenas mem\u00f3rias visuais e at\u00e9 sonoras, a cole\u00e7\u00e3o de azulejos transmite em desenhos geom\u00e9tricos as cores e formas deste incr\u00edvel continente.<\/span><\/p>\n<p style=\"text-align: justify;\"><span style=\"color: #000000;\">Com desenhos exclusivos e possibilidade de diversas combina\u00e7\u00f5es sim\u00e9tricas ou assim\u00e9tricas, os azulejos se separam nas linhas Marrocos, Mali, Burkina e Egito. A Mica Azulejos Decorados surgiu da vontade em criar projetos exclusivos de arquitetura, independentemente do tamanho e da complexidade. Cada cole\u00e7\u00e3o vir\u00e1 com azulejos customizados. A proposta \u00e9 que cada pe\u00e7a forme diferentes pain\u00e9is, dando a liberdade para criar lindos ambientes.<\/span><\/p>\n<p style=\"text-align: justify;\"><span style=\"color: #000000;\">A Cole\u00e7\u00e3o \u00c1frica est\u00e1 dispon\u00edvel para venda por m\u00b2 e a <strong><span style=\"color: #0000ff;\">Mica Azulejos Decorados<\/span><\/strong> atende encomendas de todo o Brasil.<\/span><\/p>\n<p style=\"text-align: justify;\">Para mais informa\u00e7\u00f5es acesse<span style=\"text-decoration: underline;\"><span style=\"color: #0000ff; text-decoration: underline;\">\u00a0<a style=\"color: #0000ff; text-decoration: underline;\" href=\"http:\/\/www.micaestudio.com\/\" target=\"_blank\" rel=\"noreferrer\">www.micaestudio.com<\/a><\/span><\/span><\/p>\n","protected":false},"excerpt":{"rendered":"<p>Cores e formas destacam a cole\u00e7\u00e3o de azulejos decorados da marca Dezembro, 2017 &#8211; A imagina\u00e7\u00e3o \u00e9 o ponto de partida da arquiteta Gabriela Prusas ao criar a Cole\u00e7\u00e3o \u00c1frica, da Mica Azulejos Decorados. Sem utilizar fotos ou refer\u00eancias, apenas mem\u00f3rias visuais e at\u00e9 sonoras, a cole\u00e7\u00e3o de azulejos transmite em desenhos geom\u00e9tricos as cores [&hellip;]<\/p>\n","protected":false},"author":1,"featured_media":8585,"comment_status":"open","ping_status":"open","sticky":false,"template":"","format":"standard","meta":{"_uag_custom_page_level_css":"","footnotes":""},"categories":[28],"tags":[1150,1627,1927,2407,2560,4001,7155,7322,7642,9246,12333],"class_list":["post-8584","post","type-post","status-publish","format-standard","has-post-thumbnail","hentry","category-arquitetura","tag-azulejos-decorados","tag-burkina","tag-casa-e-ambientes-decorados","tag-colecao-africa","tag-compra-de-azulejos","tag-egito","tag-mali","tag-marrocos","tag-mica-azulejos-decorados","tag-precos-especiais","tag-vendas-para-todo-o-brasil"],"blocksy_meta":[],"spectra_blocks_featured_image_url":[],"spectra_blocks_author_info":{"display_name":"Jornal da Constru\u00e7\u00e3o Civil","avatar_url":"https:\/\/secure.gravatar.com\/avatar\/973c9774fd44ddaceb026973c4962faa70fc512bc4c9da68e8ebb40fecee6540?s=96&d=mm&r=g","author_link":"https:\/\/construcaocivil.siriusmarketingedesign.com.br\/?author=1","description":"Desde de 2013, levando muitas informa\u00e7\u00f5es, lan\u00e7amentos e produtos de qualidade para toda cadeia produtiva da constru\u00e7\u00e3o. O Futuro da constru\u00e7\u00e3o passa por aqui,"},"uagb_featured_image_src":{"full":false,"thumbnail":false,"medium":false,"medium_large":false,"large":false,"1536x1536":false,"2048x2048":false},"uagb_author_info":{"display_name":"Jornal da Constru\u00e7\u00e3o Civil","author_link":"https:\/\/construcaocivil.siriusmarketingedesign.com.br\/?author=1"},"uagb_comment_info":0,"uagb_excerpt":"Cores e formas destacam a cole\u00e7\u00e3o de azulejos decorados da marca Dezembro, 2017 &#8211; A imagina\u00e7\u00e3o \u00e9 o ponto de partida da arquiteta Gabriela Prusas ao criar a Cole\u00e7\u00e3o \u00c1frica, da Mica Azulejos Decorados. Sem utilizar fotos ou refer\u00eancias, apenas mem\u00f3rias visuais e at\u00e9 sonoras, a cole\u00e7\u00e3o de azulejos transmite em desenhos geom\u00e9tricos as cores&hellip;","_links":{"self":[{"href":"https:\/\/construcaocivil.siriusmarketingedesign.com.br\/index.php?rest_route=\/wp\/v2\/posts\/8584","targetHints":{"allow":["GET"]}}],"collection":[{"href":"https:\/\/construcaocivil.siriusmarketingedesign.com.br\/index.php?rest_route=\/wp\/v2\/posts"}],"about":[{"href":"https:\/\/construcaocivil.siriusmarketingedesign.com.br\/index.php?rest_route=\/wp\/v2\/types\/post"}],"author":[{"embeddable":true,"href":"https:\/\/construcaocivil.siriusmarketingedesign.com.br\/index.php?rest_route=\/wp\/v2\/users\/1"}],"replies":[{"embeddable":true,"href":"https:\/\/construcaocivil.siriusmarketingedesign.com.br\/index.php?rest_route=%2Fwp%2Fv2%2Fcomments&post=8584"}],"version-history":[{"count":0,"href":"https:\/\/construcaocivil.siriusmarketingedesign.com.br\/index.php?rest_route=\/wp\/v2\/posts\/8584\/revisions"}],"wp:attachment":[{"href":"https:\/\/construcaocivil.siriusmarketingedesign.com.br\/index.php?rest_route=%2Fwp%2Fv2%2Fmedia&parent=8584"}],"wp:term":[{"taxonomy":"category","embeddable":true,"href":"https:\/\/construcaocivil.siriusmarketingedesign.com.br\/index.php?rest_route=%2Fwp%2Fv2%2Fcategories&post=8584"},{"taxonomy":"post_tag","embeddable":true,"href":"https:\/\/construcaocivil.siriusmarketingedesign.com.br\/index.php?rest_route=%2Fwp%2Fv2%2Ftags&post=8584"}],"curies":[{"name":"wp","href":"https:\/\/api.w.org\/{rel}","templated":true}]}}