{"id":8615,"date":"2017-12-15T16:09:29","date_gmt":"2017-12-15T19:09:29","guid":{"rendered":"https:\/\/jornaldaconstrucaocivil.com.br\/?p=8615"},"modified":"2017-12-15T16:09:29","modified_gmt":"2017-12-15T19:09:29","slug":"premio-vitae-rio-2017-orgulho-pelas-conquistas-alcancadas","status":"publish","type":"post","link":"https:\/\/construcaocivil.siriusmarketingedesign.com.br\/?p=8615","title":{"rendered":"Pr\u00eamio Vitae-Rio 2017: Orgulho pelas conquistas Alcan\u00e7adas"},"content":{"rendered":"<p><em><strong>Constru\u00e7\u00e3o civil \u00e9 homenageada em ano de crise e novo software \u00e9 lan\u00e7ado<\/strong><\/em><\/p>\n<figure id=\"attachment_8617\" aria-describedby=\"caption-attachment-8617\" style=\"width: 300px\" class=\"wp-caption alignleft\"><a href=\"https:\/\/jornaldaconstrucaocivil.com.br\/wp-content\/uploads\/2017\/12\/Todos-os-homenageados-da-noite-reunidos.jpg\"><img loading=\"lazy\" decoding=\"async\" class=\"wp-image-8617\" src=\"https:\/\/jornaldaconstrucaocivil.com.br\/wp-content\/uploads\/2017\/12\/Todos-os-homenageados-da-noite-reunidos-300x126.jpg\" width=\"300\" height=\"126\" \/><\/a><figcaption id=\"caption-attachment-8617\" class=\"wp-caption-text\"><\/strong><\/em> <em><strong>Todos os homenageados da noite reunidos. Cr\u00e9ditos: Seconci-Rio<\/strong><\/em><\/figcaption><\/figure>\n<p style=\"text-align: justify;\"><span style=\"color: #000000;\"><span style=\"color: #ff6600;\">Rio<\/span>, <span style=\"color: #ff6600;\">dezembro<\/span>, <span style=\"color: #ff6600;\">2017<\/span> &#8211; A noite do dia 13 de dezembro foi de festa para a ind\u00fastria da constru\u00e7\u00e3o civil. Mas a comemora\u00e7\u00e3o foi diferente: o Pr\u00eamio Vitae Rio \u2013 Constru\u00e7\u00e3o Segura, Empresa Viva, que ocorreu no Centro de Conven\u00e7\u00f5es da FIRJAN, no Centro do Rio, promovido pelo Servi\u00e7o Social da Ind\u00fastria da Constru\u00e7\u00e3o no Rio (Seconci-Rio) e pelo Sindicato das Ind\u00fastrias da Constru\u00e7\u00e3o Civil (Sinduscon-Rio), n\u00e3o foi de avalia\u00e7\u00e3o das frentes de trabalho e sim da revis\u00e3o das metodologias utilizadas, valorizando todos aqueles que contribu\u00edram para engrandecer o evento ao longo de seus 12 anos de exist\u00eancia.\u00a0 Num ano marcado por adversidades econ\u00f4micas t\u00e3o profundas, a premia\u00e7\u00e3o enfatizou as grandes conquistas consolidadas para todos os trabalhadores e para todo o setor da constru\u00e7\u00e3o civil do Rio de Janeiro.<\/span><\/p>\n<p style=\"text-align: justify;\"><span style=\"color: #000000;\">Na ocasi\u00e3o, houve a entrega da nova ferramenta de avalia\u00e7\u00e3o desenvolvida durante todo 2017 e que passar\u00e1 a ser disponibilizada a partir do pr\u00f3ximo ano para empresas, avaliadores, ju\u00edzes e coordena\u00e7\u00e3o t\u00e9cnica. Trata-se de um software que verificar\u00e1 com maior precis\u00e3o e facilidade para o usu\u00e1rio, cada crit\u00e9rio do Pr\u00eamio. A cerim\u00f4nia contou com a presen\u00e7a de James Hall, doutorando em Sistemas de Gest\u00e3o Sustent\u00e1veis da Universidade Federal Fluminense, que acompanhou como juiz por 11 anos consecutivos todo o processo de desenvolvimento e crescimento do Pr\u00eamio e desenvolveu a partir da\u00ed sua tese com o objetivo de propor melhorias e fomentar a produ\u00e7\u00e3o de trabalhos cient\u00edficos para contribuir com a dissemina\u00e7\u00e3o, a consolida\u00e7\u00e3o e o aperfei\u00e7oamento constante do Pr\u00eamio Vitae Rio.<\/span><\/p>\n<p><strong><span style=\"color: #993300;\">E finalmente, os trof\u00e9us, com categorias diversas de premia\u00e7\u00e3o neste 2017:<\/span><\/strong><\/p>\n<p style=\"text-align: justify;\"><span style=\"color: #0000ff;\"><strong>Trof\u00e9u Fidelidade<\/strong> &#8211; para as empresas que participaram de todos os ciclos, desde a sua cria\u00e7\u00e3o: Cofix Constru\u00e7\u00f5es e Empreendimentos Ltda, Dominus Engenharia, Gafisa, Cyrela RJZ Construtora e Empreendimentos.<\/span><\/p>\n<p style=\"text-align: justify;\"><span style=\"color: #ff0000;\"><strong>Trof\u00e9u<\/strong> <strong>Evolu\u00e7\u00e3o<\/strong> \u2013 reconhecimento \u00e0s empresas que apresentaram maior tend\u00eancia de crescimento na pontua\u00e7\u00e3o dos crit\u00e9rios do Pr\u00eamio: Jo\u00e3o Fortes Engenharia, Cal\u00e7ada Empreendimento Imobili\u00e1rio, Laer Engenharia, Gafisa S\/A.<\/span><\/p>\n<p><span style=\"color: #993366;\">\u00a0<strong>Trof\u00e9u Honra<\/strong> <strong>ao M\u00e9rito<\/strong> \u2013 para as empresas que mais receberam trof\u00e9us ouro, prata e bronze, ao longo dos 11 anos:<\/span><\/p>\n<p style=\"text-align: justify;\"><span style=\"color: #000000;\">Criado para dar mais visibilidade aos padr\u00f5es de excel\u00eancia em sa\u00fade e seguran\u00e7a das empresas de constru\u00e7\u00e3o, o Pr\u00eamio Vitae-Rio \u00e9 tamb\u00e9m um reconhecimento \u00e0 altura dos resultados positivos do setor, no Munic\u00edpio do Rio de Janeiro, cujo objetivo \u00e9 contribuir para a evolu\u00e7\u00e3o dos processos de sa\u00fade e seguran\u00e7a do trabalho. O Pr\u00eamio beneficiou, nesses \u00faltimos 12 anos, aproximadamente 50 mil trabalhadores da constru\u00e7\u00e3o civil, que s\u00e3o avaliados por cerca de 100 profissionais da \u00e1rea de Sa\u00fade e Seguran\u00e7a do Trabalho; estudantes de P\u00f3s-Gradua\u00e7\u00e3o de Engenharia de Seguran\u00e7a do Trabalho; estudantes da Gradua\u00e7\u00e3o de Engenharia Civil, El\u00e9trica e Produ\u00e7\u00e3o, a partir do 5\u00ba per\u00edodo; e estudantes de curso T\u00e9cnico de Seguran\u00e7a do Trabalho e Edifica\u00e7\u00f5es a partir do 5\u00ba per\u00edodo. As empresas candidatas \u00e0 premia\u00e7\u00e3o passam por duas fases de avalia\u00e7\u00e3o, que incluem an\u00e1lises de relat\u00f3rios e visitas t\u00e9cnicas. O resultado s\u00e3o pareceres detalhados enviados a todos os participantes para que possam ser premiados em cinco categorias distintas.<\/span><\/p>\n<p style=\"text-align: justify;\">Fonte: Imprensa\/Seconci-Rio<\/p>\n","protected":false},"excerpt":{"rendered":"<p>Constru\u00e7\u00e3o civil \u00e9 homenageada em ano de crise e novo software \u00e9 lan\u00e7ado Rio, dezembro, 2017 &#8211; A noite do dia 13 de dezembro foi de festa para a ind\u00fastria da constru\u00e7\u00e3o civil. Mas a comemora\u00e7\u00e3o foi diferente: o Pr\u00eamio Vitae Rio \u2013 Constru\u00e7\u00e3o Segura, Empresa Viva, que ocorreu no Centro de Conven\u00e7\u00f5es da FIRJAN, [&hellip;]<\/p>\n","protected":false},"author":1,"featured_media":8617,"comment_status":"open","ping_status":"open","sticky":false,"template":"","format":"standard","meta":{"_uag_custom_page_level_css":"","footnotes":""},"categories":[27],"tags":[3332,4026,4341,4343,5326,6661,9322,9348,9452,10732,10925,11164,11851],"class_list":["post-8615","post","type-post","status-publish","format-standard","has-post-thumbnail","hentry","category-acontece","tag-cyrela","tag-eletrica","tag-engenharia-civil","tag-engenharia-de-seguranca-do-trabalho","tag-gafisa","tag-laer-engenharia","tag-premio-construcao-civil","tag-premio-vitae-rio","tag-producao","tag-seconci-rio","tag-servico-social-da-construcao-civil","tag-sinduscon-rio","tag-trabalhadores-e-colaboradores-da-construcao"],"blocksy_meta":[],"spectra_blocks_featured_image_url":[],"spectra_blocks_author_info":{"display_name":"Jornal da Constru\u00e7\u00e3o Civil","avatar_url":"https:\/\/secure.gravatar.com\/avatar\/973c9774fd44ddaceb026973c4962faa70fc512bc4c9da68e8ebb40fecee6540?s=96&d=mm&r=g","author_link":"https:\/\/construcaocivil.siriusmarketingedesign.com.br\/?author=1","description":"Desde de 2013, levando muitas informa\u00e7\u00f5es, lan\u00e7amentos e produtos de qualidade para toda cadeia produtiva da constru\u00e7\u00e3o. O Futuro da constru\u00e7\u00e3o passa por aqui,"},"uagb_featured_image_src":{"full":false,"thumbnail":false,"medium":false,"medium_large":false,"large":false,"1536x1536":false,"2048x2048":false},"uagb_author_info":{"display_name":"Jornal da Constru\u00e7\u00e3o Civil","author_link":"https:\/\/construcaocivil.siriusmarketingedesign.com.br\/?author=1"},"uagb_comment_info":0,"uagb_excerpt":"Constru\u00e7\u00e3o civil \u00e9 homenageada em ano de crise e novo software \u00e9 lan\u00e7ado Rio, dezembro, 2017 &#8211; A noite do dia 13 de dezembro foi de festa para a ind\u00fastria da constru\u00e7\u00e3o civil. Mas a comemora\u00e7\u00e3o foi diferente: o Pr\u00eamio Vitae Rio \u2013 Constru\u00e7\u00e3o Segura, Empresa Viva, que ocorreu no Centro de Conven\u00e7\u00f5es da FIRJAN,&hellip;","_links":{"self":[{"href":"https:\/\/construcaocivil.siriusmarketingedesign.com.br\/index.php?rest_route=\/wp\/v2\/posts\/8615","targetHints":{"allow":["GET"]}}],"collection":[{"href":"https:\/\/construcaocivil.siriusmarketingedesign.com.br\/index.php?rest_route=\/wp\/v2\/posts"}],"about":[{"href":"https:\/\/construcaocivil.siriusmarketingedesign.com.br\/index.php?rest_route=\/wp\/v2\/types\/post"}],"author":[{"embeddable":true,"href":"https:\/\/construcaocivil.siriusmarketingedesign.com.br\/index.php?rest_route=\/wp\/v2\/users\/1"}],"replies":[{"embeddable":true,"href":"https:\/\/construcaocivil.siriusmarketingedesign.com.br\/index.php?rest_route=%2Fwp%2Fv2%2Fcomments&post=8615"}],"version-history":[{"count":0,"href":"https:\/\/construcaocivil.siriusmarketingedesign.com.br\/index.php?rest_route=\/wp\/v2\/posts\/8615\/revisions"}],"wp:attachment":[{"href":"https:\/\/construcaocivil.siriusmarketingedesign.com.br\/index.php?rest_route=%2Fwp%2Fv2%2Fmedia&parent=8615"}],"wp:term":[{"taxonomy":"category","embeddable":true,"href":"https:\/\/construcaocivil.siriusmarketingedesign.com.br\/index.php?rest_route=%2Fwp%2Fv2%2Fcategories&post=8615"},{"taxonomy":"post_tag","embeddable":true,"href":"https:\/\/construcaocivil.siriusmarketingedesign.com.br\/index.php?rest_route=%2Fwp%2Fv2%2Ftags&post=8615"}],"curies":[{"name":"wp","href":"https:\/\/api.w.org\/{rel}","templated":true}]}}