{"id":8636,"date":"2017-12-18T19:17:10","date_gmt":"2017-12-18T22:17:10","guid":{"rendered":"https:\/\/jornaldaconstrucaocivil.com.br\/?p=8636"},"modified":"2017-12-18T19:17:10","modified_gmt":"2017-12-18T22:17:10","slug":"sao-goncalo-em-festa-celebra-nova-fase-mrv-engenharia-seconci-rio-e-abrafati-comemoram-a-formatura-de-mais-tres-turmas-com-diversas-benfeitorias-em-vila-lage","status":"publish","type":"post","link":"https:\/\/construcaocivil.siriusmarketingedesign.com.br\/?p=8636","title":{"rendered":"S\u00e3o Gon\u00e7alo em festa celebra nova fase: MRV Engenharia, Seconci-Rio e Abrafati comemoram a formatura de mais tr\u00eas turmas com diversas benfeitorias em Vila Lage"},"content":{"rendered":"<figure id=\"attachment_8637\" aria-describedby=\"caption-attachment-8637\" style=\"width: 300px\" class=\"wp-caption alignleft\"><a href=\"https:\/\/jornaldaconstrucaocivil.com.br\/wp-content\/uploads\/2017\/12\/KS_RES_SOLARE_ENTORNO-14-1-e1513635086201.jpg\"><img loading=\"lazy\" decoding=\"async\" class=\"wp-image-8637 size-medium\" src=\"https:\/\/jornaldaconstrucaocivil.com.br\/wp-content\/uploads\/2017\/12\/KS_RES_SOLARE_ENTORNO-14-1-300x169.jpg\" width=\"300\" height=\"169\" \/><\/a><figcaption id=\"caption-attachment-8637\" class=\"wp-caption-text\">Residencial Solare. Divulga\u00e7\u00e3o<\/figcaption><\/figure>\n<p style=\"text-align: justify;\"><span style=\"color: #000000;\"><span style=\"color: #993300;\">Rio, dezembro, 2017<\/span> &#8211; A MRV Engenharia, o Servi\u00e7o Social da Ind\u00fastria da Constru\u00e7\u00e3o do Rio de Janeiro (Seconci \u2013 Rio), a Associa\u00e7\u00e3o Brasileira dos Fabricantes de Tintas (Abrafati), com o apoio da Suvinil s\u00f3 t\u00eam motivos para comemorar: 72 alunos integrantes do curso de pintores profissionais est\u00e3o prontos para ingressar no mercado de trabalho. Ao todo, j\u00e1 s\u00e3o 225 moradores de S\u00e3o Gon\u00e7alo beneficiados pelo projeto de capacita\u00e7\u00e3o da construtora.\u00a0 A cerim\u00f4nia de formatura acontecer\u00e1 na pr\u00f3xima ter\u00e7a-feira, dia 19 de dezembro, \u00e0s 10:00 horas no canteiro de obras Reserva Solare.<\/span><\/p>\n<p style=\"text-align: justify;\"><span style=\"color: #000000;\">Ap\u00f3s a formatura ser\u00e1 feita a inaugura\u00e7\u00e3o de uma ciclovia de 1 km\u00a0 e a entrega da pintura dos 54 blocos no Conjunto Ararib\u00f3ia, realizada pelos pr\u00f3prios alunos, valorizando social e economicamente a regi\u00e3o. <em><span style=\"color: #333399;\">&#8220;Qualificamos a popula\u00e7\u00e3o e ainda oferecemos um ambiente com mais qualidade de vida e bem-estar&#8221;-<\/span><\/em> destacou Luiz Eduardo Machado, diretor executivo da MRL Engenharia. A atividade faz parte das a\u00e7\u00f5es do projeto Solare Vizinho do Bem, programa de relacionamento entre a MRV e a comunidade local, que recebeu o investimento de 600 mil reais s\u00f3 em paisagismo e sinaliza\u00e7\u00e3o vi\u00e1ria e semaf\u00f3rica.<\/span><\/p>\n<figure id=\"attachment_8638\" aria-describedby=\"caption-attachment-8638\" style=\"width: 300px\" class=\"wp-caption alignright\"><a href=\"https:\/\/jornaldaconstrucaocivil.com.br\/wp-content\/uploads\/2017\/12\/Cheque.jpg\"><img loading=\"lazy\" decoding=\"async\" class=\"wp-image-8638 size-medium\" src=\"https:\/\/jornaldaconstrucaocivil.com.br\/wp-content\/uploads\/2017\/12\/Cheque-300x141.jpg\" alt=\"Cheque\" width=\"300\" height=\"141\" \/><\/a><figcaption id=\"caption-attachment-8638\" class=\"wp-caption-text\">Pr\u00eamio de 14 mil Reais. Divulga\u00e7\u00e3o<\/figcaption><\/figure>\n<p style=\"text-align: justify;\"><span style=\"color: #000000;\">O balan\u00e7o de todas as atividades desenvolvidas pelo programa em 2017 e os dez projetos socioeducativos eleitos atrav\u00e9s de vota\u00e7\u00e3o popular do Edital para Pequenos Projetos ser\u00e3o anunciados na ocasi\u00e3o. Os escolhidos pela comunidade receber\u00e3o um cheque-s\u00edmbolo no valor de 14 mil cada. Em janeiro os projetos receber\u00e3o capacita\u00e7\u00e3o e ser\u00e3o acompanhados durante todo o ano.<\/span><\/p>\n<p style=\"text-align: justify;\"><span style=\"color: #000000;\"><span style=\"color: #993300;\">Mas isso n\u00e3o \u00e9 tudo<\/span>: Papai Noel chegar\u00e1 com lembran\u00e7as para a garotada e o encerramento ser\u00e1 feito com uma emocionante tocata de Natal.<\/span><\/p>\n<p><strong><span style=\"color: #993300;\">SERVI\u00c7O:<\/span><\/strong><\/p>\n<p><span style=\"color: #993300;\">Data: Dia 19 de dezembro, ter\u00e7a-feira<\/span><\/p>\n<p><span style=\"color: #993300;\">Local: Canteiro de Obras Reserva Solare<\/span><\/p>\n<p><span style=\"color: #993300;\">Av. Lucio Tom\u00e9 Feteira, 312 \u2013 Vila Lage, S\u00e3o Gon\u00e7alo \/ RJ<\/span><\/p>\n<p><span style=\"color: #993300;\">Formatura \u2013 Curso de Forma\u00e7\u00e3o Profissional em Pintura Imobili\u00e1ria<\/span><\/p>\n<p><span style=\"color: #993300;\">Inaugura\u00e7\u00e3o da Ciclovia e conclus\u00e3o das pinturas do Conj. Ararib\u00f3ia<\/span><\/p>\n<p><span style=\"color: #993300;\">Hor\u00e1rio: 10:00h<\/span><\/p>\n<p><span style=\"color: #993300;\">Balan\u00e7o das Atividades e Divulga\u00e7\u00e3o do Resultado Edital<\/span><\/p>\n<p><span style=\"color: #993300;\">Hor\u00e1rio: 10:40h<\/span><\/p>\n<p><span style=\"color: #993300;\">Chegada do Papai Noel e Tocata de Natal<\/span><\/p>\n<p><span style=\"color: #993300;\">Hor\u00e1rio:11:30h<\/span><\/p>\n<p style=\"text-align: justify;\">\n<p>&nbsp;<\/p>\n","protected":false},"excerpt":{"rendered":"<p>Rio, dezembro, 2017 &#8211; A MRV Engenharia, o Servi\u00e7o Social da Ind\u00fastria da Constru\u00e7\u00e3o do Rio de Janeiro (Seconci \u2013 Rio), a Associa\u00e7\u00e3o Brasileira dos Fabricantes de Tintas (Abrafati), com o apoio da Suvinil s\u00f3 t\u00eam motivos para comemorar: 72 alunos integrantes do curso de pintores profissionais est\u00e3o prontos para ingressar no mercado de trabalho. [&hellip;]<\/p>\n","protected":false},"author":1,"featured_media":8637,"comment_status":"open","ping_status":"open","sticky":false,"template":"","format":"standard","meta":{"_uag_custom_page_level_css":"","footnotes":""},"categories":[27],"tags":[169,1019,1132,1814,2204,4381,5174,5181,5969,7527,7959,8925,10645,10932],"class_list":["post-8636","post","type-post","status-publish","format-standard","has-post-thumbnail","hentry","category-acontece","tag-312-vila-lage","tag-associacao-brasileira-dos-fabricantes-de-tintas-abrafati","tag-av-lucio-tome-feteira","tag-canteiro-de-obras-reserva-solare","tag-chegada-do-papai-noel","tag-entrega-do-premio-de-14-mil-reais","tag-formacao-de-jovens-pintores","tag-formatura-curso-de-formacao-profissional-em-pintura-imobiliaria","tag-inauguracao-de-uma-ciclovia","tag-mercado-de-trabalho","tag-mrv-engenharia","tag-pintura-imobiliaria","tag-sao-goncalo-rj","tag-servico-social-da-industria-da-construcao-do-rio-de-janeiro-seconci-rio"],"blocksy_meta":[],"spectra_blocks_featured_image_url":[],"spectra_blocks_author_info":{"display_name":"Jornal da Constru\u00e7\u00e3o Civil","avatar_url":"https:\/\/secure.gravatar.com\/avatar\/973c9774fd44ddaceb026973c4962faa70fc512bc4c9da68e8ebb40fecee6540?s=96&d=mm&r=g","author_link":"https:\/\/construcaocivil.siriusmarketingedesign.com.br\/?author=1","description":"Desde de 2013, levando muitas informa\u00e7\u00f5es, lan\u00e7amentos e produtos de qualidade para toda cadeia produtiva da constru\u00e7\u00e3o. O Futuro da constru\u00e7\u00e3o passa por aqui,"},"uagb_featured_image_src":{"full":false,"thumbnail":false,"medium":false,"medium_large":false,"large":false,"1536x1536":false,"2048x2048":false},"uagb_author_info":{"display_name":"Jornal da Constru\u00e7\u00e3o Civil","author_link":"https:\/\/construcaocivil.siriusmarketingedesign.com.br\/?author=1"},"uagb_comment_info":0,"uagb_excerpt":"Rio, dezembro, 2017 &#8211; A MRV Engenharia, o Servi\u00e7o Social da Ind\u00fastria da Constru\u00e7\u00e3o do Rio de Janeiro (Seconci \u2013 Rio), a Associa\u00e7\u00e3o Brasileira dos Fabricantes de Tintas (Abrafati), com o apoio da Suvinil s\u00f3 t\u00eam motivos para comemorar: 72 alunos integrantes do curso de pintores profissionais est\u00e3o prontos para ingressar no mercado de trabalho.&hellip;","_links":{"self":[{"href":"https:\/\/construcaocivil.siriusmarketingedesign.com.br\/index.php?rest_route=\/wp\/v2\/posts\/8636","targetHints":{"allow":["GET"]}}],"collection":[{"href":"https:\/\/construcaocivil.siriusmarketingedesign.com.br\/index.php?rest_route=\/wp\/v2\/posts"}],"about":[{"href":"https:\/\/construcaocivil.siriusmarketingedesign.com.br\/index.php?rest_route=\/wp\/v2\/types\/post"}],"author":[{"embeddable":true,"href":"https:\/\/construcaocivil.siriusmarketingedesign.com.br\/index.php?rest_route=\/wp\/v2\/users\/1"}],"replies":[{"embeddable":true,"href":"https:\/\/construcaocivil.siriusmarketingedesign.com.br\/index.php?rest_route=%2Fwp%2Fv2%2Fcomments&post=8636"}],"version-history":[{"count":0,"href":"https:\/\/construcaocivil.siriusmarketingedesign.com.br\/index.php?rest_route=\/wp\/v2\/posts\/8636\/revisions"}],"wp:attachment":[{"href":"https:\/\/construcaocivil.siriusmarketingedesign.com.br\/index.php?rest_route=%2Fwp%2Fv2%2Fmedia&parent=8636"}],"wp:term":[{"taxonomy":"category","embeddable":true,"href":"https:\/\/construcaocivil.siriusmarketingedesign.com.br\/index.php?rest_route=%2Fwp%2Fv2%2Fcategories&post=8636"},{"taxonomy":"post_tag","embeddable":true,"href":"https:\/\/construcaocivil.siriusmarketingedesign.com.br\/index.php?rest_route=%2Fwp%2Fv2%2Ftags&post=8636"}],"curies":[{"name":"wp","href":"https:\/\/api.w.org\/{rel}","templated":true}]}}