{"id":864,"date":"2016-02-06T13:54:17","date_gmt":"2016-02-06T13:54:17","guid":{"rendered":"http:\/\/www.jornaldaconstrucaocivil.com.br\/?p=864"},"modified":"2016-02-06T13:54:17","modified_gmt":"2016-02-06T13:54:17","slug":"artigo-contratar-bons-profissionais-pode-evitar-problemas-na-hora-de-construir-ou-reformar","status":"publish","type":"post","link":"https:\/\/construcaocivil.siriusmarketingedesign.com.br\/?p=864","title":{"rendered":"Artigo: Contratar bons profissionais pode evitar problemas na hora de construir ou reformar"},"content":{"rendered":"<p><strong><span style=\"color: #000080;\"><em>Daniel Fazenda Freire, diretor-executivo da D2F Engenharia, falou sobre como evitar dores de cabe\u00e7a; dados do CAU\/BR revelam que 85% dos brasileiros n\u00e3o contratam especialistas<\/em><\/span><\/strong><\/p>\n<p align=\"center\"><strong><span style=\"color: #000000;\"><em>Daniel Fazenda Freire, diretor-executivo da D2F Engenharia, falou sobre como evitar dores de cabe\u00e7a; dados do CAU\/BR revelam que 85% dos brasileiros n\u00e3o contratam especialistas<\/em><\/span><\/strong><\/p>\n<p><span style=\"color: #000000;\">Trincas, rachaduras, infiltra\u00e7\u00f5es, acabamentos desgastados, falhas el\u00e9tricas ou hidr\u00e1ulicas s\u00e3o problemas comuns que afetam centenas de resid\u00eancias em todo o Brasil. E quando alguma destas caracter\u00edsticas aparece, \u00e9 bom ficar atento, porque pode estar na hora de planejar uma reforma. Mas, o que fazer para evitar os transtornos que possam surgir durante a execu\u00e7\u00e3o do projeto? A resposta \u00e9 simples: contratar uma boa equipe de profissionais.<\/span><\/p>\n<p><span style=\"color: #000000;\">Dados divulgados pelo Conselho de Arquitetura e Urbanismo do Brasil (CAU\/BR) em parceria com o Instituto Datafolha revelam que, em 2015, 54% dos brasileiros j\u00e1 realizaram uma reforma ou constru\u00e7\u00e3o de im\u00f3vel residencial ou comercial. Deste total, 85% optaram pelo servi\u00e7o sem o aux\u00edlio de um profissional especializado. Apenas 7% das pessoas j\u00e1 contrataram um profissional qualificado para a execu\u00e7\u00e3o de um projeto. (<a style=\"color: #000000;\" href=\"http:\/\/www.caubr.gov.br\/pesquisa2015\" target=\"_blank\"><em>www.caubr.gov.br\/pesquisa2015<\/em><\/a>).<\/span><\/p>\n<p><span style=\"color: #000000;\">Embora uma pequena parcela da popula\u00e7\u00e3o tenha escolhido bons profissionais, 78% demonstraram alt\u00edssimo grau de satisfa\u00e7\u00e3o. \u201cAl\u00e9m de optar por materiais pr\u00e1ticos, modernos e acess\u00edveis, e considerar as mudan\u00e7as necess\u00e1rias e o prazo da obra, \u00e9 importante contratar uma equipe que esteja preparada e capaz de gerenciar o desenvolvimento da obra conforme o cronograma e tamb\u00e9m minimizar e solucionar problemas que ocorram no decorrer do projeto\u201d, destaca o diretor-executivo da D2F Engenharia, Daniel Fazenda Freire.<\/span><\/p>\n<p><span style=\"color: #000000;\">Se a op\u00e7\u00e3o for ampliar o im\u00f3vel, \u00e9 preciso evitar que a estrutura sofra algum dano. \u201cSe a reforma incluir a constru\u00e7\u00e3o de mais um andar, por exemplo, o ideal \u00e9 fazer um refor\u00e7o na estrutura para garantir que o im\u00f3vel esteja em seguran\u00e7a ao longo da execu\u00e7\u00e3o do projeto. Desta forma, n\u00e3o haver\u00e1 danos ao final do processo\u201d, ressalta Freire.<\/span><\/p>\n<p><span style=\"color: #000000;\">Criar solu\u00e7\u00f5es flex\u00edveis ou apostar num estilo mais contempor\u00e2neo de arquitetura, al\u00e9m de proporcionar conforto e sensa\u00e7\u00e3o de bem-estar, resulta em valoriza\u00e7\u00e3o, principalmente, quando a decis\u00e3o \u00e9 por vender o im\u00f3vel. \u201cA vantagem em reformar, al\u00e9m da est\u00e9tica, \u00e9 o valor que agrega ao im\u00f3vel na hora de decidir por vend\u00ea-lo\u201d, finaliza o executivo.<\/span><\/p>\n<p><span style=\"color: #000000;\"><strong>Sobre a D2F Engenharia<\/strong><\/span><\/p>\n<p><span style=\"color: #000000;\">A D2F Engenharia gerencia e executa obras comerciais, corporativas e residenciais de alto padr\u00e3o. O objetivo da empresa \u00e9 oferecer um servi\u00e7o refinado, proporcionar uma experi\u00eancia diferente em engenharia e mudar a percep\u00e7\u00e3o de que construir e reformar sejam situa\u00e7\u00f5es traum\u00e1ticas. Localizada em S\u00e3o Paulo e com atua\u00e7\u00e3o nacional, contabiliza 400 projetos no portf\u00f3lio, entre eles os de estabelecimentos como Bacio di Latte e Starbucks, al\u00e9m das reformas do Parque Ibirapuera e Bosque da Leitura. J\u00e1 na \u00e1rea residencial, realiza obras de casas e apartamentos de luxo situados em regi\u00f5es nobres, sempre priorizando o atendimento e as necessidades do cliente.\u00a0<\/span><\/p>\n<p>Fonte: Assessoria de Imprensa D2F Engenharia<\/p>\n<p>&nbsp;<\/p>\n","protected":false},"excerpt":{"rendered":"<p>Daniel Fazenda Freire, diretor-executivo da D2F Engenharia, falou sobre como evitar dores de cabe\u00e7a; dados do CAU\/BR revelam que 85% dos brasileiros n\u00e3o contratam especialistas Daniel Fazenda Freire, diretor-executivo da D2F Engenharia, falou sobre como evitar dores de cabe\u00e7a; dados do CAU\/BR revelam que 85% dos brasileiros n\u00e3o contratam especialistas Trincas, rachaduras, infiltra\u00e7\u00f5es, acabamentos desgastados, [&hellip;]<\/p>\n","protected":false},"author":1,"featured_media":0,"comment_status":"open","ping_status":"open","sticky":false,"template":"","format":"quote","meta":{"_uag_custom_page_level_css":"","footnotes":""},"categories":[27],"tags":[2021,3033,3337,3355,3639],"class_list":["post-864","post","type-post","status-publish","format-quote","hentry","category-acontece","tag-caubr","tag-contratar","tag-d2f-engenharia","tag-daniel-fazenda-freire","tag-dicas","post_format-post-format-quote"],"blocksy_meta":[],"spectra_blocks_featured_image_url":null,"spectra_blocks_author_info":{"display_name":"Jornal da Constru\u00e7\u00e3o Civil","avatar_url":"https:\/\/secure.gravatar.com\/avatar\/973c9774fd44ddaceb026973c4962faa70fc512bc4c9da68e8ebb40fecee6540?s=96&d=mm&r=g","author_link":"https:\/\/construcaocivil.siriusmarketingedesign.com.br\/?author=1","description":"Desde de 2013, levando muitas informa\u00e7\u00f5es, lan\u00e7amentos e produtos de qualidade para toda cadeia produtiva da constru\u00e7\u00e3o. O Futuro da constru\u00e7\u00e3o passa por aqui,"},"uagb_featured_image_src":{"full":false,"thumbnail":false,"medium":false,"medium_large":false,"large":false,"1536x1536":false,"2048x2048":false},"uagb_author_info":{"display_name":"Jornal da Constru\u00e7\u00e3o Civil","author_link":"https:\/\/construcaocivil.siriusmarketingedesign.com.br\/?author=1"},"uagb_comment_info":0,"uagb_excerpt":"Daniel Fazenda Freire, diretor-executivo da D2F Engenharia, falou sobre como evitar dores de cabe\u00e7a; dados do CAU\/BR revelam que 85% dos brasileiros n\u00e3o contratam especialistas Daniel Fazenda Freire, diretor-executivo da D2F Engenharia, falou sobre como evitar dores de cabe\u00e7a; dados do CAU\/BR revelam que 85% dos brasileiros n\u00e3o contratam especialistas Trincas, rachaduras, infiltra\u00e7\u00f5es, acabamentos desgastados,&hellip;","_links":{"self":[{"href":"https:\/\/construcaocivil.siriusmarketingedesign.com.br\/index.php?rest_route=\/wp\/v2\/posts\/864","targetHints":{"allow":["GET"]}}],"collection":[{"href":"https:\/\/construcaocivil.siriusmarketingedesign.com.br\/index.php?rest_route=\/wp\/v2\/posts"}],"about":[{"href":"https:\/\/construcaocivil.siriusmarketingedesign.com.br\/index.php?rest_route=\/wp\/v2\/types\/post"}],"author":[{"embeddable":true,"href":"https:\/\/construcaocivil.siriusmarketingedesign.com.br\/index.php?rest_route=\/wp\/v2\/users\/1"}],"replies":[{"embeddable":true,"href":"https:\/\/construcaocivil.siriusmarketingedesign.com.br\/index.php?rest_route=%2Fwp%2Fv2%2Fcomments&post=864"}],"version-history":[{"count":0,"href":"https:\/\/construcaocivil.siriusmarketingedesign.com.br\/index.php?rest_route=\/wp\/v2\/posts\/864\/revisions"}],"wp:attachment":[{"href":"https:\/\/construcaocivil.siriusmarketingedesign.com.br\/index.php?rest_route=%2Fwp%2Fv2%2Fmedia&parent=864"}],"wp:term":[{"taxonomy":"category","embeddable":true,"href":"https:\/\/construcaocivil.siriusmarketingedesign.com.br\/index.php?rest_route=%2Fwp%2Fv2%2Fcategories&post=864"},{"taxonomy":"post_tag","embeddable":true,"href":"https:\/\/construcaocivil.siriusmarketingedesign.com.br\/index.php?rest_route=%2Fwp%2Fv2%2Ftags&post=864"}],"curies":[{"name":"wp","href":"https:\/\/api.w.org\/{rel}","templated":true}]}}