{"id":8669,"date":"2017-12-22T18:18:44","date_gmt":"2017-12-22T21:18:44","guid":{"rendered":"https:\/\/jornaldaconstrucaocivil.com.br\/?p=8669"},"modified":"2017-12-22T18:18:44","modified_gmt":"2017-12-22T21:18:44","slug":"exto-maos-a-obra-festa-de-natal-no-lar-jesus-maria-jose","status":"publish","type":"post","link":"https:\/\/construcaocivil.siriusmarketingedesign.com.br\/?p=8669","title":{"rendered":"Exto M\u00e3os \u00e0 Obra &#8211; Festa de Natal no Lar Jesus Maria Jos\u00e9"},"content":{"rendered":"<figure id=\"attachment_8670\" aria-describedby=\"caption-attachment-8670\" style=\"width: 300px\" class=\"wp-caption alignleft\"><a href=\"https:\/\/jornaldaconstrucaocivil.com.br\/wp-content\/uploads\/2017\/12\/Roberto-Matos-e-Fl\u00e1via-Matos-Natal-Lar-Jesus-Maria-Jos\u00e9_EXTO-Incorpora\u00e7\u00e3o-e-Constru\u00e7\u00e3o.jpg\"><img loading=\"lazy\" decoding=\"async\" class=\"wp-image-8670 size-medium\" src=\"https:\/\/jornaldaconstrucaocivil.com.br\/wp-content\/uploads\/2017\/12\/Roberto-Matos-e-Fl\u00e1via-Matos-Natal-Lar-Jesus-Maria-Jos\u00e9_EXTO-Incorpora\u00e7\u00e3o-e-Constru\u00e7\u00e3o-300x200.jpg\" width=\"300\" height=\"200\" \/><\/a><figcaption id=\"caption-attachment-8670\" class=\"wp-caption-text\">Roberto Matos e Fl\u00e1via Matos &#8211; Natal Lar Jesus Maria Jos\u00e9_EXTO Incorpora\u00e7\u00e3o e Constru\u00e7\u00e3o. Divulga\u00e7\u00e3o<\/figcaption><\/figure>\n<p style=\"text-align: justify;\"><span style=\"color: #000000;\"><span style=\"color: #993300;\">Dezembro, 2017<\/span> &#8211; No \u00faltimo dia 5 de dezembro, a Exto Incorpora\u00e7\u00e3o e Constru\u00e7\u00e3o \u2013 que completa 30 anos de atua\u00e7\u00e3o no mercado imobili\u00e1rio\u00a0de S\u00e3o Paulo &#8211; \u00a0celebrou mais uma vez o Natal com o Lar Jesus Maria Jos\u00e9, que acolhe mais de 140 crian\u00e7as, no Morumbi.<\/span><\/p>\n<p style=\"text-align: justify;\"><span style=\"color: #000000;\">Nesse ano, as crian\u00e7as da entidade prepararam apresenta\u00e7\u00f5es especiais em homenagem os funcion\u00e1rios da empresa, que compartilharam uma tarde de brincadeiras e comidinhas, e tamb\u00e9m contou com a presen\u00e7a de Roberto Matos, diretor da construtora, e Flavia Matos, gerente de marketing.<\/span><\/p>\n<p style=\"text-align: justify;\"><span style=\"color: #000000;\">A a\u00e7\u00e3o faz parte do projeto social da empresa, &#8216;Exto M\u00e3os \u00e0 Obra&#8217;, que durante todo o ano auxilia essa e outras institui\u00e7\u00f5es.<\/span><\/p>\n<p style=\"text-align: justify;\">Acesse o site em\u00a0<strong><span style=\"color: #666699;\">exto.com.br<\/span><\/strong><\/p>\n","protected":false},"excerpt":{"rendered":"<p>Dezembro, 2017 &#8211; No \u00faltimo dia 5 de dezembro, a Exto Incorpora\u00e7\u00e3o e Constru\u00e7\u00e3o \u2013 que completa 30 anos de atua\u00e7\u00e3o no mercado imobili\u00e1rio\u00a0de S\u00e3o Paulo &#8211; \u00a0celebrou mais uma vez o Natal com o Lar Jesus Maria Jos\u00e9, que acolhe mais de 140 crian\u00e7as, no Morumbi. Nesse ano, as crian\u00e7as da entidade prepararam apresenta\u00e7\u00f5es [&hellip;]<\/p>\n","protected":false},"author":1,"featured_media":8671,"comment_status":"open","ping_status":"open","sticky":false,"template":"","format":"standard","meta":{"_uag_custom_page_level_css":"","footnotes":""},"categories":[27],"tags":[96,364,2244,2826,4173,4780,4996,6734,7563,7876,9354,10668],"class_list":["post-8669","post","type-post","status-publish","format-standard","has-post-thumbnail","hentry","category-acontece","tag-150-criancas-recebem-festa-de-natal-da-exto-construtora","tag-acao-social","tag-cidadania","tag-construcao-civil","tag-empresa-cidada","tag-exto-maos-a-obra","tag-festa-de-natal-no-lar-jesus-maria-jose","tag-lar-jesus-maria-jose","tag-mercado-imobiliario","tag-morumbi-sp","tag-presentes-para-criancas","tag-sao-paulo"],"blocksy_meta":[],"spectra_blocks_featured_image_url":[],"spectra_blocks_author_info":{"display_name":"Jornal da Constru\u00e7\u00e3o Civil","avatar_url":"https:\/\/secure.gravatar.com\/avatar\/973c9774fd44ddaceb026973c4962faa70fc512bc4c9da68e8ebb40fecee6540?s=96&d=mm&r=g","author_link":"https:\/\/construcaocivil.siriusmarketingedesign.com.br\/?author=1","description":"Desde de 2013, levando muitas informa\u00e7\u00f5es, lan\u00e7amentos e produtos de qualidade para toda cadeia produtiva da constru\u00e7\u00e3o. O Futuro da constru\u00e7\u00e3o passa por aqui,"},"uagb_featured_image_src":{"full":false,"thumbnail":false,"medium":false,"medium_large":false,"large":false,"1536x1536":false,"2048x2048":false},"uagb_author_info":{"display_name":"Jornal da Constru\u00e7\u00e3o Civil","author_link":"https:\/\/construcaocivil.siriusmarketingedesign.com.br\/?author=1"},"uagb_comment_info":0,"uagb_excerpt":"Dezembro, 2017 &#8211; No \u00faltimo dia 5 de dezembro, a Exto Incorpora\u00e7\u00e3o e Constru\u00e7\u00e3o \u2013 que completa 30 anos de atua\u00e7\u00e3o no mercado imobili\u00e1rio\u00a0de S\u00e3o Paulo &#8211; \u00a0celebrou mais uma vez o Natal com o Lar Jesus Maria Jos\u00e9, que acolhe mais de 140 crian\u00e7as, no Morumbi. Nesse ano, as crian\u00e7as da entidade prepararam apresenta\u00e7\u00f5es&hellip;","_links":{"self":[{"href":"https:\/\/construcaocivil.siriusmarketingedesign.com.br\/index.php?rest_route=\/wp\/v2\/posts\/8669","targetHints":{"allow":["GET"]}}],"collection":[{"href":"https:\/\/construcaocivil.siriusmarketingedesign.com.br\/index.php?rest_route=\/wp\/v2\/posts"}],"about":[{"href":"https:\/\/construcaocivil.siriusmarketingedesign.com.br\/index.php?rest_route=\/wp\/v2\/types\/post"}],"author":[{"embeddable":true,"href":"https:\/\/construcaocivil.siriusmarketingedesign.com.br\/index.php?rest_route=\/wp\/v2\/users\/1"}],"replies":[{"embeddable":true,"href":"https:\/\/construcaocivil.siriusmarketingedesign.com.br\/index.php?rest_route=%2Fwp%2Fv2%2Fcomments&post=8669"}],"version-history":[{"count":0,"href":"https:\/\/construcaocivil.siriusmarketingedesign.com.br\/index.php?rest_route=\/wp\/v2\/posts\/8669\/revisions"}],"wp:attachment":[{"href":"https:\/\/construcaocivil.siriusmarketingedesign.com.br\/index.php?rest_route=%2Fwp%2Fv2%2Fmedia&parent=8669"}],"wp:term":[{"taxonomy":"category","embeddable":true,"href":"https:\/\/construcaocivil.siriusmarketingedesign.com.br\/index.php?rest_route=%2Fwp%2Fv2%2Fcategories&post=8669"},{"taxonomy":"post_tag","embeddable":true,"href":"https:\/\/construcaocivil.siriusmarketingedesign.com.br\/index.php?rest_route=%2Fwp%2Fv2%2Ftags&post=8669"}],"curies":[{"name":"wp","href":"https:\/\/api.w.org\/{rel}","templated":true}]}}