{"id":8689,"date":"2017-12-27T15:28:18","date_gmt":"2017-12-27T18:28:18","guid":{"rendered":"https:\/\/jornaldaconstrucaocivil.com.br\/?p=8689"},"modified":"2017-12-27T15:28:18","modified_gmt":"2017-12-27T18:28:18","slug":"cbic-indicadores-de-desemprego-mantem-industria-da-construcao-em-alerta","status":"publish","type":"post","link":"https:\/\/construcaocivil.siriusmarketingedesign.com.br\/?p=8689","title":{"rendered":"CBIC: Indicadores de desemprego mant\u00e9m ind\u00fastria da constru\u00e7\u00e3o em alerta"},"content":{"rendered":"<figure id=\"attachment_8690\" aria-describedby=\"caption-attachment-8690\" style=\"width: 300px\" class=\"wp-caption alignleft\"><a href=\"https:\/\/jornaldaconstrucaocivil.com.br\/wp-content\/uploads\/2017\/12\/Desemprego-na-Constru\u00e7\u00e3o-Civil.jpg\"><img loading=\"lazy\" decoding=\"async\" class=\"wp-image-8690 size-medium\" src=\"https:\/\/jornaldaconstrucaocivil.com.br\/wp-content\/uploads\/2017\/12\/Desemprego-na-Constru\u00e7\u00e3o-Civil-300x258.jpg\" alt=\"Desemprego na Constru\u00e7\u00e3o Civil\" width=\"300\" height=\"258\" \/><\/a><figcaption id=\"caption-attachment-8690\" class=\"wp-caption-text\">Desemprego na Constru\u00e7\u00e3o Civil persiste em 2017. Arquivo &#8211; JCC<\/figcaption><\/figure>\n<p style=\"text-align: justify;\"><span style=\"color: #000000;\"><span style=\"color: #993300;\">Dezembro, 2017<\/span> &#8211; Prestes a encerrar 2017, o Minist\u00e9rio do Trabalho apresentou, nesta quarta-feira (27), os dados do Cadastro Geral de Empregados e Desempregados (CAGED) relativos ao emprego formal no Brasil em novembro. A constru\u00e7\u00e3o civil teve nova retra\u00e7\u00e3o e aparece como o segundo setor com maior saldo negativo no per\u00edodo \u2013 uma perda de 22.826 postos de trabalho. Este n\u00famero \u00e9 1,04% menor em rela\u00e7\u00e3o a outubro, mas mant\u00e9m o resultado negativo no setor. Em novembro, a constru\u00e7\u00e3o fica atr\u00e1s apenas da Ind\u00fastria da Transforma\u00e7\u00e3o. <span style=\"color: #333399;\"><em>&#8220;Esses indicadores refor\u00e7am o que tenho dito: a constru\u00e7\u00e3o civil tanto pode alavancar quanto puxar para baixo o crescimento do pa\u00eds&#8221;<\/em><\/span>, reagiu Jos\u00e9 Carlos Martins, presidente da C\u00e2mara Brasileira da Ind\u00fastria da Constru\u00e7\u00e3o (CBIC).<\/span><\/p>\n<p style=\"text-align: justify;\"><span style=\"color: #000000;\">Em novembro, o CAGED registrou 91.776 admiss\u00f5es com carteira assinada na constru\u00e7\u00e3o civil, enquanto houve 114.602 desligamentos. As principais classes de atividade que impactaram esse saldo negativo foram: <span style=\"color: #993300;\">constru\u00e7\u00e3o de edif\u00edcios (-10.678 vagas)<\/span>, <span style=\"color: #993300;\">constru\u00e7\u00e3o de rodovias e ferrovias (-6.067) e obras de acabamento (-1.717)<\/span>.<\/span><\/p>\n<p style=\"text-align: justify;\"><span style=\"color: #000000;\">Dirigentes e empres\u00e1rios do setor t\u00eam defendido a ado\u00e7\u00e3o de medidas de est\u00edmulo ao setor, que ter\u00e1 retra\u00e7\u00e3o de 6% em 2017. <span style=\"color: #333399;\"><em>&#8220;\u00c9 preciso retomar o investimento e melhorar o ambiente de neg\u00f3cios&#8221;<\/em><\/span>, diz Martins. A CBIC tem discutido com o Governo Federal a execu\u00e7\u00e3o do programa de apoio \u00e0s concess\u00f5es municipais e a solu\u00e7\u00e3o de temas como o distrato.<\/span><\/p>\n<p style=\"text-align: justify;\">Fonte: Imprensa\/CBIC<\/p>\n<p>&nbsp;<\/p>\n","protected":false},"excerpt":{"rendered":"<p>Dezembro, 2017 &#8211; Prestes a encerrar 2017, o Minist\u00e9rio do Trabalho apresentou, nesta quarta-feira (27), os dados do Cadastro Geral de Empregados e Desempregados (CAGED) relativos ao emprego formal no Brasil em novembro. A constru\u00e7\u00e3o civil teve nova retra\u00e7\u00e3o e aparece como o segundo setor com maior saldo negativo no per\u00edodo \u2013 uma perda de [&hellip;]<\/p>\n","protected":false},"author":1,"featured_media":8690,"comment_status":"open","ping_status":"open","sticky":false,"template":"","format":"standard","meta":{"_uag_custom_page_level_css":"","footnotes":""},"categories":[27],"tags":[1574,1673,1674,1709,2031,2640,2860,2875,3505,5561,7721],"class_list":["post-8689","post","type-post","status-publish","format-standard","has-post-thumbnail","hentry","category-acontece","tag-brasilia-df","tag-caged-dados-de-novembro-2017","tag-caged-aponta-desemprego-na-construcao-civil","tag-camara-brasileira-da-industria-da-construcaocbic","tag-cbic-alerta-para-falta-de-medidas-para-o-setor-da-construcao-civil","tag-concessoes-municipais","tag-construcao-de-edificios-perderam-10-678-vagas","tag-construcao-de-rodovias-e-ferrovias-perderam-6-067","tag-desemprego-alto-no-pais","tag-governo-federal-sem-acoes-efetivas","tag-ministerio-do-trabalho-e-emprego"],"blocksy_meta":[],"spectra_blocks_featured_image_url":[],"spectra_blocks_author_info":{"display_name":"Jornal da Constru\u00e7\u00e3o Civil","avatar_url":"https:\/\/secure.gravatar.com\/avatar\/973c9774fd44ddaceb026973c4962faa70fc512bc4c9da68e8ebb40fecee6540?s=96&d=mm&r=g","author_link":"https:\/\/construcaocivil.siriusmarketingedesign.com.br\/?author=1","description":"Desde de 2013, levando muitas informa\u00e7\u00f5es, lan\u00e7amentos e produtos de qualidade para toda cadeia produtiva da constru\u00e7\u00e3o. O Futuro da constru\u00e7\u00e3o passa por aqui,"},"uagb_featured_image_src":{"full":false,"thumbnail":false,"medium":false,"medium_large":false,"large":false,"1536x1536":false,"2048x2048":false},"uagb_author_info":{"display_name":"Jornal da Constru\u00e7\u00e3o Civil","author_link":"https:\/\/construcaocivil.siriusmarketingedesign.com.br\/?author=1"},"uagb_comment_info":0,"uagb_excerpt":"Dezembro, 2017 &#8211; Prestes a encerrar 2017, o Minist\u00e9rio do Trabalho apresentou, nesta quarta-feira (27), os dados do Cadastro Geral de Empregados e Desempregados (CAGED) relativos ao emprego formal no Brasil em novembro. A constru\u00e7\u00e3o civil teve nova retra\u00e7\u00e3o e aparece como o segundo setor com maior saldo negativo no per\u00edodo \u2013 uma perda de&hellip;","_links":{"self":[{"href":"https:\/\/construcaocivil.siriusmarketingedesign.com.br\/index.php?rest_route=\/wp\/v2\/posts\/8689","targetHints":{"allow":["GET"]}}],"collection":[{"href":"https:\/\/construcaocivil.siriusmarketingedesign.com.br\/index.php?rest_route=\/wp\/v2\/posts"}],"about":[{"href":"https:\/\/construcaocivil.siriusmarketingedesign.com.br\/index.php?rest_route=\/wp\/v2\/types\/post"}],"author":[{"embeddable":true,"href":"https:\/\/construcaocivil.siriusmarketingedesign.com.br\/index.php?rest_route=\/wp\/v2\/users\/1"}],"replies":[{"embeddable":true,"href":"https:\/\/construcaocivil.siriusmarketingedesign.com.br\/index.php?rest_route=%2Fwp%2Fv2%2Fcomments&post=8689"}],"version-history":[{"count":0,"href":"https:\/\/construcaocivil.siriusmarketingedesign.com.br\/index.php?rest_route=\/wp\/v2\/posts\/8689\/revisions"}],"wp:attachment":[{"href":"https:\/\/construcaocivil.siriusmarketingedesign.com.br\/index.php?rest_route=%2Fwp%2Fv2%2Fmedia&parent=8689"}],"wp:term":[{"taxonomy":"category","embeddable":true,"href":"https:\/\/construcaocivil.siriusmarketingedesign.com.br\/index.php?rest_route=%2Fwp%2Fv2%2Fcategories&post=8689"},{"taxonomy":"post_tag","embeddable":true,"href":"https:\/\/construcaocivil.siriusmarketingedesign.com.br\/index.php?rest_route=%2Fwp%2Fv2%2Ftags&post=8689"}],"curies":[{"name":"wp","href":"https:\/\/api.w.org\/{rel}","templated":true}]}}