{"id":873,"date":"2016-02-16T16:38:33","date_gmt":"2016-02-16T16:38:33","guid":{"rendered":"http:\/\/www.jornaldaconstrucaocivil.com.br\/?p=873"},"modified":"2016-02-16T16:38:33","modified_gmt":"2016-02-16T16:38:33","slug":"novo-diretor-de-operacoes-do-porto-do-acu","status":"publish","type":"post","link":"https:\/\/construcaocivil.siriusmarketingedesign.com.br\/?p=873","title":{"rendered":"Novo Diretor de Opera\u00e7\u00f5es do Porto do A\u00e7u"},"content":{"rendered":"<p><span style=\"color: #000000;\">O executivo Antonio In\u00e1cio de Souza assume, a partir de hoje, a Diretoria de Opera\u00e7\u00f5es do Porto do A\u00e7u. Com mais de 25 anos de experi\u00eancia, In\u00e1cio gerenciou importantes empreendimentos do pa\u00eds, como o porto de Tubar\u00e3o, o Porto de Sepetiba, Porto de Cubat\u00e3o e Ponta da Madeira.<\/span><\/p>\n<p><span style=\"color: #000000;\">Tamb\u00e9m foi o respons\u00e1vel pela implanta\u00e7\u00e3o da expans\u00e3o da Ferrovia de Caraj\u00e1s, que passou de 110 milh\u00f5es para 230 milh\u00f5es de toneladas de capacidade por ano.<\/span><\/p>\n<p><span style=\"color: #000000;\">No Porto do A\u00e7u, ser\u00e1 o respons\u00e1vel pela opera\u00e7\u00e3o dos terminais e implanta\u00e7\u00e3o de novos empreendimentos.<\/span><\/p>\n<p><span style=\"color: #000000;\">A contrata\u00e7\u00e3o do executivo \u00e9 um marco para o Porto do A\u00e7u, pois al\u00e9m de representar o in\u00edcio da fase operacional do Porto, marca tamb\u00e9m uma nova cultura, focada em seguran\u00e7a e excel\u00eancia.<\/span><\/p>\n<p><span style=\"color: #000000;\">\u00a0In\u00e1cio \u00e9 Engenheiro Mec\u00e2nico formado pela Universidade Federal do Esp\u00edrito Santo, com especializa\u00e7\u00e3o em Neg\u00f3cios e Economia.<\/span><\/p>\n<p><span style=\"color: #000080;\">Fonte: Assessoria de Imprensa Prumo Log\u00edstica\u00a0<\/span><\/p>\n","protected":false},"excerpt":{"rendered":"<p>O executivo Antonio In\u00e1cio de Souza assume, a partir de hoje, a Diretoria de Opera\u00e7\u00f5es do Porto do A\u00e7u. Com mais de 25 anos de experi\u00eancia, In\u00e1cio gerenciou importantes empreendimentos do pa\u00eds, como o porto de Tubar\u00e3o, o Porto de Sepetiba, Porto de Cubat\u00e3o e Ponta da Madeira. Tamb\u00e9m foi o respons\u00e1vel pela implanta\u00e7\u00e3o da [&hellip;]<\/p>\n","protected":false},"author":1,"featured_media":0,"comment_status":"open","ping_status":"open","sticky":false,"template":"","format":"quote","meta":{"_uag_custom_page_level_css":"","footnotes":""},"categories":[27],"tags":[755,8255,9131,9810,10375],"class_list":["post-873","post","type-post","status-publish","format-quote","hentry","category-acontece","tag-antonio-inacio-de-souza","tag-novo-diretor","tag-porto-acu","tag-prumo-logistica","tag-rio-de-janeiro","post_format-post-format-quote"],"blocksy_meta":[],"spectra_blocks_featured_image_url":null,"spectra_blocks_author_info":{"display_name":"Jornal da Constru\u00e7\u00e3o Civil","avatar_url":"https:\/\/secure.gravatar.com\/avatar\/973c9774fd44ddaceb026973c4962faa70fc512bc4c9da68e8ebb40fecee6540?s=96&d=mm&r=g","author_link":"https:\/\/construcaocivil.siriusmarketingedesign.com.br\/?author=1","description":"Desde de 2013, levando muitas informa\u00e7\u00f5es, lan\u00e7amentos e produtos de qualidade para toda cadeia produtiva da constru\u00e7\u00e3o. O Futuro da constru\u00e7\u00e3o passa por aqui,"},"uagb_featured_image_src":{"full":false,"thumbnail":false,"medium":false,"medium_large":false,"large":false,"1536x1536":false,"2048x2048":false},"uagb_author_info":{"display_name":"Jornal da Constru\u00e7\u00e3o Civil","author_link":"https:\/\/construcaocivil.siriusmarketingedesign.com.br\/?author=1"},"uagb_comment_info":0,"uagb_excerpt":"O executivo Antonio In\u00e1cio de Souza assume, a partir de hoje, a Diretoria de Opera\u00e7\u00f5es do Porto do A\u00e7u. Com mais de 25 anos de experi\u00eancia, In\u00e1cio gerenciou importantes empreendimentos do pa\u00eds, como o porto de Tubar\u00e3o, o Porto de Sepetiba, Porto de Cubat\u00e3o e Ponta da Madeira. Tamb\u00e9m foi o respons\u00e1vel pela implanta\u00e7\u00e3o da&hellip;","_links":{"self":[{"href":"https:\/\/construcaocivil.siriusmarketingedesign.com.br\/index.php?rest_route=\/wp\/v2\/posts\/873","targetHints":{"allow":["GET"]}}],"collection":[{"href":"https:\/\/construcaocivil.siriusmarketingedesign.com.br\/index.php?rest_route=\/wp\/v2\/posts"}],"about":[{"href":"https:\/\/construcaocivil.siriusmarketingedesign.com.br\/index.php?rest_route=\/wp\/v2\/types\/post"}],"author":[{"embeddable":true,"href":"https:\/\/construcaocivil.siriusmarketingedesign.com.br\/index.php?rest_route=\/wp\/v2\/users\/1"}],"replies":[{"embeddable":true,"href":"https:\/\/construcaocivil.siriusmarketingedesign.com.br\/index.php?rest_route=%2Fwp%2Fv2%2Fcomments&post=873"}],"version-history":[{"count":0,"href":"https:\/\/construcaocivil.siriusmarketingedesign.com.br\/index.php?rest_route=\/wp\/v2\/posts\/873\/revisions"}],"wp:attachment":[{"href":"https:\/\/construcaocivil.siriusmarketingedesign.com.br\/index.php?rest_route=%2Fwp%2Fv2%2Fmedia&parent=873"}],"wp:term":[{"taxonomy":"category","embeddable":true,"href":"https:\/\/construcaocivil.siriusmarketingedesign.com.br\/index.php?rest_route=%2Fwp%2Fv2%2Fcategories&post=873"},{"taxonomy":"post_tag","embeddable":true,"href":"https:\/\/construcaocivil.siriusmarketingedesign.com.br\/index.php?rest_route=%2Fwp%2Fv2%2Ftags&post=873"}],"curies":[{"name":"wp","href":"https:\/\/api.w.org\/{rel}","templated":true}]}}