{"id":875,"date":"2016-02-16T16:48:56","date_gmt":"2016-02-16T16:48:56","guid":{"rendered":"http:\/\/www.jornaldaconstrucaocivil.com.br\/?p=875"},"modified":"2016-02-16T16:48:56","modified_gmt":"2016-02-16T16:48:56","slug":"bandeirantes-logistica-integrada-apresenta-ipa-reestruturado","status":"publish","type":"post","link":"https:\/\/construcaocivil.siriusmarketingedesign.com.br\/?p=875","title":{"rendered":"Bandeirantes Log\u00edstica Integrada apresenta IPA reestruturado"},"content":{"rendered":"<p><strong><span style=\"color: #000080;\">Principal unidade do grupo teve aumento de 15% na capacidade de armazenamento, al\u00e9m de melhorias de infraestrutura<\/span><\/strong><\/p>\n<p><span style=\"color: #000000;\">A unidade IPA (Instala\u00e7\u00e3o Portu\u00e1ria Alfandegada) da Bandeirantes Log\u00edstica Integrada, que passou por reforma nos \u00faltimos meses, foi entregue reestruturada. A\u00a0 \u00e1rea, localizada nos armaz\u00e9ns 22 e 23 do Porto de Santos, foi ampliada. \u201cA nova posi\u00e7\u00e3o dos gates possibilitar\u00e1 o aumento de 15% na \u00e1rea de armazenamento no p\u00e1tio, ampliando nossa capacidade f\u00edsica para atendimento a clientes \u2013 que deve ser superior a 2.300 TEU \u2013 al\u00e9m de aumentar tamb\u00e9m a seguran\u00e7a da opera\u00e7\u00e3o com a segrega\u00e7\u00e3o dos gates e p\u00e1tio de armazenagem\u201d, explica o presidente Washington Flores.<\/span><\/p>\n<figure id=\"attachment_876\" aria-describedby=\"caption-attachment-876\" style=\"width: 300px\" class=\"wp-caption alignleft\"><a href=\"http:\/\/www.jornaldaconstrucaocivil.com.br\/wp-content\/uploads\/2016\/02\/ViewImage.jpg\"><img loading=\"lazy\" decoding=\"async\" class=\"wp-image-876 size-medium\" src=\"http:\/\/www.jornaldaconstrucaocivil.com.br\/wp-content\/uploads\/2016\/02\/ViewImage-300x200.jpg\" alt=\"ViewImage\" width=\"300\" height=\"200\" \/><\/a><figcaption id=\"caption-attachment-876\" class=\"wp-caption-text\"><span style=\"color: #ff0000;\">Foto: Divulga\u00e7\u00e3o<\/span><\/figcaption><\/figure>\n<p><span style=\"color: #000000;\">O gerente operacional Roberto Pestana conta que \u201cos novos gates s\u00e3o dotados de tecnologia de ponta, o que ir\u00e1 garantir a agilidade nas opera\u00e7\u00f5es de entrada e sa\u00edda de cargas\u201d.<\/span><\/p>\n<p><span style=\"color: #000000;\">A infraestrutura tamb\u00e9m foi otimizada. Um novo pr\u00e9dio administrativo, mais moderno e amplo, foi constru\u00eddo. O novo escrit\u00f3rio dar\u00e1 mais seguran\u00e7a e qualidade de trabalho aos nossos colaboradores e autoridades \u2013 como Alfandega, Anvisa, Minist\u00e9rio da Agricultura, entre outros &#8211; que trabalham diariamente no terminal.<\/span><\/p>\n<p><span style=\"color: #000000;\">Washington Flores enfatiza que \u201cessa estrutura diferenciada ir\u00e1 garantir a mesma qualidade de servi\u00e7o j\u00e1 percebida pelos clientes na opera\u00e7\u00e3o.\u00a0 Com o aumento de espa\u00e7o de armazenagem atingiremos uma gama ainda maior de clientes.\u00a0 S\u00e3o investimentos que trar\u00e3o retorno imediato tanto na qualidade das atividades quanto no volume operado\u201d.<\/span><\/p>\n<p><span style=\"color: #000000;\">\u201cO atendimento especifico aos transportadores e aos despachantes ser\u00e1 diferenciado, daremos a eles total exclusividade em suas atividades. Eles poder\u00e3o contar com moderna tecnologia da informa\u00e7\u00e3o. Com isso, as necessidades de comunica\u00e7\u00e3o com os sistemas do comercio exterior est\u00e3o garantidas de forma r\u00e1pida e eficiente\u201d, garante Pestana.<\/span><\/p>\n<p><span style=\"color: #000000;\">Para os trabalhadores, a Bandeirantes Log\u00edstica Integrada oferece novos escrit\u00f3rios, vesti\u00e1rios e refeit\u00f3rio. \u201cPriorizamos o bem estar dos colaboradores, afinal de contas, um ter\u00e7o do dia deles \u00e9 vivido dentro de nossa empresa. Tudo foi pensado para melhorar ainda mais o conforto e a satisfa\u00e7\u00e3o de fazer parte de nossa equipe\u201d, relata o gerente operacional.<\/span><\/p>\n<p><span style=\"color: #000000;\">Com tudo isso, a Bandeirantes reafirma seu compromisso de se diferenciar pela presta\u00e7\u00e3o de servi\u00e7o e atendimento personalizado aos clientes.\u00a0 \u201cContinuaremos crescendo e atendendo cada um de nossos clientes como \u00fanico.\u00a0 Nossos colaboradores s\u00e3o nosso diferencial e nosso maior valor.\u00a0 Cada um dos l\u00edderes da empresa est\u00e1 comprometido com a pr\u00e1tica da lideran\u00e7a servidora, em valorizar os colaboradores e incentivar a autonomia com responsabilidade para buscar o melhor de cada um em prol do bem comum\u201d, finaliza o presidente.<\/span><\/p>\n<p><span style=\"color: #800080;\">Fonte: Assessoria de Imprensa\u00a0da Bandeirantes Log\u00edstica Integrada<\/span><\/p>\n","protected":false},"excerpt":{"rendered":"<p>Principal unidade do grupo teve aumento de 15% na capacidade de armazenamento, al\u00e9m de melhorias de infraestrutura A unidade IPA (Instala\u00e7\u00e3o Portu\u00e1ria Alfandegada) da Bandeirantes Log\u00edstica Integrada, que passou por reforma nos \u00faltimos meses, foi entregue reestruturada. A\u00a0 \u00e1rea, localizada nos armaz\u00e9ns 22 e 23 do Porto de Santos, foi ampliada. \u201cA nova posi\u00e7\u00e3o dos [&hellip;]<\/p>\n","protected":false},"author":1,"featured_media":876,"comment_status":"open","ping_status":"open","sticky":false,"template":"","format":"standard","meta":{"_uag_custom_page_level_css":"","footnotes":""},"categories":[31],"tags":[1100,1276,2124,9142,9380],"class_list":["post-875","post","type-post","status-publish","format-standard","has-post-thumbnail","hentry","category-infraestrutura","tag-aumento-de-capacidade","tag-bandeirantes-logistica-integrada","tag-centro-moderno","tag-porto-de-santos","tag-presidente-washington-flores"],"blocksy_meta":[],"spectra_blocks_featured_image_url":[],"spectra_blocks_author_info":{"display_name":"Jornal da Constru\u00e7\u00e3o Civil","avatar_url":"https:\/\/secure.gravatar.com\/avatar\/973c9774fd44ddaceb026973c4962faa70fc512bc4c9da68e8ebb40fecee6540?s=96&d=mm&r=g","author_link":"https:\/\/construcaocivil.siriusmarketingedesign.com.br\/?author=1","description":"Desde de 2013, levando muitas informa\u00e7\u00f5es, lan\u00e7amentos e produtos de qualidade para toda cadeia produtiva da constru\u00e7\u00e3o. O Futuro da constru\u00e7\u00e3o passa por aqui,"},"uagb_featured_image_src":{"full":false,"thumbnail":false,"medium":false,"medium_large":false,"large":false,"1536x1536":false,"2048x2048":false},"uagb_author_info":{"display_name":"Jornal da Constru\u00e7\u00e3o Civil","author_link":"https:\/\/construcaocivil.siriusmarketingedesign.com.br\/?author=1"},"uagb_comment_info":0,"uagb_excerpt":"Principal unidade do grupo teve aumento de 15% na capacidade de armazenamento, al\u00e9m de melhorias de infraestrutura A unidade IPA (Instala\u00e7\u00e3o Portu\u00e1ria Alfandegada) da Bandeirantes Log\u00edstica Integrada, que passou por reforma nos \u00faltimos meses, foi entregue reestruturada. A\u00a0 \u00e1rea, localizada nos armaz\u00e9ns 22 e 23 do Porto de Santos, foi ampliada. \u201cA nova posi\u00e7\u00e3o dos&hellip;","_links":{"self":[{"href":"https:\/\/construcaocivil.siriusmarketingedesign.com.br\/index.php?rest_route=\/wp\/v2\/posts\/875","targetHints":{"allow":["GET"]}}],"collection":[{"href":"https:\/\/construcaocivil.siriusmarketingedesign.com.br\/index.php?rest_route=\/wp\/v2\/posts"}],"about":[{"href":"https:\/\/construcaocivil.siriusmarketingedesign.com.br\/index.php?rest_route=\/wp\/v2\/types\/post"}],"author":[{"embeddable":true,"href":"https:\/\/construcaocivil.siriusmarketingedesign.com.br\/index.php?rest_route=\/wp\/v2\/users\/1"}],"replies":[{"embeddable":true,"href":"https:\/\/construcaocivil.siriusmarketingedesign.com.br\/index.php?rest_route=%2Fwp%2Fv2%2Fcomments&post=875"}],"version-history":[{"count":0,"href":"https:\/\/construcaocivil.siriusmarketingedesign.com.br\/index.php?rest_route=\/wp\/v2\/posts\/875\/revisions"}],"wp:attachment":[{"href":"https:\/\/construcaocivil.siriusmarketingedesign.com.br\/index.php?rest_route=%2Fwp%2Fv2%2Fmedia&parent=875"}],"wp:term":[{"taxonomy":"category","embeddable":true,"href":"https:\/\/construcaocivil.siriusmarketingedesign.com.br\/index.php?rest_route=%2Fwp%2Fv2%2Fcategories&post=875"},{"taxonomy":"post_tag","embeddable":true,"href":"https:\/\/construcaocivil.siriusmarketingedesign.com.br\/index.php?rest_route=%2Fwp%2Fv2%2Ftags&post=875"}],"curies":[{"name":"wp","href":"https:\/\/api.w.org\/{rel}","templated":true}]}}