{"id":8755,"date":"2018-01-13T17:23:21","date_gmt":"2018-01-13T20:23:21","guid":{"rendered":"https:\/\/jornaldaconstrucaocivil.com.br\/?p=8755"},"modified":"2018-01-13T17:23:21","modified_gmt":"2018-01-13T20:23:21","slug":"cau-rj-jeferson-salazar-e-eleito-presidente-do-conselho-de-arquitetura-e-urbanismo-do-rio-de-janeiro","status":"publish","type":"post","link":"https:\/\/construcaocivil.siriusmarketingedesign.com.br\/?p=8755","title":{"rendered":"CAU-RJ: Jeferson Salazar \u00e9 eleito presidente do Conselho de Arquitetura e Urbanismo do Rio de Janeiro"},"content":{"rendered":"<p style=\"text-align: justify;\"><span style=\"color: #000000;\"><span style=\"color: #993300;\">Rio, janeiro, 2018<\/span> &#8211; O arquiteto e urbanista\u00a0 Jeferson Roselo Mota Salazar foi eleito para presidir o Conselho de Arquitetura e Urbanismo do Rio de Janeiro (CAU\/RJ) na gest\u00e3o 2018-2020. O Conselheiro obteve 13 dos 25 votos dos conselheiros presentes na primeira reuni\u00e3o plen\u00e1ria de 2018. Quem assume as vice-presid\u00eancias s\u00e3o: Lucas Franco, Isabel Tostes, Nadir Moreira e Edivaldo Souza.<\/span><\/p>\n<p style=\"text-align: justify;\"><span style=\"color: #000000;\">O exerc\u00edcio da atividade de presidente do CAU \u00e9 volunt\u00e1rio e a fun\u00e7\u00e3o priorit\u00e1ria \u00e9 decidir sobre assuntos institucionais e administrativos, al\u00e9m de zelar pelo cumprimento das disposi\u00e7\u00f5es legais vigentes e das decis\u00f5es tomadas em plen\u00e1rio. Para o novo presidente, existe um conjunto de desafios a ser enfrentado pelo Conselho como promover a assist\u00eancia t\u00e9cnica p\u00fablica e gratuita para cidad\u00e3os de baixa renda para construir ou reformar em \u00e1reas de vulnerabilidade, lutar pela equipara\u00e7\u00e3o salarial entre homens e mulheres na arquitetura e urbanismo, combater o exerc\u00edcio ilegal da profiss\u00e3o e a pr\u00e1tica de reserva t\u00e9cnica (comiss\u00e3o financeira paga por fornecedores ao arquiteto e urbanista pela escolha de seus produtos), assim como a interioriza\u00e7\u00e3o da autarquia no Estado.<\/span><\/p>\n<p style=\"text-align: justify;\"><span style=\"color: #000000;\"><span style=\"color: #000080;\"><em>&#8220;A arquitetura e urbanismo deve ser acess\u00edvel a toda sociedade. Al\u00e9m de garantir o direito \u00e0 cidade, nossa profiss\u00e3o \u00e9 capaz de influenciar em pol\u00edticas como a de sa\u00fade. Ambientes bem constru\u00eddos, com ilumina\u00e7\u00e3o e ventila\u00e7\u00e3o adequadas, reduz a incid\u00eancia de v\u00e1rias doen\u00e7as. A Rocinha, por exemplo, registra n\u00fameros impressionantes de casos de tuberculose. <strong>Agora, no Vidigal, Zona Sul do Rio, vive-se um surto de hepatite A&#8221;<\/strong><\/em><\/span><strong>,<\/strong> afirmou o novo presidente do CAU\/RJ. A promo\u00e7\u00e3o da igualdade de g\u00eanero na Arquitetura e Urbanismo ser\u00e1 uma das pautas priorit\u00e1rias no pr\u00f3ximo tri\u00eanio do Conselho.<span style=\"color: #000080;\"><em> &#8220;As mulheres respondem por 62,5% dos profissionais da arquitetura no pa\u00eds. No entanto, o trabalho por elas desempenhado fica, muitas vezes, em segundo plano. Precisamos mudar esse cen\u00e1rio e batalhar tamb\u00e9m pela equipara\u00e7\u00e3o salarial das arquitetas. O trabalho da mulher tem o mesmo valor ao do homem&#8221;, defendeu Salazar. Ainda segundo o arquiteto, o Conselho deve ser mais incisivo contra o exerc\u00edcio ilegal da profiss\u00e3o e a reserva t\u00e9cnica. &#8220;S\u00e3o pr\u00e1ticas que desprestigiam a profiss\u00e3o&#8221;<\/em><\/span>, disse.<\/span><\/p>\n<p style=\"text-align: justify;\"><span style=\"color: #993300;\"><strong>Perfil Jeferson Roselo Mota Salazar<\/strong><\/span><\/p>\n<p style=\"text-align: justify;\"><span style=\"color: #333333;\">Salazar foi presidente do Sindicato dos Arquitetos e Urbanista no Estado do Rio de Janeiro (Sarj) e da Federa\u00e7\u00e3o Nacional dos Arquitetos e Urbanistas (FNA); coordenador do Col\u00e9gio Brasileiro de Arquitetos e do Colegiado das Entidades Nacionais de Arquitetos e Urbanistas do CAU\/BR; conselheiro e diretor do Crea-RJ. Graduado pela Faculdade de Arquitetura de Barra do Pira\u00ed, o maranhense de 59 anos \u00e9 mestre em Ci\u00eancias em Arquitetura pelo PROARQ da FAU\/UFRJ e Engenheiro de Seguran\u00e7a do Trabalho pela EE\/UFRJ. \u00c9 arquiteto e urbanista do quadro permanente da UFRJ, onde coordenou o setor de produ\u00e7\u00e3o do Grupo Executivo de Manuten\u00e7\u00e3o e Desenvolvimento e o Servi\u00e7o de Manuten\u00e7\u00e3o T\u00e9cnica 2; foi pesquisador e coordenador do Laborat\u00f3rio de Ensaios de Materiais de Constru\u00e7\u00e3o da FAU\/UFRJ; e foi membro titular do Conselho Universit\u00e1rio. Salazar tamb\u00e9m atua como assessor da Universidade da Cidadania, \u00f3rg\u00e3o do FCC\/UFRJ e como conselheiro titular do Conselho Nacional das Cidades. Foi ainda consultor t\u00e9cnico e professor da cadeira de Patologia das Constru\u00e7\u00f5es, do curso de especializa\u00e7\u00e3o em Arquitetura Ambiental da Universidade Gama Filho.<\/span><\/p>\n<p style=\"text-align: justify;\">Fonte: Imprensa\/CAU-RJ<\/p>\n","protected":false},"excerpt":{"rendered":"<p>Rio, janeiro, 2018 &#8211; O arquiteto e urbanista\u00a0 Jeferson Roselo Mota Salazar foi eleito para presidir o Conselho de Arquitetura e Urbanismo do Rio de Janeiro (CAU\/RJ) na gest\u00e3o 2018-2020. O Conselheiro obteve 13 dos 25 votos dos conselheiros presentes na primeira reuni\u00e3o plen\u00e1ria de 2018. Quem assume as vice-presid\u00eancias s\u00e3o: Lucas Franco, Isabel Tostes, [&hellip;]<\/p>\n","protected":false},"author":1,"featured_media":0,"comment_status":"open","ping_status":"open","sticky":false,"template":"","format":"standard","meta":{"_uag_custom_page_level_css":"","footnotes":""},"categories":[27],"tags":[904,923,2017,2248,2272,6505,7846,11269],"class_list":["post-8755","post","type-post","status-publish","format-standard","hentry","category-acontece","tag-arquiteto-e-urbanista-jeferson-roselo-mota-salazar","tag-arquitetura-e-urbanismo","tag-cau-rj-elegeu-novo-presidente-para-201820","tag-cidade-acessivel-para-todos","tag-cidades-mais-humanas","tag-jeferson-salazar-e-eleito-presidente-do-conselho-de-arquitetura-e-urbanismo-do-rio","tag-moradias-dignas-para-todos","tag-sociedade-e-cidadania"],"blocksy_meta":[],"spectra_blocks_featured_image_url":null,"spectra_blocks_author_info":{"display_name":"Jornal da Constru\u00e7\u00e3o Civil","avatar_url":"https:\/\/secure.gravatar.com\/avatar\/973c9774fd44ddaceb026973c4962faa70fc512bc4c9da68e8ebb40fecee6540?s=96&d=mm&r=g","author_link":"https:\/\/construcaocivil.siriusmarketingedesign.com.br\/?author=1","description":"Desde de 2013, levando muitas informa\u00e7\u00f5es, lan\u00e7amentos e produtos de qualidade para toda cadeia produtiva da constru\u00e7\u00e3o. O Futuro da constru\u00e7\u00e3o passa por aqui,"},"uagb_featured_image_src":{"full":false,"thumbnail":false,"medium":false,"medium_large":false,"large":false,"1536x1536":false,"2048x2048":false},"uagb_author_info":{"display_name":"Jornal da Constru\u00e7\u00e3o Civil","author_link":"https:\/\/construcaocivil.siriusmarketingedesign.com.br\/?author=1"},"uagb_comment_info":0,"uagb_excerpt":"Rio, janeiro, 2018 &#8211; O arquiteto e urbanista\u00a0 Jeferson Roselo Mota Salazar foi eleito para presidir o Conselho de Arquitetura e Urbanismo do Rio de Janeiro (CAU\/RJ) na gest\u00e3o 2018-2020. O Conselheiro obteve 13 dos 25 votos dos conselheiros presentes na primeira reuni\u00e3o plen\u00e1ria de 2018. Quem assume as vice-presid\u00eancias s\u00e3o: Lucas Franco, Isabel Tostes,&hellip;","_links":{"self":[{"href":"https:\/\/construcaocivil.siriusmarketingedesign.com.br\/index.php?rest_route=\/wp\/v2\/posts\/8755","targetHints":{"allow":["GET"]}}],"collection":[{"href":"https:\/\/construcaocivil.siriusmarketingedesign.com.br\/index.php?rest_route=\/wp\/v2\/posts"}],"about":[{"href":"https:\/\/construcaocivil.siriusmarketingedesign.com.br\/index.php?rest_route=\/wp\/v2\/types\/post"}],"author":[{"embeddable":true,"href":"https:\/\/construcaocivil.siriusmarketingedesign.com.br\/index.php?rest_route=\/wp\/v2\/users\/1"}],"replies":[{"embeddable":true,"href":"https:\/\/construcaocivil.siriusmarketingedesign.com.br\/index.php?rest_route=%2Fwp%2Fv2%2Fcomments&post=8755"}],"version-history":[{"count":0,"href":"https:\/\/construcaocivil.siriusmarketingedesign.com.br\/index.php?rest_route=\/wp\/v2\/posts\/8755\/revisions"}],"wp:attachment":[{"href":"https:\/\/construcaocivil.siriusmarketingedesign.com.br\/index.php?rest_route=%2Fwp%2Fv2%2Fmedia&parent=8755"}],"wp:term":[{"taxonomy":"category","embeddable":true,"href":"https:\/\/construcaocivil.siriusmarketingedesign.com.br\/index.php?rest_route=%2Fwp%2Fv2%2Fcategories&post=8755"},{"taxonomy":"post_tag","embeddable":true,"href":"https:\/\/construcaocivil.siriusmarketingedesign.com.br\/index.php?rest_route=%2Fwp%2Fv2%2Ftags&post=8755"}],"curies":[{"name":"wp","href":"https:\/\/api.w.org\/{rel}","templated":true}]}}