{"id":880,"date":"2016-02-18T14:46:24","date_gmt":"2016-02-18T14:46:24","guid":{"rendered":"http:\/\/www.jornaldaconstrucaocivil.com.br\/?p=880"},"modified":"2016-02-18T14:46:24","modified_gmt":"2016-02-18T14:46:24","slug":"japi-lanca-cuba-de-apoio-inovadora-em-design-e-cor","status":"publish","type":"post","link":"https:\/\/construcaocivil.siriusmarketingedesign.com.br\/?p=880","title":{"rendered":"JAPI LAN\u00c7A CUBA DE APOIO INOVADORA EM DESIGN E COR"},"content":{"rendered":"<p><strong><span style=\"color: #000080;\">L\u00edder no segmento de vasos em polietileno, com mais de 20 anos no mercado de metais sanit\u00e1rios, a Japi lan\u00e7ou em 2015 mais de\u00a085\u00a0itens que agregam praticidade e \u00f3tima rela\u00e7\u00e3o custo\/benef\u00edcio. Com isso, a empresa viu crescer sua demanda em produtos para pequenos ambientes.<\/span><\/strong><\/p>\n<p><span style=\"color: #000000;\">Por esses fatores, a marca, que \u00e9 extremamente conceitual em suas cria\u00e7\u00f5es, acaba de lan\u00e7ar uma\u00a0<strong>cuba preta de apoio<\/strong>. A cuba Livorno tem tra\u00e7os marcantes, se apoia em uma delicada combina\u00e7\u00e3o de formas e apresenta uma mescla entre o redondo do interior da cuba e a forma hexagonal na parte externa e de acabamento da pe\u00e7a.<\/span><\/p>\n<figure id=\"attachment_881\" aria-describedby=\"caption-attachment-881\" style=\"width: 300px\" class=\"wp-caption alignleft\"><a href=\"http:\/\/www.jornaldaconstrucaocivil.com.br\/wp-content\/uploads\/2016\/02\/JAPI.png\"><img loading=\"lazy\" decoding=\"async\" class=\"wp-image-881 size-medium\" src=\"http:\/\/www.jornaldaconstrucaocivil.com.br\/wp-content\/uploads\/2016\/02\/JAPI-300x181.png\" alt=\"JAPI\" width=\"300\" height=\"181\" \/><\/a><figcaption id=\"caption-attachment-881\" class=\"wp-caption-text\"><span style=\"color: #ff0000;\">Imagem: Divulga\u00e7\u00e3o<\/span><\/figcaption><\/figure>\n<p><span style=\"color: #000000;\">\u201cO hex\u00e1gono tem harmonia em sua forma geom\u00e9trica e essa pe\u00e7a conta com uma simetria, formada pelo agrupamento de seis tri\u00e2ngulos equil\u00e1teros (tr\u00eas lados de mesma medida), atrav\u00e9s de um v\u00e9rtice central. N\u00f3s a idealizamos assim para deix\u00e1-la com um visual arrojado e intrigante\u201d, explica o coordenador da \u00e1rea de desenvolvimento de mercado da Japi, Gabriel Bosso.<\/span><\/p>\n<p><span style=\"color: #000000;\">De f\u00e1cil instala\u00e7\u00e3o sobre bancada, a pe\u00e7a vem pronta para o uso e mede 370mm em seu maior lado por 135mm de altura, tendo 29 cm de di\u00e2metro. Nos pr\u00f3ximos meses, a ind\u00fastria do interior paulista lan\u00e7ar\u00e1 outros itens para ampliar essa linha de produtos<\/span>.<\/p>\n<p>&nbsp;<\/p>\n<p><span style=\"color: #000080;\"><strong>Sobre o Grupo Astra\u00a0<\/strong><\/span><\/p>\n<p><span style=\"color: #000000;\">O Grupo Astra \u00e9 formado pelas marcas <strong>Astra, Japi e Integral<\/strong>, que, juntas, est\u00e3o entre os mais importantes fornecedores para o mercado da constru\u00e7\u00e3o no Brasil.<\/span><\/p>\n<p><span style=\"color: #000000;\">Em 2014, o Grupo Astra faturou <strong>R$ 671 milh\u00f5es<\/strong> e investiu <strong>R$ 9,6 milh\u00f5es<\/strong> em seu parque industrial na cidade de Jundia\u00ed, S\u00e3o Paulo, onde est\u00e3o sediadas as <strong>11 unidades<\/strong> das empresas, a 60 km da capital paulista, somando <strong>144.200 mil m\u00b2 de \u00e1rea constru\u00edda<\/strong>. Cerca de <strong>2.540 empregos<\/strong> diretos s\u00e3o gerados pelas atividades das ind\u00fastrias. S\u00e3o <strong>seis mil<\/strong> itens comercializados em mais de <strong>36.700<\/strong> pontos de vendas pelo Brasil. O Grupo Astra tem na <strong>exporta\u00e7\u00e3o 6,7%<\/strong> de seu faturamento e j\u00e1 est\u00e1 presente em toda Am\u00e9rica Latina, Estados Unidos e em pa\u00edses da \u00c1frica e Oriente M\u00e9dio.<\/span><\/p>\n<p><span style=\"color: #000000;\">Saiba mais sobre o Grupo Astra em: <span style=\"color: #000080;\">http:\/\/www.astra-sa.com.br<\/span><\/span><\/p>\n","protected":false},"excerpt":{"rendered":"<p>L\u00edder no segmento de vasos em polietileno, com mais de 20 anos no mercado de metais sanit\u00e1rios, a Japi lan\u00e7ou em 2015 mais de\u00a085\u00a0itens que agregam praticidade e \u00f3tima rela\u00e7\u00e3o custo\/benef\u00edcio. Com isso, a empresa viu crescer sua demanda em produtos para pequenos ambientes. Por esses fatores, a marca, que \u00e9 extremamente conceitual em suas [&hellip;]<\/p>\n","protected":false},"author":1,"featured_media":881,"comment_status":"open","ping_status":"open","sticky":false,"template":"","format":"standard","meta":{"_uag_custom_page_level_css":"","footnotes":""},"categories":[28],"tags":[3240,3534,5654,6467,6867,7046],"class_list":["post-880","post","type-post","status-publish","format-standard","has-post-thumbnail","hentry","category-arquitetura","tag-cuba-preta","tag-design","tag-grupo-astra","tag-japi","tag-lider-no-mercado","tag-loucas-sanitarias"],"blocksy_meta":[],"spectra_blocks_featured_image_url":[],"spectra_blocks_author_info":{"display_name":"Jornal da Constru\u00e7\u00e3o Civil","avatar_url":"https:\/\/secure.gravatar.com\/avatar\/973c9774fd44ddaceb026973c4962faa70fc512bc4c9da68e8ebb40fecee6540?s=96&d=mm&r=g","author_link":"https:\/\/construcaocivil.siriusmarketingedesign.com.br\/?author=1","description":"Desde de 2013, levando muitas informa\u00e7\u00f5es, lan\u00e7amentos e produtos de qualidade para toda cadeia produtiva da constru\u00e7\u00e3o. O Futuro da constru\u00e7\u00e3o passa por aqui,"},"uagb_featured_image_src":{"full":false,"thumbnail":false,"medium":false,"medium_large":false,"large":false,"1536x1536":false,"2048x2048":false},"uagb_author_info":{"display_name":"Jornal da Constru\u00e7\u00e3o Civil","author_link":"https:\/\/construcaocivil.siriusmarketingedesign.com.br\/?author=1"},"uagb_comment_info":0,"uagb_excerpt":"L\u00edder no segmento de vasos em polietileno, com mais de 20 anos no mercado de metais sanit\u00e1rios, a Japi lan\u00e7ou em 2015 mais de\u00a085\u00a0itens que agregam praticidade e \u00f3tima rela\u00e7\u00e3o custo\/benef\u00edcio. Com isso, a empresa viu crescer sua demanda em produtos para pequenos ambientes. Por esses fatores, a marca, que \u00e9 extremamente conceitual em suas&hellip;","_links":{"self":[{"href":"https:\/\/construcaocivil.siriusmarketingedesign.com.br\/index.php?rest_route=\/wp\/v2\/posts\/880","targetHints":{"allow":["GET"]}}],"collection":[{"href":"https:\/\/construcaocivil.siriusmarketingedesign.com.br\/index.php?rest_route=\/wp\/v2\/posts"}],"about":[{"href":"https:\/\/construcaocivil.siriusmarketingedesign.com.br\/index.php?rest_route=\/wp\/v2\/types\/post"}],"author":[{"embeddable":true,"href":"https:\/\/construcaocivil.siriusmarketingedesign.com.br\/index.php?rest_route=\/wp\/v2\/users\/1"}],"replies":[{"embeddable":true,"href":"https:\/\/construcaocivil.siriusmarketingedesign.com.br\/index.php?rest_route=%2Fwp%2Fv2%2Fcomments&post=880"}],"version-history":[{"count":0,"href":"https:\/\/construcaocivil.siriusmarketingedesign.com.br\/index.php?rest_route=\/wp\/v2\/posts\/880\/revisions"}],"wp:attachment":[{"href":"https:\/\/construcaocivil.siriusmarketingedesign.com.br\/index.php?rest_route=%2Fwp%2Fv2%2Fmedia&parent=880"}],"wp:term":[{"taxonomy":"category","embeddable":true,"href":"https:\/\/construcaocivil.siriusmarketingedesign.com.br\/index.php?rest_route=%2Fwp%2Fv2%2Fcategories&post=880"},{"taxonomy":"post_tag","embeddable":true,"href":"https:\/\/construcaocivil.siriusmarketingedesign.com.br\/index.php?rest_route=%2Fwp%2Fv2%2Ftags&post=880"}],"curies":[{"name":"wp","href":"https:\/\/api.w.org\/{rel}","templated":true}]}}