{"id":8815,"date":"2018-01-24T10:24:29","date_gmt":"2018-01-24T13:24:29","guid":{"rendered":"https:\/\/jornaldaconstrucaocivil.com.br\/?p=8815"},"modified":"2018-01-24T10:24:29","modified_gmt":"2018-01-24T13:24:29","slug":"casa-e-decoracao-donaflor-mobilia-lanca-a-minimalista-colecao-doc","status":"publish","type":"post","link":"https:\/\/construcaocivil.siriusmarketingedesign.com.br\/?p=8815","title":{"rendered":"Casa e Decora\u00e7\u00e3o: DonaFlor Mob\u00edlia lan\u00e7a a minimalista Cole\u00e7\u00e3o Doc"},"content":{"rendered":"<p><em><strong>Pe\u00e7as levam a assinatura do designer Bruno Faucz<\/strong><\/em><\/p>\n<p style=\"text-align: justify;\"><span style=\"color: #000000;\"><span style=\"color: #993300;\">Janeiro, 2018<\/span> &#8211; Especializada em mobili\u00e1rio e acess\u00f3rios assinados para \u00e1rea externa, a DonaFlor Mob\u00edlia prima por pe\u00e7as de design leve e funcional, alinhadas ao morar contempor\u00e2neo em uma perfeita harmonia entre est\u00e9tica, design e funcionalidade. Transbordando bossa e personalidade, a\u00a0<strong>Cole\u00e7\u00e3o Doc<\/strong>\u00a0&#8211; co-criada em parceria com o designer Bruno Faucz \u2013 exalta em um desenho l\u00edmpido e minimalista as caracter\u00edsticas dos m\u00f3veis da marca, mantendo equil\u00edbrio entre uma base neutra com detalhes de ousadia.<\/span><\/p>\n<figure id=\"attachment_8816\" aria-describedby=\"caption-attachment-8816\" style=\"width: 283px\" class=\"wp-caption alignleft\"><a href=\"https:\/\/jornaldaconstrucaocivil.com.br\/wp-content\/uploads\/2018\/01\/unnamed.jpg\"><img loading=\"lazy\" decoding=\"async\" class=\"wp-image-8816\" src=\"https:\/\/jornaldaconstrucaocivil.com.br\/wp-content\/uploads\/2018\/01\/unnamed-300x216.jpg\" width=\"283\" height=\"204\" \/><\/a><figcaption id=\"caption-attachment-8816\" class=\"wp-caption-text\">DonaFlor Mob\u00edlia lan\u00e7a a minimalista Cole\u00e7\u00e3o Doc<\/figcaption><\/figure>\n<p style=\"text-align: justify;\"><span style=\"color: #000000;\">O design da Doc nasceu do desenho \u00e0 m\u00e3o, onde as linhas tra\u00e7adas pela lapiseira do designer \u2013 em admira\u00e7\u00e3o \u00e0 influ\u00eancia da escola Bauhaus \u2013 retratam a beleza dos espa\u00e7os vazios em rela\u00e7\u00e3o aos preenchidos. Assim, a ideia primordial das pe\u00e7as \u00e9 manter o necess\u00e1rio da estrutura, sem grandes interfer\u00eancias.<\/span><\/p>\n<p style=\"text-align: justify;\"><span style=\"color: #000000;\">S\u00e3o chaises, poltronas e cadeiras estruturados em alum\u00ednio, em espessuras delicadas que consegue manter a originalidade da proposta do desenho feito no papel: apenas linhas que se cruzam, buscando a propor\u00e7\u00e3o nos espa\u00e7os vazios. As \u00e1reas de contato com o corpo recebem uma trama bem trabalhada composta de fibra sint\u00e9tica e corda n\u00e1utica, gerando um visual rico de textura.<\/span><\/p>\n<p style=\"text-align: justify;\"><span style=\"color: #000000;\">Em harmonia com a tend\u00eancia do morar atual, a Cole\u00e7\u00e3o Doc preza pela integra\u00e7\u00e3o total de ambientes indoor e outdoor, enfatizando o esp\u00edrito camale\u00e3o t\u00edpico dos m\u00f3veis DonaFlor Mob\u00edlia: ser resistente \u00e0 intemp\u00e9rie sem perder o conforto e a originalidade do design brasileiro, a ponto de fazer parte dos espa\u00e7os interiores com gra\u00e7a e beleza. Doc \u00e9 pr\u00e1tica para o uso di\u00e1rio e simples visualmente, em uma linguagem elegante e atemporal.<\/span><\/p>\n<p style=\"text-align: justify;\">Acesse o site:\u00a0<span style=\"text-decoration: underline;\"><span style=\"color: #000080;\"><a style=\"color: #000080; text-decoration: underline;\" title=\"www.donaflormobilia.com.br \" href=\"http:\/\/www.imcgrupo.com\/link.php?code=bDpodHRwJTNBJTJGJTJGd3d3LmRvbmFmbG9ybW9iaWxpYS5jb20uYnIlMjUyMDoyNTU4ODk1MjU4OndlYm9icmFzQGdtYWlsLmNvbTo4YTU2MWFkMzA3MjA5ZTJmNTk1NTEyYjY2ODU5ZGZkMjkw\" target=\"_blank\" data-saferedirecturl=\"https:\/\/www.google.com\/url?hl=pt-PT&amp;q=http:\/\/www.imcgrupo.com\/link.php?code%3DbDpodHRwJTNBJTJGJTJGd3d3LmRvbmFmbG9ybW9iaWxpYS5jb20uYnIlMjUyMDoyNTU4ODk1MjU4OndlYm9icmFzQGdtYWlsLmNvbTo4YTU2MWFkMzA3MjA5ZTJmNTk1NTEyYjY2ODU5ZGZkMjkw&amp;source=gmail&amp;ust=1516886036779000&amp;usg=AFQjCNFWxE7NvbVFN0xdOsfYsZ8v1O_n8w\">www.donaflormobilia.com.br<\/a><\/span><\/span><\/p>\n","protected":false},"excerpt":{"rendered":"<p>Pe\u00e7as levam a assinatura do designer Bruno Faucz Janeiro, 2018 &#8211; Especializada em mobili\u00e1rio e acess\u00f3rios assinados para \u00e1rea externa, a DonaFlor Mob\u00edlia prima por pe\u00e7as de design leve e funcional, alinhadas ao morar contempor\u00e2neo em uma perfeita harmonia entre est\u00e9tica, design e funcionalidade. Transbordando bossa e personalidade, a\u00a0Cole\u00e7\u00e3o Doc\u00a0&#8211; co-criada em parceria com o [&hellip;]<\/p>\n","protected":false},"author":1,"featured_media":0,"comment_status":"open","ping_status":"open","sticky":false,"template":"","format":"standard","meta":{"_uag_custom_page_level_css":"","footnotes":""},"categories":[28],"tags":[1728,1901,1933,1967,3269,3797,7855,7914],"class_list":["post-8815","post","type-post","status-publish","format-standard","hentry","category-arquitetura","tag-cambe-pr","tag-casa-moveis-para-area-externa","tag-casa-e-decoracao","tag-casas-e-apartamentos","tag-curitiba-pr","tag-donaflor-mobilia","tag-morar-com-conforto","tag-moveis-para-casa"],"blocksy_meta":[],"spectra_blocks_featured_image_url":null,"spectra_blocks_author_info":{"display_name":"Jornal da Constru\u00e7\u00e3o Civil","avatar_url":"https:\/\/secure.gravatar.com\/avatar\/973c9774fd44ddaceb026973c4962faa70fc512bc4c9da68e8ebb40fecee6540?s=96&d=mm&r=g","author_link":"https:\/\/construcaocivil.siriusmarketingedesign.com.br\/?author=1","description":"Desde de 2013, levando muitas informa\u00e7\u00f5es, lan\u00e7amentos e produtos de qualidade para toda cadeia produtiva da constru\u00e7\u00e3o. O Futuro da constru\u00e7\u00e3o passa por aqui,"},"uagb_featured_image_src":{"full":false,"thumbnail":false,"medium":false,"medium_large":false,"large":false,"1536x1536":false,"2048x2048":false},"uagb_author_info":{"display_name":"Jornal da Constru\u00e7\u00e3o Civil","author_link":"https:\/\/construcaocivil.siriusmarketingedesign.com.br\/?author=1"},"uagb_comment_info":0,"uagb_excerpt":"Pe\u00e7as levam a assinatura do designer Bruno Faucz Janeiro, 2018 &#8211; Especializada em mobili\u00e1rio e acess\u00f3rios assinados para \u00e1rea externa, a DonaFlor Mob\u00edlia prima por pe\u00e7as de design leve e funcional, alinhadas ao morar contempor\u00e2neo em uma perfeita harmonia entre est\u00e9tica, design e funcionalidade. Transbordando bossa e personalidade, a\u00a0Cole\u00e7\u00e3o Doc\u00a0&#8211; co-criada em parceria com o&hellip;","_links":{"self":[{"href":"https:\/\/construcaocivil.siriusmarketingedesign.com.br\/index.php?rest_route=\/wp\/v2\/posts\/8815","targetHints":{"allow":["GET"]}}],"collection":[{"href":"https:\/\/construcaocivil.siriusmarketingedesign.com.br\/index.php?rest_route=\/wp\/v2\/posts"}],"about":[{"href":"https:\/\/construcaocivil.siriusmarketingedesign.com.br\/index.php?rest_route=\/wp\/v2\/types\/post"}],"author":[{"embeddable":true,"href":"https:\/\/construcaocivil.siriusmarketingedesign.com.br\/index.php?rest_route=\/wp\/v2\/users\/1"}],"replies":[{"embeddable":true,"href":"https:\/\/construcaocivil.siriusmarketingedesign.com.br\/index.php?rest_route=%2Fwp%2Fv2%2Fcomments&post=8815"}],"version-history":[{"count":0,"href":"https:\/\/construcaocivil.siriusmarketingedesign.com.br\/index.php?rest_route=\/wp\/v2\/posts\/8815\/revisions"}],"wp:attachment":[{"href":"https:\/\/construcaocivil.siriusmarketingedesign.com.br\/index.php?rest_route=%2Fwp%2Fv2%2Fmedia&parent=8815"}],"wp:term":[{"taxonomy":"category","embeddable":true,"href":"https:\/\/construcaocivil.siriusmarketingedesign.com.br\/index.php?rest_route=%2Fwp%2Fv2%2Fcategories&post=8815"},{"taxonomy":"post_tag","embeddable":true,"href":"https:\/\/construcaocivil.siriusmarketingedesign.com.br\/index.php?rest_route=%2Fwp%2Fv2%2Ftags&post=8815"}],"curies":[{"name":"wp","href":"https:\/\/api.w.org\/{rel}","templated":true}]}}