{"id":8848,"date":"2018-01-29T13:22:04","date_gmt":"2018-01-29T16:22:04","guid":{"rendered":"https:\/\/jornaldaconstrucaocivil.com.br\/?p=8848"},"modified":"2018-01-29T13:22:04","modified_gmt":"2018-01-29T16:22:04","slug":"sem-investimentos-em-infraestrutura-e-habitacao-construcao-civil-sofre-com-obras-paralisadas-e-recorde-de-desemprego","status":"publish","type":"post","link":"https:\/\/construcaocivil.siriusmarketingedesign.com.br\/?p=8848","title":{"rendered":"Sem investimentos em infraestrutura e habita\u00e7\u00e3o, constru\u00e7\u00e3o civil sofre com obras paralisadas e recorde de desempregos"},"content":{"rendered":"<figure id=\"attachment_8851\" aria-describedby=\"caption-attachment-8851\" style=\"width: 300px\" class=\"wp-caption alignleft\"><a href=\"https:\/\/jornaldaconstrucaocivil.com.br\/wp-content\/uploads\/2018\/01\/image-e1517241138726.png\"><img loading=\"lazy\" decoding=\"async\" class=\"wp-image-8851 size-medium\" src=\"https:\/\/jornaldaconstrucaocivil.com.br\/wp-content\/uploads\/2018\/01\/image-300x246.png\" alt=\"image\" width=\"300\" height=\"246\" \/><\/a><figcaption id=\"caption-attachment-8851\" class=\"wp-caption-text\">Apesar do otimismo dos empres\u00e1rios da Constru\u00e7\u00e3o Civil para 2018, cen\u00e1rio de inseguran\u00e7a continua.Foto: JCC<\/figcaption><\/figure>\n<p style=\"text-align: justify;\">Da Reda\u00e7\u00e3o<\/p>\n<p style=\"text-align: justify;\"><span style=\"color: #993300;\">Rio, janeiro, 2018<\/span> <span style=\"color: #000000;\">&#8211; J\u00e1 se tentou de tudo para reaquecer a constru\u00e7\u00e3o civil no Brasil ou melhor dizendo quase tudo, &#8220;tivemos uns ensaios t\u00edmidos&#8221; de financiamentos para fazer a ind\u00fastria da constru\u00e7\u00e3o voltar a caminhar no pa\u00eds nos \u00faltimos 02 anos. Tivemos o governo federal lan\u00e7ando o cart\u00e3o reforma, construcard, liberando &#8220;cr\u00e9dito&#8221; para compra de im\u00f3vel pela Caixa e outras medidas n\u00e3o t\u00e3o eficazes. O Programa Avan\u00e7ar &#8211; Programa de Parcerias de Investimentos, no qual o Ministro Moreira Franco, afirmou durante cerim\u00f4nia:<\/span> <span style=\"color: #333399;\"><em>&#8220;agora o pa\u00eds volta a retomar o seu ritmo normal de desenvolvimento, com investimentos em infraestrutura, aeroportos, energia que vai possibilitar a ind\u00fastria voltar a crescer, a gera\u00e7\u00e3o de empregos, e a seguran\u00e7a jur\u00eddica&#8221;<\/em><\/span>, <span style=\"color: #000000;\">disse o ministro. Entretanto, o Programa Avan\u00e7ar ainda n\u00e3o decolou.\u00a0 Uma d\u00favida, aonde o governo federal criou 2 mil obras novas no pa\u00eds? Na verdade t\u00ednhamos 5 mil grandes obras paralisadas e o governo na sua propaganda de R\u00e1dio e TV diz que s\u00e3o 7 mil obras ou seja 2 mil a mais.\u00a0 Na verdade, o governo federal retomou apenas 600 obras.<\/span><\/p>\n<figure id=\"attachment_5225\" aria-describedby=\"caption-attachment-5225\" style=\"width: 279px\" class=\"wp-caption alignright\"><a href=\"https:\/\/jornaldaconstrucaocivil.com.br\/wp-content\/uploads\/2017\/03\/TRABALHADORES-COMPERJ.jpg\"><img loading=\"lazy\" decoding=\"async\" class=\"wp-image-5225\" src=\"https:\/\/jornaldaconstrucaocivil.com.br\/wp-content\/uploads\/2017\/03\/TRABALHADORES-COMPERJ-300x225.jpg\" alt=\"TRABALHADORES COMPERJ\" width=\"279\" height=\"209\" \/><\/a><figcaption id=\"caption-attachment-5225\" class=\"wp-caption-text\">Desempregos na Constru\u00e7\u00e3o Civil n\u00e3o d\u00e1 tr\u00e9gua e setor continua em crise. Foto:JCC<\/figcaption><\/figure>\n<p style=\"text-align: justify;\"><span style=\"color: #993300;\">S\u00e3o diversos fatores que fazem o Brasil a continuar neste ritmo fraco economicamente: <\/span><\/p>\n<p style=\"text-align: justify;\"><span style=\"color: #000000;\"><span style=\"color: #000000;\">1.BNDES, reduziu drasticamente os investimentos em infraestrutura no pa\u00eds;<\/span><\/span><\/p>\n<p style=\"text-align: justify;\"><span style=\"color: #000000;\"><span style=\"color: #000000;\">2. Libera\u00e7\u00e3o de cr\u00e9dito na Caixa Econ\u00f4mica continua travado;<\/span><\/span><\/p>\n<p style=\"text-align: justify;\"><span style=\"color: #000000;\"><span style=\"color: #000000;\">3. O pa\u00eds continua sem confian\u00e7a internacional;<\/span><\/span><\/p>\n<p style=\"text-align: justify;\"><span style=\"color: #000000;\"><span style=\"color: #000000;\">4. Elei\u00e7\u00f5es 2018. Sem saber quem vai ganhar elei\u00e7\u00f5es investimentos fogem do pa\u00eds;<\/span><\/span><\/p>\n<p style=\"text-align: justify;\"><span style=\"color: #000000;\"><span style=\"color: #000000;\">5. Economia mundial com crescimento lento;<\/span><\/span><\/p>\n<p style=\"text-align: justify;\"><span style=\"color: #000000;\"><span style=\"color: #000000;\">6. Mercado interno brasileiro sem consumo real. Popula\u00e7\u00e3o est\u00e1 com o bolso vazio;\u00a0<\/span><\/span><\/p>\n<p style=\"text-align: justify;\"><span style=\"color: #000000;\">7. Ind\u00fastria de transforma\u00e7\u00e3o nacional sem investimentos;<\/span><\/p>\n<p style=\"text-align: justify;\"><span style=\"color: #000000;\">8. Constru\u00e7\u00e3o Civil parada;<\/span><\/p>\n<p style=\"text-align: justify;\"><span style=\"color: #000000;\">9. Gera\u00e7\u00e3o de empregos sem melhora. CAGED afirmou que em 2017 foi mais demiss\u00f5es que contrata\u00e7\u00f5es. Na Constru\u00e7\u00e3o Civil em 2017 tivemos 300 mil demitidos;<\/span><\/p>\n<p style=\"text-align: justify;\"><span style=\"color: #000000;\">10. Ind\u00fastria do A\u00e7o brasileira fortemente amea\u00e7ada pelo processo de dumping do governo Chin\u00eas;<\/span><\/p>\n<p style=\"text-align: justify;\"><span style=\"color: #000000;\">11. O pr\u00f3prio governo cortou os gastos p\u00fablicos ou seja retirou bilh\u00f5es em investimentos em infraestrutura, saneamento, rodovias, tecnologia, sa\u00fade, educa\u00e7\u00e3o\u00a0 e etcc&#8230;<\/span><\/p>\n<p style=\"text-align: justify;\"><span style=\"color: #000000;\">De acordo com informa\u00e7\u00f5es apuradas pelo o Site de Jornal da Constru\u00e7\u00e3o Civil, hoje, no pa\u00eds est\u00e3o sendo feito por alguns munic\u00edpios brasileiros e mesmo assim, os esses investimentos n\u00e3o passam de 5% do volume de investimentos que o pa\u00eds precisa urgentemente.<\/span><\/p>\n<p style=\"text-align: justify;\"><span style=\"color: #000000;\">\u00a0\u00a0<\/span><\/p>\n<p style=\"text-align: justify;\"><span style=\"color: #000000;\"><span style=\"color: #000000;\">\u00a0<\/span><\/span><\/p>\n<p>&nbsp;<\/p>\n","protected":false},"excerpt":{"rendered":"<p>Da Reda\u00e7\u00e3o Rio, janeiro, 2018 &#8211; J\u00e1 se tentou de tudo para reaquecer a constru\u00e7\u00e3o civil no Brasil ou melhor dizendo quase tudo, &#8220;tivemos uns ensaios t\u00edmidos&#8221; de financiamentos para fazer a ind\u00fastria da constru\u00e7\u00e3o voltar a caminhar no pa\u00eds nos \u00faltimos 02 anos. Tivemos o governo federal lan\u00e7ando o cart\u00e3o reforma, construcard, liberando &#8220;cr\u00e9dito&#8221; [&hellip;]<\/p>\n","protected":false},"author":1,"featured_media":8851,"comment_status":"open","ping_status":"open","sticky":false,"template":"","format":"standard","meta":{"_uag_custom_page_level_css":"","footnotes":""},"categories":[27],"tags":[208,1464,1679,2832,3107,3219,3489,4019,5554,6005,7263,8391,9584],"class_list":["post-8848","post","type-post","status-publish","format-standard","has-post-thumbnail","hentry","category-acontece","tag-500-mil-empregos-fechados","tag-bndes","tag-caixa-economica-federal","tag-construcao-civil-continua-sem-investimentos","tag-corte-de-verbas-publicas-afeta-trabalhadores-da-construcao-civil","tag-crise-sem-fim-na-construcao-civil","tag-desconfianca-internacional-persiste-em-relacao-ao-brasil","tag-eleicoes-2018","tag-governo-federal","tag-indicadores-indicam-cenario-paralisado-em-2018","tag-marco-economico","tag-obras-paralisadas-por-todo-pais-sem-prazo-para-retorno","tag-programa-avancar"],"blocksy_meta":[],"spectra_blocks_featured_image_url":[],"spectra_blocks_author_info":{"display_name":"Jornal da Constru\u00e7\u00e3o Civil","avatar_url":"https:\/\/secure.gravatar.com\/avatar\/973c9774fd44ddaceb026973c4962faa70fc512bc4c9da68e8ebb40fecee6540?s=96&d=mm&r=g","author_link":"https:\/\/construcaocivil.siriusmarketingedesign.com.br\/?author=1","description":"Desde de 2013, levando muitas informa\u00e7\u00f5es, lan\u00e7amentos e produtos de qualidade para toda cadeia produtiva da constru\u00e7\u00e3o. O Futuro da constru\u00e7\u00e3o passa por aqui,"},"uagb_featured_image_src":{"full":false,"thumbnail":false,"medium":false,"medium_large":false,"large":false,"1536x1536":false,"2048x2048":false},"uagb_author_info":{"display_name":"Jornal da Constru\u00e7\u00e3o Civil","author_link":"https:\/\/construcaocivil.siriusmarketingedesign.com.br\/?author=1"},"uagb_comment_info":0,"uagb_excerpt":"Da Reda\u00e7\u00e3o Rio, janeiro, 2018 &#8211; J\u00e1 se tentou de tudo para reaquecer a constru\u00e7\u00e3o civil no Brasil ou melhor dizendo quase tudo, &#8220;tivemos uns ensaios t\u00edmidos&#8221; de financiamentos para fazer a ind\u00fastria da constru\u00e7\u00e3o voltar a caminhar no pa\u00eds nos \u00faltimos 02 anos. Tivemos o governo federal lan\u00e7ando o cart\u00e3o reforma, construcard, liberando &#8220;cr\u00e9dito&#8221;&hellip;","_links":{"self":[{"href":"https:\/\/construcaocivil.siriusmarketingedesign.com.br\/index.php?rest_route=\/wp\/v2\/posts\/8848","targetHints":{"allow":["GET"]}}],"collection":[{"href":"https:\/\/construcaocivil.siriusmarketingedesign.com.br\/index.php?rest_route=\/wp\/v2\/posts"}],"about":[{"href":"https:\/\/construcaocivil.siriusmarketingedesign.com.br\/index.php?rest_route=\/wp\/v2\/types\/post"}],"author":[{"embeddable":true,"href":"https:\/\/construcaocivil.siriusmarketingedesign.com.br\/index.php?rest_route=\/wp\/v2\/users\/1"}],"replies":[{"embeddable":true,"href":"https:\/\/construcaocivil.siriusmarketingedesign.com.br\/index.php?rest_route=%2Fwp%2Fv2%2Fcomments&post=8848"}],"version-history":[{"count":0,"href":"https:\/\/construcaocivil.siriusmarketingedesign.com.br\/index.php?rest_route=\/wp\/v2\/posts\/8848\/revisions"}],"wp:attachment":[{"href":"https:\/\/construcaocivil.siriusmarketingedesign.com.br\/index.php?rest_route=%2Fwp%2Fv2%2Fmedia&parent=8848"}],"wp:term":[{"taxonomy":"category","embeddable":true,"href":"https:\/\/construcaocivil.siriusmarketingedesign.com.br\/index.php?rest_route=%2Fwp%2Fv2%2Fcategories&post=8848"},{"taxonomy":"post_tag","embeddable":true,"href":"https:\/\/construcaocivil.siriusmarketingedesign.com.br\/index.php?rest_route=%2Fwp%2Fv2%2Ftags&post=8848"}],"curies":[{"name":"wp","href":"https:\/\/api.w.org\/{rel}","templated":true}]}}