{"id":8854,"date":"2018-01-29T13:41:47","date_gmt":"2018-01-29T16:41:47","guid":{"rendered":"https:\/\/jornaldaconstrucaocivil.com.br\/?p=8854"},"modified":"2018-01-29T13:41:47","modified_gmt":"2018-01-29T16:41:47","slug":"dia-nacional-de-combate-ao-trabalho-escravo","status":"publish","type":"post","link":"https:\/\/construcaocivil.siriusmarketingedesign.com.br\/?p=8854","title":{"rendered":"Dia Nacional de Combate ao Trabalho Escravo"},"content":{"rendered":"<p style=\"text-align: justify;\"><em><strong><span style=\"color: #000000;\">Data foi escolhida em homenagem aos servidores mortos em servi\u00e7o durante fiscaliza\u00e7\u00e3o de fazenda em Una\u00ed (MG)<\/span><\/strong><\/em><\/p>\n<p style=\"text-align: justify;\"><span style=\"color: #000000;\">Janeiro, 2018 &#8211; 28 de janeiro(ontem), \u00e9 celebrado o Dia Nacional de Combate ao Trabalho Escravo, uma das principais bandeiras do Minist\u00e9rio do Trabalho. A data foi criada em 2009 em homenagem aos auditores fiscais do Trabalho Erast\u00f3stenes de Almeida Gonsalves, Jo\u00e3o Batista Soares Lage e Nelson Jos\u00e9 da Silva e o motorista Ailton Pereira de Oliveira. Eles foram assassinados em 28 de janeiro de 2004, durante vistoria a fazendas na zona rural de Una\u00ed, Minas Gerais.<\/span><\/p>\n<p style=\"text-align: justify;\"><span style=\"color: #000000;\">O ministro do Trabalho em exerc\u00edcio Helton Yomura, lembra que o combate \u00e0 escravid\u00e3o moderna \u00e9 prioridade para o \u00f3rg\u00e3o. \u201cTanto que publicamos uma portaria que conceitua e orienta o combate ao trabalho an\u00e1logo ao escravo no pa\u00eds, constru\u00edda a partir do di\u00e1logo com v\u00e1rios \u00f3rg\u00e3os que trabalham com esse tema e que, assim como este Minist\u00e9rio, priorizam a pauta\u201d, afirma.<\/span><\/p>\n<p style=\"text-align: justify;\"><span style=\"color: #000000;\">Em\u00a0 2017 foram realizadas 184 a\u00e7\u00f5es de fiscaliza\u00e7\u00e3o e combate ao trabalho an\u00e1logo ao de escravo no pa\u00eds. Essas a\u00e7\u00f5es resultaram no resgate de 407 trabalhadores submetidos a situa\u00e7\u00f5es como: trabalho for\u00e7ado; jornada exaustiva; condi\u00e7\u00e3o degradante de trabalho; restri\u00e7\u00e3o, por qualquer meio, de locomo\u00e7\u00e3o em raz\u00e3o de d\u00edvida contra\u00edda com empregador ou preposto, no momento da contrata\u00e7\u00e3o ou no curso do contrato de trabalho; reten\u00e7\u00e3o no local de trabalho em raz\u00e3o de cerceamento do uso de qualquer meio de transporte; manuten\u00e7\u00e3o de vigil\u00e2ncia ostensiva e apoderamento de documentos ou objetos pessoais.<\/span><\/p>\n<p style=\"text-align: justify;\"><span style=\"color: #000000;\">Os trabalhadores foram retirados dos locais onde estavam e encaminhados ao Programa de Seguro-Desemprego Especial pelo per\u00edodo de tr\u00eas meses, no valor de um sal\u00e1rio m\u00ednimo vigente. As equipes de fiscaliza\u00e7\u00e3o tamb\u00e9m lavraram autos de infra\u00e7\u00e3o e notificaram os empregadores para que pagassem as verbas rescis\u00f3rias correspondentes ao per\u00edodo trabalhado. Em todo o ano passado, foram pagos a t\u00edtulo de verbas rescis\u00f3rias o montante de R$ 2,28 milh\u00f5es, mais R$ 945,43 mil correspondentes a parcelas do Seguro-Desemprego.<\/span><\/p>\n<p style=\"text-align: justify;\"><span style=\"color: #000000;\">Os dados do Minist\u00e9rio mostram ainda que a pr\u00e1tica do trabalho escravo foi encontrada tanto no ambiente rural quanto no ambiente urbano. Do total de trabalhadores regatados, 107 se encontravam em regi\u00f5es metropolitanas, com maior incid\u00eancia no setor de constru\u00e7\u00e3o civil e na atividade t\u00eaxtil. J\u00e1 no ambiente rural, os setores que apresentam maior n\u00famero de trabalhadores resgatados foram agricultura, pecu\u00e1ria e produ\u00e7\u00e3o florestal.<\/span><\/p>\n<p style=\"text-align: justify;\"><span style=\"color: #000000;\">Entre os estados, o Par\u00e1 \u00e9 o primeiro colocado no ranking de a\u00e7\u00f5es de fiscaliza\u00e7\u00e3o e combate ao trabalho escravo, com 31 inspe\u00e7\u00f5es, que resultaram em 72 trabalhadores resgatados. Em seguida vem o estado do Mato Grosso, com 27 inspe\u00e7\u00f5es e 78 resgatados, e Minas Gerais, com 15 a\u00e7\u00f5es e 68 resgatados.<\/span><\/p>\n<p style=\"text-align: justify;\"><span style=\"color: #000000;\">N\u00fameros de fiscaliza\u00e7\u00f5es nos estados:<\/span><\/p>\n<table style=\"font-weight: 400;\" width=\"438\">\n<tbody>\n<tr>\n<td width=\"63\"><span style=\"color: #000000;\"><strong>Estado<\/strong><\/span><\/td>\n<td width=\"108\"><span style=\"color: #000000;\"><strong>Fiscaliza\u00e7\u00f5es<\/strong><\/span><\/td>\n<td width=\"123\"><span style=\"color: #000000;\"><strong>Trabalhadores Resgatados<\/strong><\/span><\/td>\n<td width=\"144\"><span style=\"color: #000000;\"><strong>Pagamento de Indeniza\u00e7\u00e3o<\/strong><\/span><\/td>\n<\/tr>\n<tr>\n<td width=\"63\"><span style=\"color: #000000;\">PA<\/span><\/td>\n<td width=\"108\"><span style=\"color: #000000;\">31<\/span><\/td>\n<td width=\"123\"><span style=\"color: #000000;\">72<\/span><\/td>\n<td width=\"144\"><span style=\"color: #000000;\">R$ 203.241,92<\/span><\/td>\n<\/tr>\n<tr>\n<td width=\"63\"><span style=\"color: #000000;\">MT<\/span><\/td>\n<td width=\"108\"><span style=\"color: #000000;\">27<\/span><\/td>\n<td width=\"123\"><span style=\"color: #000000;\">78<\/span><\/td>\n<td width=\"144\"><span style=\"color: #000000;\">R$ 503.247,00<\/span><\/td>\n<\/tr>\n<tr>\n<td width=\"63\"><span style=\"color: #000000;\">CE<\/span><\/td>\n<td width=\"108\"><span style=\"color: #000000;\">15<\/span><\/td>\n<td width=\"123\"><span style=\"color: #000000;\">18<\/span><\/td>\n<td width=\"144\"><span style=\"color: #000000;\">R$ 24.935,50<\/span><\/td>\n<\/tr>\n<tr>\n<td width=\"63\"><span style=\"color: #000000;\">MG<\/span><\/td>\n<td width=\"108\"><span style=\"color: #000000;\">15<\/span><\/td>\n<td width=\"123\"><span style=\"color: #000000;\">68<\/span><\/td>\n<td width=\"144\"><span style=\"color: #000000;\">R$ 494.559,38<\/span><\/td>\n<\/tr>\n<tr>\n<td width=\"63\"><span style=\"color: #000000;\">TO<\/span><\/td>\n<td width=\"108\"><span style=\"color: #000000;\">13<\/span><\/td>\n<td width=\"123\"><span style=\"color: #000000;\">19<\/span><\/td>\n<td width=\"144\"><span style=\"color: #000000;\">R$ 90.291,76<\/span><\/td>\n<\/tr>\n<tr>\n<td width=\"63\"><span style=\"color: #000000;\">PR<\/span><\/td>\n<td width=\"108\"><span style=\"color: #000000;\">12<\/span><\/td>\n<td width=\"123\"><span style=\"color: #000000;\">15<\/span><\/td>\n<td width=\"144\"><span style=\"color: #000000;\">R$ 104.146,27<\/span><\/td>\n<\/tr>\n<tr>\n<td width=\"63\"><span style=\"color: #000000;\">MA<\/span><\/td>\n<td width=\"108\"><span style=\"color: #000000;\">10<\/span><\/td>\n<td width=\"123\"><span style=\"color: #000000;\">26<\/span><\/td>\n<td width=\"144\"><span style=\"color: #000000;\">R$ 1.863,47<\/span><\/td>\n<\/tr>\n<tr>\n<td width=\"63\"><span style=\"color: #000000;\">SP<\/span><\/td>\n<td width=\"108\"><span style=\"color: #000000;\">8<\/span><\/td>\n<td width=\"123\"><span style=\"color: #000000;\">30<\/span><\/td>\n<td width=\"144\"><span style=\"color: #000000;\">R$ 190.143,42<\/span><\/td>\n<\/tr>\n<tr>\n<td width=\"63\"><span style=\"color: #000000;\">BA<\/span><\/td>\n<td width=\"108\"><span style=\"color: #000000;\">8<\/span><\/td>\n<td width=\"123\"><span style=\"color: #000000;\">10<\/span><\/td>\n<td width=\"144\"><span style=\"color: #000000;\">R$ 0,00<\/span><\/td>\n<\/tr>\n<tr>\n<td width=\"63\"><span style=\"color: #000000;\">RO<\/span><\/td>\n<td width=\"108\"><span style=\"color: #000000;\">7<\/span><\/td>\n<td width=\"123\"><span style=\"color: #000000;\">8<\/span><\/td>\n<td width=\"144\"><span style=\"color: #000000;\">R$ 30.929,61<\/span><\/td>\n<\/tr>\n<tr>\n<td width=\"63\"><span style=\"color: #000000;\">RJ<\/span><\/td>\n<td width=\"108\"><span style=\"color: #000000;\">7<\/span><\/td>\n<td width=\"123\"><span style=\"color: #000000;\">2<\/span><\/td>\n<td width=\"144\"><span style=\"color: #000000;\">R$ 0,00<\/span><\/td>\n<\/tr>\n<tr>\n<td width=\"63\"><span style=\"color: #000000;\">PI<\/span><\/td>\n<td width=\"108\"><span style=\"color: #000000;\">5<\/span><\/td>\n<td width=\"123\"><span style=\"color: #000000;\">4<\/span><\/td>\n<td width=\"144\"><span style=\"color: #000000;\">R$ 10.039,00<\/span><\/td>\n<\/tr>\n<tr>\n<td width=\"63\"><span style=\"color: #000000;\">ES<\/span><\/td>\n<td width=\"108\"><span style=\"color: #000000;\">5<\/span><\/td>\n<td width=\"123\"><span style=\"color: #000000;\">3<\/span><\/td>\n<td width=\"144\"><span style=\"color: #000000;\">R$ 9.000,00<\/span><\/td>\n<\/tr>\n<tr>\n<td width=\"63\"><span style=\"color: #000000;\">RS<\/span><\/td>\n<td width=\"108\"><span style=\"color: #000000;\">4<\/span><\/td>\n<td width=\"123\"><span style=\"color: #000000;\">6<\/span><\/td>\n<td width=\"144\"><span style=\"color: #000000;\">R$ 15.296,58<\/span><\/td>\n<\/tr>\n<tr>\n<td width=\"63\"><span style=\"color: #000000;\">MS<\/span><\/td>\n<td width=\"108\"><span style=\"color: #000000;\">4<\/span><\/td>\n<td width=\"123\"><span style=\"color: #000000;\">19<\/span><\/td>\n<td width=\"144\"><span style=\"color: #000000;\">R$ 158.614,13<\/span><\/td>\n<\/tr>\n<tr>\n<td width=\"63\"><span style=\"color: #000000;\">AC<\/span><\/td>\n<td width=\"108\"><span style=\"color: #000000;\">4<\/span><\/td>\n<td width=\"123\"><span style=\"color: #000000;\">0<\/span><\/td>\n<td width=\"144\"><span style=\"color: #000000;\">R$ 0,00<\/span><\/td>\n<\/tr>\n<tr>\n<td width=\"63\"><span style=\"color: #000000;\">GO<\/span><\/td>\n<td width=\"108\"><span style=\"color: #000000;\">3<\/span><\/td>\n<td width=\"123\"><span style=\"color: #000000;\">20<\/span><\/td>\n<td width=\"144\"><span style=\"color: #000000;\">R$ 420.933,37<\/span><\/td>\n<\/tr>\n<tr>\n<td width=\"63\"><span style=\"color: #000000;\">RR<\/span><\/td>\n<td width=\"108\"><span style=\"color: #000000;\">1<\/span><\/td>\n<td width=\"123\"><span style=\"color: #000000;\">6<\/span><\/td>\n<td width=\"144\"><span style=\"color: #000000;\">R$ 28.674,90<\/span><\/td>\n<\/tr>\n<tr>\n<td width=\"63\"><span style=\"color: #000000;\">AM<\/span><\/td>\n<td width=\"108\"><span style=\"color: #000000;\">3<\/span><\/td>\n<td width=\"123\"><span style=\"color: #000000;\">0<\/span><\/td>\n<td width=\"144\"><span style=\"color: #000000;\">R$ 0,00<\/span><\/td>\n<\/tr>\n<tr>\n<td width=\"63\"><span style=\"color: #000000;\">DF<\/span><\/td>\n<td width=\"108\"><span style=\"color: #000000;\">1<\/span><\/td>\n<td width=\"123\"><span style=\"color: #000000;\">0<\/span><\/td>\n<td width=\"144\"><span style=\"color: #000000;\">R$ 0,00<\/span><\/td>\n<\/tr>\n<tr>\n<td width=\"63\"><span style=\"color: #000000;\">PB<\/span><\/td>\n<td width=\"108\"><span style=\"color: #000000;\">1<\/span><\/td>\n<td width=\"123\"><span style=\"color: #000000;\">0<\/span><\/td>\n<td width=\"144\"><span style=\"color: #000000;\">R$ 0,00<\/span><\/td>\n<\/tr>\n<\/tbody>\n<\/table>\n<p style=\"text-align: justify;\"><span style=\"color: #000000;\">Como funcionam as opera\u00e7\u00f5es de resgate<\/span><\/p>\n<p style=\"text-align: justify;\"><span style=\"color: #000000;\">A Secretaria de Inspe\u00e7\u00e3o do Trabalho conta atualmente com duas frentes de trabalho distintas para fiscaliza\u00e7\u00f5es de combate ao trabalho an\u00e1logo ao de escravo. Uma delas \u00e9 realizada pelo Grupo Especial de Fiscaliza\u00e7\u00e3o M\u00f3vel (GEFM), que possui quatro grupos. Eles foram respons\u00e1veis por 108 inspe\u00e7\u00f5es.<\/span><\/p>\n<p style=\"text-align: justify;\"><span style=\"color: #000000;\">A outra frente de trabalho se d\u00e1 em 12 regionais com combate permanente ao trabalho escravo, fixados nas superintend\u00eancias dos estados de Santa Catarina, S\u00e3o Paulo, Rio de Janeiro, Minas Gerais, Mato Grosso, Mato Grosso do Sul, Par\u00e1, Cear\u00e1, Piau\u00ed, Goi\u00e1s, Tocantins e Bahia. As Superintend\u00eancias Regionais do Trabalho realizaram, no total, 76 a\u00e7\u00f5es de inspe\u00e7\u00e3o em 2017.<\/span><\/p>\n<p style=\"text-align: justify;\"><span style=\"color: #000000;\">Nas a\u00e7\u00f5es mais complexas, como as que s\u00e3o realizadas em \u00e1reas rurais isoladas, por exemplo, o Minist\u00e9rio do Trabalho recebe apoio de outros \u00f3rg\u00e3os como Pol\u00edcia Federal e Pol\u00edcia Rodovi\u00e1ria Federal. O objetivo \u00e9 garantir a seguran\u00e7a dos servidores e evitar que eles sofram emboscadas, como a ocorrida em Una\u00ed em 2004.<\/span><\/p>\n<p style=\"text-align: justify;\"><span style=\"color: #000000;\">O secret\u00e1rio de Inspe\u00e7\u00e3o do Trabalho substituto, Jo\u00e3o Paulo Ferreira Machado, ressalta a import\u00e2ncia do trabalho realizado pelas equipes de fiscaliza\u00e7\u00e3o. <em><span style=\"color: #333333;\">\u201cAs a\u00e7\u00f5es de combate ao trabalho escravo representam a defesa dos diretos mais b\u00e1sicos dos trabalhadores, e nestas a\u00e7\u00f5es, conduzidas pelos auditores-fiscais, que se iniciam pol\u00edticas p\u00fablicas para erradica\u00e7\u00e3o desta pr\u00e1tica nefasta\u201d<\/span><\/em>, complementa Machado.<\/span><\/p>\n<table width=\"465\">\n<tbody>\n<tr>\n<td colspan=\"4\" width=\"465\"><span style=\"color: #000000;\"><strong>Trabalhadores Resgatados pelo GEFM<\/strong><\/span><\/td>\n<\/tr>\n<tr>\n<td width=\"100\"><span style=\"color: #000000;\"><strong>Estado<\/strong><\/span><\/td>\n<td width=\"99\"><span style=\"color: #000000;\"><strong>Fiscaliza\u00e7\u00f5es<\/strong><\/span><\/td>\n<td width=\"111\"><span style=\"color: #000000;\"><strong>Trabalhadores Resgatados<\/strong><\/span><\/td>\n<td width=\"153\"><span style=\"color: #000000;\"><strong>Pagamento de Indeniza\u00e7\u00e3o<\/strong><\/span><\/td>\n<\/tr>\n<tr>\n<td width=\"100\"><span style=\"color: #000000;\">PA<\/span><\/td>\n<td width=\"99\"><span style=\"color: #000000;\">30<\/span><\/td>\n<td width=\"111\"><span style=\"color: #000000;\">58<\/span><\/td>\n<td width=\"153\"><span style=\"color: #000000;\">R$ 165.836,82<\/span><\/td>\n<\/tr>\n<tr>\n<td width=\"100\"><span style=\"color: #000000;\">MT<\/span><\/td>\n<td width=\"99\"><span style=\"color: #000000;\">21<\/span><\/td>\n<td width=\"111\"><span style=\"color: #000000;\">47<\/span><\/td>\n<td width=\"153\"><span style=\"color: #000000;\">R$ 417.366,52<\/span><\/td>\n<\/tr>\n<tr>\n<td width=\"100\"><span style=\"color: #000000;\">MA<\/span><\/td>\n<td width=\"99\"><span style=\"color: #000000;\">9<\/span><\/td>\n<td width=\"111\"><span style=\"color: #000000;\">26<\/span><\/td>\n<td width=\"153\"><span style=\"color: #000000;\">R$ 1.863,47<\/span><\/td>\n<\/tr>\n<tr>\n<td width=\"100\"><span style=\"color: #000000;\">TO<\/span><\/td>\n<td width=\"99\"><span style=\"color: #000000;\">13<\/span><\/td>\n<td width=\"111\"><span style=\"color: #000000;\">19<\/span><\/td>\n<td width=\"153\"><span style=\"color: #000000;\">R$ 90.291,76<\/span><\/td>\n<\/tr>\n<tr>\n<td width=\"100\"><span style=\"color: #000000;\">PR<\/span><\/td>\n<td width=\"99\"><span style=\"color: #000000;\">10<\/span><\/td>\n<td width=\"111\"><span style=\"color: #000000;\">15<\/span><\/td>\n<td width=\"153\"><span style=\"color: #000000;\">R$ 104.146,27<\/span><\/td>\n<\/tr>\n<tr>\n<td width=\"100\"><span style=\"color: #000000;\">CE<\/span><\/td>\n<td width=\"99\"><span style=\"color: #000000;\">2<\/span><\/td>\n<td width=\"111\"><span style=\"color: #000000;\">3<\/span><\/td>\n<td width=\"153\"><span style=\"color: #000000;\">R$ 0,00<\/span><\/td>\n<\/tr>\n<tr>\n<td width=\"100\"><span style=\"color: #000000;\">MG<\/span><\/td>\n<td width=\"99\"><span style=\"color: #000000;\">3<\/span><\/td>\n<td width=\"111\"><span style=\"color: #000000;\">1<\/span><\/td>\n<td width=\"153\"><span style=\"color: #000000;\">R$ 0,00<\/span><\/td>\n<\/tr>\n<tr>\n<td width=\"100\"><span style=\"color: #000000;\">SP<\/span><\/td>\n<td width=\"99\"><span style=\"color: #000000;\">3<\/span><\/td>\n<td width=\"111\"><span style=\"color: #000000;\">0<\/span><\/td>\n<td width=\"153\"><span style=\"color: #000000;\">R$ 0,00<\/span><\/td>\n<\/tr>\n<tr>\n<td width=\"100\"><span style=\"color: #000000;\">RO<\/span><\/td>\n<td width=\"99\"><span style=\"color: #000000;\">4<\/span><\/td>\n<td width=\"111\"><span style=\"color: #000000;\">0<\/span><\/td>\n<td width=\"153\"><span style=\"color: #000000;\">R$ 0,00<\/span><\/td>\n<\/tr>\n<tr>\n<td width=\"100\"><span style=\"color: #000000;\">DF<\/span><\/td>\n<td width=\"99\"><span style=\"color: #000000;\">1<\/span><\/td>\n<td width=\"111\"><span style=\"color: #000000;\">0<\/span><\/td>\n<td width=\"153\"><span style=\"color: #000000;\">R$ 0,00<\/span><\/td>\n<\/tr>\n<tr>\n<td width=\"100\"><span style=\"color: #000000;\">PI<\/span><\/td>\n<td width=\"99\"><span style=\"color: #000000;\">4<\/span><\/td>\n<td width=\"111\"><span style=\"color: #000000;\">0<\/span><\/td>\n<td width=\"153\"><span style=\"color: #000000;\">R$ 0,00<\/span><\/td>\n<\/tr>\n<tr>\n<td width=\"100\"><span style=\"color: #000000;\">AC<\/span><\/td>\n<td width=\"99\"><span style=\"color: #000000;\">4<\/span><\/td>\n<td width=\"111\"><span style=\"color: #000000;\">0<\/span><\/td>\n<td width=\"153\"><span style=\"color: #000000;\">R$ 0,00<\/span><\/td>\n<\/tr>\n<tr>\n<td width=\"100\"><span style=\"color: #000000;\">AM<\/span><\/td>\n<td width=\"99\"><span style=\"color: #000000;\">3<\/span><\/td>\n<td width=\"111\"><span style=\"color: #000000;\">0<\/span><\/td>\n<td width=\"153\"><span style=\"color: #000000;\">R$ 0,00<\/span><\/td>\n<\/tr>\n<tr>\n<td width=\"100\"><span style=\"color: #000000;\"><strong>Total Geral<\/strong><\/span><\/td>\n<td width=\"99\"><span style=\"color: #000000;\"><strong>107<\/strong><\/span><\/td>\n<td width=\"111\"><span style=\"color: #000000;\"><strong>169<\/strong><\/span><\/td>\n<td width=\"153\"><span style=\"color: #000000;\"><strong>R$ 779.504,84<\/strong><\/span><\/td>\n<\/tr>\n<\/tbody>\n<\/table>\n<p style=\"font-weight: 400;\"><span style=\"color: #000000;\">\u00a0<\/span><\/p>\n<table width=\"443\">\n<tbody>\n<tr>\n<td colspan=\"4\" width=\"443\"><span style=\"color: #000000;\"><strong>Trabalhadores Resgatados pelas SRTEs<\/strong><\/span><\/td>\n<\/tr>\n<tr>\n<td width=\"100\"><span style=\"color: #000000;\"><strong>Estado<\/strong><\/span><\/td>\n<td width=\"79\"><span style=\"color: #000000;\"><strong>Fiscaliza\u00e7\u00f5es<\/strong><\/span><\/td>\n<td width=\"109\"><span style=\"color: #000000;\"><strong>Trabalhadores Resgatados<\/strong><\/span><\/td>\n<td width=\"154\"><span style=\"color: #000000;\"><strong>Pagamento de Indeniza\u00e7\u00e3o<\/strong><\/span><\/td>\n<\/tr>\n<tr>\n<td width=\"100\"><span style=\"color: #000000;\">MG<\/span><\/td>\n<td width=\"79\"><span style=\"color: #000000;\">12<\/span><\/td>\n<td width=\"109\"><span style=\"color: #000000;\">67<\/span><\/td>\n<td width=\"154\"><span style=\"color: #000000;\">R$ 494.559,38<\/span><\/td>\n<\/tr>\n<tr>\n<td width=\"100\"><span style=\"color: #000000;\">MT<\/span><\/td>\n<td width=\"79\"><span style=\"color: #000000;\">6<\/span><\/td>\n<td width=\"109\"><span style=\"color: #000000;\">31<\/span><\/td>\n<td width=\"154\"><span style=\"color: #000000;\">R$ 85.880,48<\/span><\/td>\n<\/tr>\n<tr>\n<td width=\"100\"><span style=\"color: #000000;\">SP<\/span><\/td>\n<td width=\"79\"><span style=\"color: #000000;\">5<\/span><\/td>\n<td width=\"109\"><span style=\"color: #000000;\">30<\/span><\/td>\n<td width=\"154\"><span style=\"color: #000000;\">R$ 190.143,42<\/span><\/td>\n<\/tr>\n<tr>\n<td width=\"100\"><span style=\"color: #000000;\">GO<\/span><\/td>\n<td width=\"79\"><span style=\"color: #000000;\">3<\/span><\/td>\n<td width=\"109\"><span style=\"color: #000000;\">20<\/span><\/td>\n<td width=\"154\"><span style=\"color: #000000;\">R$ 420.933,37<\/span><\/td>\n<\/tr>\n<tr>\n<td width=\"100\"><span style=\"color: #000000;\">MS<\/span><\/td>\n<td width=\"79\"><span style=\"color: #000000;\">4<\/span><\/td>\n<td width=\"109\"><span style=\"color: #000000;\">19<\/span><\/td>\n<td width=\"154\"><span style=\"color: #000000;\">R$ 158.614,13<\/span><\/td>\n<\/tr>\n<tr>\n<td width=\"100\"><span style=\"color: #000000;\">CE<\/span><\/td>\n<td width=\"79\"><span style=\"color: #000000;\">13<\/span><\/td>\n<td width=\"109\"><span style=\"color: #000000;\">15<\/span><\/td>\n<td width=\"154\"><span style=\"color: #000000;\">R$ 24.935,50<\/span><\/td>\n<\/tr>\n<tr>\n<td width=\"100\"><span style=\"color: #000000;\">PA<\/span><\/td>\n<td width=\"79\"><span style=\"color: #000000;\">1<\/span><\/td>\n<td width=\"109\"><span style=\"color: #000000;\">14<\/span><\/td>\n<td width=\"154\"><span style=\"color: #000000;\">R$ 37.405,10<\/span><\/td>\n<\/tr>\n<tr>\n<td width=\"100\"><span style=\"color: #000000;\">BA<\/span><\/td>\n<td width=\"79\"><span style=\"color: #000000;\">8<\/span><\/td>\n<td width=\"109\"><span style=\"color: #000000;\">10<\/span><\/td>\n<td width=\"154\"><span style=\"color: #000000;\">R$ 0,00<\/span><\/td>\n<\/tr>\n<tr>\n<td width=\"100\"><span style=\"color: #000000;\">RO<\/span><\/td>\n<td width=\"79\"><span style=\"color: #000000;\">3<\/span><\/td>\n<td width=\"109\"><span style=\"color: #000000;\">8<\/span><\/td>\n<td width=\"154\"><span style=\"color: #000000;\">R$ 30.929,61<\/span><\/td>\n<\/tr>\n<tr>\n<td width=\"100\"><span style=\"color: #000000;\">RR<\/span><\/td>\n<td width=\"79\"><span style=\"color: #000000;\">1<\/span><\/td>\n<td width=\"109\"><span style=\"color: #000000;\">6<\/span><\/td>\n<td width=\"154\"><span style=\"color: #000000;\">R$ 28.674,90<\/span><\/td>\n<\/tr>\n<tr>\n<td width=\"100\"><span style=\"color: #000000;\">RS<\/span><\/td>\n<td width=\"79\"><span style=\"color: #000000;\">4<\/span><\/td>\n<td width=\"109\"><span style=\"color: #000000;\">6<\/span><\/td>\n<td width=\"154\"><span style=\"color: #000000;\">R$ 15.296,58<\/span><\/td>\n<\/tr>\n<tr>\n<td width=\"100\"><span style=\"color: #000000;\">PI<\/span><\/td>\n<td width=\"79\"><span style=\"color: #000000;\">1<\/span><\/td>\n<td width=\"109\"><span style=\"color: #000000;\">4<\/span><\/td>\n<td width=\"154\"><span style=\"color: #000000;\">R$ 10.039,00<\/span><\/td>\n<\/tr>\n<tr>\n<td width=\"100\"><span style=\"color: #000000;\">ES<\/span><\/td>\n<td width=\"79\"><span style=\"color: #000000;\">5<\/span><\/td>\n<td width=\"109\"><span style=\"color: #000000;\">3<\/span><\/td>\n<td width=\"154\"><span style=\"color: #000000;\">R$ 9.000,00<\/span><\/td>\n<\/tr>\n<tr>\n<td width=\"100\"><span style=\"color: #000000;\">RJ<\/span><\/td>\n<td width=\"79\"><span style=\"color: #000000;\">7<\/span><\/td>\n<td width=\"109\"><span style=\"color: #000000;\">2<\/span><\/td>\n<td width=\"154\"><span style=\"color: #000000;\">R$ 0,00<\/span><\/td>\n<\/tr>\n<tr>\n<td width=\"100\"><span style=\"color: #000000;\">PB<\/span><\/td>\n<td width=\"79\"><span style=\"color: #000000;\">1<\/span><\/td>\n<td width=\"109\"><span style=\"color: #000000;\">0<\/span><\/td>\n<td width=\"154\"><span style=\"color: #000000;\">R$ 0,00<\/span><\/td>\n<\/tr>\n<tr>\n<td width=\"100\"><span style=\"color: #000000;\">MA<\/span><\/td>\n<td width=\"79\"><span style=\"color: #000000;\">1<\/span><\/td>\n<td width=\"109\"><span style=\"color: #000000;\">0<\/span><\/td>\n<td width=\"154\"><span style=\"color: #000000;\">R$ 0,00<\/span><\/td>\n<\/tr>\n<tr>\n<td width=\"100\"><span style=\"color: #000000;\">PR<\/span><\/td>\n<td width=\"79\"><span style=\"color: #000000;\">2<\/span><\/td>\n<td width=\"109\"><span style=\"color: #000000;\">0<\/span><\/td>\n<td width=\"154\"><span style=\"color: #000000;\">R$ 0,00<\/span><\/td>\n<\/tr>\n<tr>\n<td width=\"100\"><span style=\"color: #000000;\"><strong>Total Geral<\/strong><\/span><\/td>\n<td width=\"79\"><span style=\"color: #000000;\"><strong>77<\/strong><\/span><\/td>\n<td width=\"109\"><span style=\"color: #000000;\"><strong>235<\/strong><\/span><\/td>\n<td width=\"154\"><span style=\"color: #000000;\"><strong>R$ 1.506.411,47<\/strong><\/span><\/td>\n<\/tr>\n<\/tbody>\n<\/table>\n<p style=\"text-align: justify;\"><span style=\"color: #000000;\">O chefe da Divis\u00e3o de Fiscaliza\u00e7\u00e3o para Erradica\u00e7\u00e3o do Trabalho Escravo (DETRAE), Maur\u00edcio Krepsky Fagundes, aponta as opera\u00e7\u00f5es que ganharam destaque em 2017: <em><span style=\"color: #333399;\">\u201cDestacamos as realizadas na atividade de extra\u00e7\u00e3o do p\u00f3 da carna\u00faba no nordeste, na extra\u00e7\u00e3o de ouro em garimpo ilegal no Amap\u00e1, na cadeira produtiva de confec\u00e7\u00f5es de roupas em S\u00e3o Paulo, e o primeiro caso de trabalho escravo urbano em Roraima envolvendo imigrantes venezuelanos\u201d.<\/span><\/em><\/span><\/p>\n<p style=\"text-align: justify;\"><span style=\"color: #000000;\">Legisla\u00e7\u00e3o &#8211; Publicada nesta quarta-feira (24) no Di\u00e1rio Oficial da Uni\u00e3o, a Instru\u00e7\u00e3o Normativa (IN) 139 da Secretaria de Inspe\u00e7\u00e3o do Trabalho (SIT) do Minist\u00e9rio do Trabalho estabelece procedimentos para a atua\u00e7\u00e3o da Auditoria-Fiscal do Trabalho no combate ao trabalho em condi\u00e7\u00e3o an\u00e1loga \u00e0 de escravo e tamb\u00e9m trata do relacionamento entre as diversas institui\u00e7\u00f5es que participam das a\u00e7\u00f5es de fiscaliza\u00e7\u00e3o.<\/span><\/p>\n<p style=\"text-align: justify;\"><span style=\"color: #000000;\">A IN 139 revoga a anterior, publicada em 5 de outubro de 2011, e atende ao previsto na portaria 1293\/2017, que, em seu artigo 17, estabelecia o prazo de 60 dias para publica\u00e7\u00e3o de um nova Instru\u00e7\u00e3o Normativa. A publica\u00e7\u00e3o da IN 139 tamb\u00e9m ocorre no contexto do Dia Nacional do Combate do Trabalho Escravo e Dia do Auditor-Fiscal do Trabalho, em 28 de janeiro.<\/span><\/p>\n<p style=\"text-align: justify;\"><span style=\"color: #000000;\">A nova instru\u00e7\u00e3o esclarece e reitera que as a\u00e7\u00f5es fiscais para erradica\u00e7\u00e3o do trabalho em condi\u00e7\u00e3o an\u00e1loga \u00e0 de escravo ser\u00e3o planejadas e coordenadas pela SIT, que as realizar\u00e1 por interm\u00e9dio das equipes do GEFM, e pelas Superintend\u00eancias Regionais do Trabalho (SRTs), por meio de grupos ou equipes de fiscaliza\u00e7\u00e3o.<\/span><\/p>\n<p style=\"text-align: justify;\"><span style=\"color: #000000;\"><span style=\"color: #993300;\"><strong>Como Denunciar<\/strong> <\/span>&#8211; O cidad\u00e3o pode apresentar uma den\u00fancia da pr\u00e1tica de explora\u00e7\u00e3o an\u00e1loga ao trabalho escravo em um dos postos de atendimento do Minist\u00e9rio do Trabalho (Superintend\u00eancias Regionais ou Ger\u00eancias Regionais do Trabalho) ou por meio do Disque Direitos Humanos, o Disque 100, do Minist\u00e9rio dos Direitos Humanos.<\/span><\/p>\n<p style=\"text-align: justify;\">Fonte: Imprensa\/Minist\u00e9rio do Trabalho<\/p>\n<p style=\"font-weight: 400; text-align: justify;\"><span style=\"color: #000000;\">\u00a0<\/span><\/p>\n<p>&nbsp;<\/p>\n<p>&nbsp;<\/p>\n","protected":false},"excerpt":{"rendered":"<p>Data foi escolhida em homenagem aos servidores mortos em servi\u00e7o durante fiscaliza\u00e7\u00e3o de fazenda em Una\u00ed (MG) Janeiro, 2018 &#8211; 28 de janeiro(ontem), \u00e9 celebrado o Dia Nacional de Combate ao Trabalho Escravo, uma das principais bandeiras do Minist\u00e9rio do Trabalho. A data foi criada em 2009 em homenagem aos auditores fiscais do Trabalho Erast\u00f3stenes [&hellip;]<\/p>\n","protected":false},"author":1,"featured_media":0,"comment_status":"open","ping_status":"open","sticky":false,"template":"","format":"standard","meta":{"_uag_custom_page_level_css":"","footnotes":""},"categories":[27],"tags":[3442,3629,3727,3728,6262,7720],"class_list":["post-8854","post","type-post","status-publish","format-standard","hentry","category-acontece","tag-denuncia-da-pratica-de-exploracao-analoga-ao-trabalho-escravo","tag-dia-nacional-do-combate-do-trabalho-escravo","tag-disque-100","tag-disque-direitos-humanos","tag-instrucao-normativa-12932017","tag-ministerio-do-trabalho"],"blocksy_meta":[],"spectra_blocks_featured_image_url":null,"spectra_blocks_author_info":{"display_name":"Jornal da Constru\u00e7\u00e3o Civil","avatar_url":"https:\/\/secure.gravatar.com\/avatar\/973c9774fd44ddaceb026973c4962faa70fc512bc4c9da68e8ebb40fecee6540?s=96&d=mm&r=g","author_link":"https:\/\/construcaocivil.siriusmarketingedesign.com.br\/?author=1","description":"Desde de 2013, levando muitas informa\u00e7\u00f5es, lan\u00e7amentos e produtos de qualidade para toda cadeia produtiva da constru\u00e7\u00e3o. O Futuro da constru\u00e7\u00e3o passa por aqui,"},"uagb_featured_image_src":{"full":false,"thumbnail":false,"medium":false,"medium_large":false,"large":false,"1536x1536":false,"2048x2048":false},"uagb_author_info":{"display_name":"Jornal da Constru\u00e7\u00e3o Civil","author_link":"https:\/\/construcaocivil.siriusmarketingedesign.com.br\/?author=1"},"uagb_comment_info":0,"uagb_excerpt":"Data foi escolhida em homenagem aos servidores mortos em servi\u00e7o durante fiscaliza\u00e7\u00e3o de fazenda em Una\u00ed (MG) Janeiro, 2018 &#8211; 28 de janeiro(ontem), \u00e9 celebrado o Dia Nacional de Combate ao Trabalho Escravo, uma das principais bandeiras do Minist\u00e9rio do Trabalho. A data foi criada em 2009 em homenagem aos auditores fiscais do Trabalho Erast\u00f3stenes&hellip;","_links":{"self":[{"href":"https:\/\/construcaocivil.siriusmarketingedesign.com.br\/index.php?rest_route=\/wp\/v2\/posts\/8854","targetHints":{"allow":["GET"]}}],"collection":[{"href":"https:\/\/construcaocivil.siriusmarketingedesign.com.br\/index.php?rest_route=\/wp\/v2\/posts"}],"about":[{"href":"https:\/\/construcaocivil.siriusmarketingedesign.com.br\/index.php?rest_route=\/wp\/v2\/types\/post"}],"author":[{"embeddable":true,"href":"https:\/\/construcaocivil.siriusmarketingedesign.com.br\/index.php?rest_route=\/wp\/v2\/users\/1"}],"replies":[{"embeddable":true,"href":"https:\/\/construcaocivil.siriusmarketingedesign.com.br\/index.php?rest_route=%2Fwp%2Fv2%2Fcomments&post=8854"}],"version-history":[{"count":0,"href":"https:\/\/construcaocivil.siriusmarketingedesign.com.br\/index.php?rest_route=\/wp\/v2\/posts\/8854\/revisions"}],"wp:attachment":[{"href":"https:\/\/construcaocivil.siriusmarketingedesign.com.br\/index.php?rest_route=%2Fwp%2Fv2%2Fmedia&parent=8854"}],"wp:term":[{"taxonomy":"category","embeddable":true,"href":"https:\/\/construcaocivil.siriusmarketingedesign.com.br\/index.php?rest_route=%2Fwp%2Fv2%2Fcategories&post=8854"},{"taxonomy":"post_tag","embeddable":true,"href":"https:\/\/construcaocivil.siriusmarketingedesign.com.br\/index.php?rest_route=%2Fwp%2Fv2%2Ftags&post=8854"}],"curies":[{"name":"wp","href":"https:\/\/api.w.org\/{rel}","templated":true}]}}