{"id":8874,"date":"2018-02-01T10:31:14","date_gmt":"2018-02-01T13:31:14","guid":{"rendered":"https:\/\/jornaldaconstrucaocivil.com.br\/?p=8874"},"modified":"2022-03-01T20:36:46","modified_gmt":"2022-03-01T23:36:46","slug":"conselho-de-arquitetura-e-urbanismo-do-rio-de-janeiro-abre-espaco-gratuito-para-profissionais-da-area-fazerem-coworking","status":"publish","type":"post","link":"https:\/\/construcaocivil.siriusmarketingedesign.com.br\/?p=8874","title":{"rendered":"Conselho de Arquitetura e Urbanismo do Rio de Janeiro abre espa\u00e7o gratuito para profissionais da \u00e1rea fazerem coworking"},"content":{"rendered":"<p style=\"text-align: justify;\">\n<p style=\"text-align: justify;\"><span style=\"color: #000000;\"><span style=\"color: #993300;\">Rio, Fevereiro, 2018<\/span> &#8211; Cerca de 19 mil arquitetos e urbanistas fluminenses agora contam com uma estrutura de escrit\u00f3rio compartilhado no Centro do Rio de Janeiro. Com 20 postos de trabalhos e duas salas de reuni\u00e3o, os profissionais poder\u00e3o utilizar o espa\u00e7o para trabalhar e se reunir com clientes.<\/span><\/p>\n<p style=\"text-align: justify;\"><span style=\"color: #000000;\">A proposta do Conselho \u00e9 dar mais dinamismo para o uso das instala\u00e7\u00f5es da sede, na Av. Rep\u00fablica do Chile, 230, 23\u00ba andar, aproximar-se dos profissionais, al\u00e9m de colocar \u00e0 disposi\u00e7\u00e3o toda uma infraestrutura que os arquitetos e urbanistas ajudam a manter. At\u00e9 o final deste ano, o CAU\/RJ espera ampliar a quantidade de postos de trabalho e de salas de reuni\u00e3o oferecida.<\/span><\/p>\n<p style=\"text-align: justify;\"><span style=\"color: #000000;\">O espa\u00e7o destinado ao escrit\u00f3rio compartilhado funciona no modelo de coworking, onde o espa\u00e7o e os recursos como mobili\u00e1rio e internet s\u00e3o compartilhados.\u00a0 Segundo o presidente do CAU\/RJ, Jeferson Salazar, a ideia \u00e9 que o servi\u00e7o contribua para o desenvolvimento das atividades dos profissionais, em especial daqueles vivem no interior do Estado e precisam de um espa\u00e7o para receber os clientes na capital. <span style=\"color: #993300;\"><em>\u201cO trabalho de arquiteto e urbanista geralmente tem um car\u00e1ter aut\u00f4nomo, muitas pessoas fazem de casa no modelo home office, mas tamb\u00e9m \u00e9 importante poder receber os clientes num ambiente de escrit\u00f3rio e ter uma boa localiza\u00e7\u00e3o tamb\u00e9m \u00e9 fundamental.\u00a0 O espa\u00e7o ter\u00e1 fun\u00e7\u00e3o ainda mais importante para quem \u00e9 do interior, n\u00e3o possui escrit\u00f3rio e precisa agendar uma reuni\u00e3o com um cliente no Rio\u201d<\/em><\/span>, detalha Jeferson.<\/span><\/p>\n<p style=\"text-align: justify;\"><span style=\"color: #000000;\">Para usar do benef\u00edcio, o profissional deve estar registrado no Conselho e apresentar documento de identifica\u00e7\u00e3o. O agendamento das salas de reuni\u00e3o deve ser feito com 48h de anteced\u00eancia pelo e-mail: <span style=\"text-decoration: underline;\"><span style=\"color: #333399; text-decoration: underline;\">coworking@caurj.gov.br<\/span><\/span>.<\/span><\/p>\n","protected":false},"excerpt":{"rendered":"<p>Rio, Fevereiro, 2018 &#8211; Cerca de 19 mil arquitetos e urbanistas fluminenses agora contam com uma estrutura de escrit\u00f3rio compartilhado no Centro do Rio de Janeiro. Com 20 postos de trabalhos e duas salas de reuni\u00e3o, os profissionais poder\u00e3o utilizar o espa\u00e7o para trabalhar e se reunir com clientes. A proposta do Conselho \u00e9 dar [&hellip;]<\/p>\n","protected":false},"author":1,"featured_media":18788,"comment_status":"open","ping_status":"open","sticky":false,"template":"","format":"standard","meta":{"_uag_custom_page_level_css":"","footnotes":""},"categories":[28],"tags":[109,2018,4532,6136,6506,9541],"class_list":["post-8874","post","type-post","status-publish","format-standard","has-post-thumbnail","hentry","category-arquitetura","tag-19-mil-profissionais-de-arquitetura-no-rio","tag-cau-rj-promove-excelente-acao-de-coworking-no-rio","tag-espacos-gratuitos-para-profissionais","tag-inovacao-e-igual-acao","tag-jeferson-salazar-presidente-do-cau-rj","tag-profissionais-de-arquitetura-e-urbanismo"],"blocksy_meta":[],"spectra_blocks_featured_image_url":{"thumbnail":{"url":"https:\/\/construcaocivil.siriusmarketingedesign.com.br\/wp-content\/uploads\/2018\/02\/CAU-RJ-150x150.jpg","width":150,"height":150},"medium":{"url":"https:\/\/construcaocivil.siriusmarketingedesign.com.br\/wp-content\/uploads\/2018\/02\/CAU-RJ.jpg","width":300,"height":168},"medium_large":{"url":"https:\/\/construcaocivil.siriusmarketingedesign.com.br\/wp-content\/uploads\/2018\/02\/CAU-RJ.jpg","width":300,"height":168},"large":{"url":"https:\/\/construcaocivil.siriusmarketingedesign.com.br\/wp-content\/uploads\/2018\/02\/CAU-RJ.jpg","width":300,"height":168},"full":{"url":"https:\/\/construcaocivil.siriusmarketingedesign.com.br\/wp-content\/uploads\/2018\/02\/CAU-RJ.jpg","width":300,"height":168}},"spectra_blocks_author_info":{"display_name":"Jornal da Constru\u00e7\u00e3o Civil","avatar_url":"https:\/\/secure.gravatar.com\/avatar\/973c9774fd44ddaceb026973c4962faa70fc512bc4c9da68e8ebb40fecee6540?s=96&d=mm&r=g","author_link":"https:\/\/construcaocivil.siriusmarketingedesign.com.br\/?author=1","description":"Desde de 2013, levando muitas informa\u00e7\u00f5es, lan\u00e7amentos e produtos de qualidade para toda cadeia produtiva da constru\u00e7\u00e3o. O Futuro da constru\u00e7\u00e3o passa por aqui,"},"uagb_featured_image_src":{"full":["https:\/\/construcaocivil.siriusmarketingedesign.com.br\/wp-content\/uploads\/2018\/02\/CAU-RJ.jpg",300,168,false],"thumbnail":["https:\/\/construcaocivil.siriusmarketingedesign.com.br\/wp-content\/uploads\/2018\/02\/CAU-RJ-150x150.jpg",150,150,true],"medium":["https:\/\/construcaocivil.siriusmarketingedesign.com.br\/wp-content\/uploads\/2018\/02\/CAU-RJ.jpg",300,168,false],"medium_large":["https:\/\/construcaocivil.siriusmarketingedesign.com.br\/wp-content\/uploads\/2018\/02\/CAU-RJ.jpg",300,168,false],"large":["https:\/\/construcaocivil.siriusmarketingedesign.com.br\/wp-content\/uploads\/2018\/02\/CAU-RJ.jpg",300,168,false],"1536x1536":["https:\/\/construcaocivil.siriusmarketingedesign.com.br\/wp-content\/uploads\/2018\/02\/CAU-RJ.jpg",300,168,false],"2048x2048":["https:\/\/construcaocivil.siriusmarketingedesign.com.br\/wp-content\/uploads\/2018\/02\/CAU-RJ.jpg",300,168,false]},"uagb_author_info":{"display_name":"Jornal da Constru\u00e7\u00e3o Civil","author_link":"https:\/\/construcaocivil.siriusmarketingedesign.com.br\/?author=1"},"uagb_comment_info":0,"uagb_excerpt":"Rio, Fevereiro, 2018 &#8211; Cerca de 19 mil arquitetos e urbanistas fluminenses agora contam com uma estrutura de escrit\u00f3rio compartilhado no Centro do Rio de Janeiro. Com 20 postos de trabalhos e duas salas de reuni\u00e3o, os profissionais poder\u00e3o utilizar o espa\u00e7o para trabalhar e se reunir com clientes. A proposta do Conselho \u00e9 dar&hellip;","_links":{"self":[{"href":"https:\/\/construcaocivil.siriusmarketingedesign.com.br\/index.php?rest_route=\/wp\/v2\/posts\/8874","targetHints":{"allow":["GET"]}}],"collection":[{"href":"https:\/\/construcaocivil.siriusmarketingedesign.com.br\/index.php?rest_route=\/wp\/v2\/posts"}],"about":[{"href":"https:\/\/construcaocivil.siriusmarketingedesign.com.br\/index.php?rest_route=\/wp\/v2\/types\/post"}],"author":[{"embeddable":true,"href":"https:\/\/construcaocivil.siriusmarketingedesign.com.br\/index.php?rest_route=\/wp\/v2\/users\/1"}],"replies":[{"embeddable":true,"href":"https:\/\/construcaocivil.siriusmarketingedesign.com.br\/index.php?rest_route=%2Fwp%2Fv2%2Fcomments&post=8874"}],"version-history":[{"count":0,"href":"https:\/\/construcaocivil.siriusmarketingedesign.com.br\/index.php?rest_route=\/wp\/v2\/posts\/8874\/revisions"}],"wp:featuredmedia":[{"embeddable":true,"href":"https:\/\/construcaocivil.siriusmarketingedesign.com.br\/index.php?rest_route=\/wp\/v2\/media\/18788"}],"wp:attachment":[{"href":"https:\/\/construcaocivil.siriusmarketingedesign.com.br\/index.php?rest_route=%2Fwp%2Fv2%2Fmedia&parent=8874"}],"wp:term":[{"taxonomy":"category","embeddable":true,"href":"https:\/\/construcaocivil.siriusmarketingedesign.com.br\/index.php?rest_route=%2Fwp%2Fv2%2Fcategories&post=8874"},{"taxonomy":"post_tag","embeddable":true,"href":"https:\/\/construcaocivil.siriusmarketingedesign.com.br\/index.php?rest_route=%2Fwp%2Fv2%2Ftags&post=8874"}],"curies":[{"name":"wp","href":"https:\/\/api.w.org\/{rel}","templated":true}]}}