{"id":8883,"date":"2018-02-02T09:50:32","date_gmt":"2018-02-02T12:50:32","guid":{"rendered":"https:\/\/jornaldaconstrucaocivil.com.br\/?p=8883"},"modified":"2018-02-02T09:50:32","modified_gmt":"2018-02-02T12:50:32","slug":"tres-vezes-tramontina-cooktop-e-premiado-internacionalmente","status":"publish","type":"post","link":"https:\/\/construcaocivil.siriusmarketingedesign.com.br\/?p=8883","title":{"rendered":"Tr\u00eas vezes Tramontina: cooktop \u00e9 premiado internacionalmente"},"content":{"rendered":"<p style=\"text-align: justify;\"><em><strong><span style=\"color: #000000;\">Slim Glass Flat recebeu o iF Design Award 2018<\/span><\/strong><\/em><\/p>\n<figure id=\"attachment_8884\" aria-describedby=\"caption-attachment-8884\" style=\"width: 300px\" class=\"wp-caption alignleft\"><a href=\"https:\/\/jornaldaconstrucaocivil.com.br\/wp-content\/uploads\/2018\/02\/rramontina.jpg\"><img loading=\"lazy\" decoding=\"async\" class=\"wp-image-8884 size-medium\" src=\"https:\/\/jornaldaconstrucaocivil.com.br\/wp-content\/uploads\/2018\/02\/rramontina-300x200.jpg\" alt=\"rramontina\" width=\"300\" height=\"200\" \/><\/a><figcaption id=\"caption-attachment-8884\" class=\"wp-caption-text\">Tramontina leva pr\u00eamio de design pela terceira vez<\/figcaption><\/figure>\n<p style=\"text-align: justify;\"><span style=\"color: #000000;\"><span style=\"color: #993300;\">Fevereiro, 2018<\/span> &#8211; Um \u00e9 bom, dois tamb\u00e9m. Mas tr\u00eas \u00e9 melhor ainda. O iF Design Award 2018, um dos pr\u00eamios de design mais importantes do mundo, premiou o cooktop Slim Glass Flat na cor branca da Tramontina. Em 2017, o produto a receber o selo foi o cooktop Penta Inox Flat 5GX 90 Safestop, que tamb\u00e9m levou o Brasil Design Award.<\/span><\/p>\n<p style=\"text-align: justify;\"><span style=\"color: #000000;\">Assim, os cooktops da Tramontina foram reconhecidos tr\u00eas vezes por seu conceito minimalista, que combina beleza e efici\u00eancia num s\u00f3 utens\u00edlio, com efeito clean e moderno. Na correria do dia a dia, s\u00e3o ideais para quem n\u00e3o quer perder o prazer de cozinhar no fog\u00e3o mas precisa de mais praticidade, pois \u00e9 s\u00f3 pressionar e girar o bot\u00e3o que a chama se acende automaticamente.\u00a0<\/span><\/p>\n<p style=\"text-align: justify;\">Site: <span style=\"text-decoration: underline;\"><span style=\"color: #333333; text-decoration: underline;\">www.tramontina.com.br<\/span><\/span><\/p>\n","protected":false},"excerpt":{"rendered":"<p>Slim Glass Flat recebeu o iF Design Award 2018 Fevereiro, 2018 &#8211; Um \u00e9 bom, dois tamb\u00e9m. Mas tr\u00eas \u00e9 melhor ainda. O iF Design Award 2018, um dos pr\u00eamios de design mais importantes do mundo, premiou o cooktop Slim Glass Flat na cor branca da Tramontina. Em 2017, o produto a receber o selo [&hellip;]<\/p>\n","protected":false},"author":1,"featured_media":8884,"comment_status":"open","ping_status":"open","sticky":false,"template":"","format":"standard","meta":{"_uag_custom_page_level_css":"","footnotes":""},"categories":[28],"tags":[1665,1935,3051,3125,5871,5872,6902,9506,11870],"class_list":["post-8883","post","type-post","status-publish","format-standard","has-post-thumbnail","hentry","category-arquitetura","tag-cadeiras-e-mesas-para-casa-de-praia","tag-casa-e-jardim","tag-cooktops-da-tramontina","tag-cozinhas-modernas-e-atraentes","tag-if-design-award-2018","tag-if-design-exhibition-hamburg","tag-linha-cooktops-flat-da-tramontina","tag-produtos-para-casa-e-decoracao","tag-tramontina-eletrik"],"blocksy_meta":[],"spectra_blocks_featured_image_url":[],"spectra_blocks_author_info":{"display_name":"Jornal da Constru\u00e7\u00e3o Civil","avatar_url":"https:\/\/secure.gravatar.com\/avatar\/973c9774fd44ddaceb026973c4962faa70fc512bc4c9da68e8ebb40fecee6540?s=96&d=mm&r=g","author_link":"https:\/\/construcaocivil.siriusmarketingedesign.com.br\/?author=1","description":"Desde de 2013, levando muitas informa\u00e7\u00f5es, lan\u00e7amentos e produtos de qualidade para toda cadeia produtiva da constru\u00e7\u00e3o. O Futuro da constru\u00e7\u00e3o passa por aqui,"},"uagb_featured_image_src":{"full":false,"thumbnail":false,"medium":false,"medium_large":false,"large":false,"1536x1536":false,"2048x2048":false},"uagb_author_info":{"display_name":"Jornal da Constru\u00e7\u00e3o Civil","author_link":"https:\/\/construcaocivil.siriusmarketingedesign.com.br\/?author=1"},"uagb_comment_info":0,"uagb_excerpt":"Slim Glass Flat recebeu o iF Design Award 2018 Fevereiro, 2018 &#8211; Um \u00e9 bom, dois tamb\u00e9m. Mas tr\u00eas \u00e9 melhor ainda. O iF Design Award 2018, um dos pr\u00eamios de design mais importantes do mundo, premiou o cooktop Slim Glass Flat na cor branca da Tramontina. Em 2017, o produto a receber o selo&hellip;","_links":{"self":[{"href":"https:\/\/construcaocivil.siriusmarketingedesign.com.br\/index.php?rest_route=\/wp\/v2\/posts\/8883","targetHints":{"allow":["GET"]}}],"collection":[{"href":"https:\/\/construcaocivil.siriusmarketingedesign.com.br\/index.php?rest_route=\/wp\/v2\/posts"}],"about":[{"href":"https:\/\/construcaocivil.siriusmarketingedesign.com.br\/index.php?rest_route=\/wp\/v2\/types\/post"}],"author":[{"embeddable":true,"href":"https:\/\/construcaocivil.siriusmarketingedesign.com.br\/index.php?rest_route=\/wp\/v2\/users\/1"}],"replies":[{"embeddable":true,"href":"https:\/\/construcaocivil.siriusmarketingedesign.com.br\/index.php?rest_route=%2Fwp%2Fv2%2Fcomments&post=8883"}],"version-history":[{"count":0,"href":"https:\/\/construcaocivil.siriusmarketingedesign.com.br\/index.php?rest_route=\/wp\/v2\/posts\/8883\/revisions"}],"wp:attachment":[{"href":"https:\/\/construcaocivil.siriusmarketingedesign.com.br\/index.php?rest_route=%2Fwp%2Fv2%2Fmedia&parent=8883"}],"wp:term":[{"taxonomy":"category","embeddable":true,"href":"https:\/\/construcaocivil.siriusmarketingedesign.com.br\/index.php?rest_route=%2Fwp%2Fv2%2Fcategories&post=8883"},{"taxonomy":"post_tag","embeddable":true,"href":"https:\/\/construcaocivil.siriusmarketingedesign.com.br\/index.php?rest_route=%2Fwp%2Fv2%2Ftags&post=8883"}],"curies":[{"name":"wp","href":"https:\/\/api.w.org\/{rel}","templated":true}]}}