{"id":8910,"date":"2018-02-07T09:57:19","date_gmt":"2018-02-07T12:57:19","guid":{"rendered":"https:\/\/jornaldaconstrucaocivil.com.br\/?p=8910"},"modified":"2018-02-07T09:57:19","modified_gmt":"2018-02-07T12:57:19","slug":"trevo-drywall-apresenta-palestra-em-curso-sobre-arquitetura-em-conteiner","status":"publish","type":"post","link":"https:\/\/construcaocivil.siriusmarketingedesign.com.br\/?p=8910","title":{"rendered":"Trevo Drywall apresenta palestra em curso sobre arquitetura em cont\u00eainer"},"content":{"rendered":"<p style=\"text-align: justify;\"><em><strong><span style=\"color: #333333;\">Treinamento acontece na capital paraense, entre os dias 19 e 22\/02<\/span><\/strong><\/em><\/p>\n<figure id=\"attachment_8911\" aria-describedby=\"caption-attachment-8911\" style=\"width: 268px\" class=\"wp-caption alignleft\"><a href=\"https:\/\/jornaldaconstrucaocivil.com.br\/wp-content\/uploads\/2018\/02\/TREVO.jpg\"><img loading=\"lazy\" decoding=\"async\" class=\"wp-image-8911\" src=\"https:\/\/jornaldaconstrucaocivil.com.br\/wp-content\/uploads\/2018\/02\/TREVO-300x204.jpg\" alt=\"TREVO\" width=\"268\" height=\"182\" \/><\/a><figcaption id=\"caption-attachment-8911\" class=\"wp-caption-text\">Trevo Drywall promove curso sobre arquitetura em cont\u00eainer, na cidade de Bel\u00e9m-PA. Divulga\u00e7\u00e3o<\/figcaption><\/figure>\n<p style=\"text-align: justify;\"><span style=\"color: #000000;\"><span style=\"color: #333399;\">Fevereiro, 2018<\/span> &#8211; Como utilizar chapas de drywall nos revestimentos, forros e divis\u00f3rias de cont\u00eaineres mar\u00edtimos. Esse \u00e9 o foco da palestra que Euz\u00e9lio Leal, representante da Trevo Drywall no Par\u00e1, apresentar\u00e1 no curso <span style=\"color: #993300;\">\u201cArquitetura em Cont\u00eainer\u201d<\/span> \u2013 acontece entre os dias 19 e 22\/02, em Bel\u00e9m (PA). O treinamento est\u00e1 sendo promovido pela empresa paulista Container Lab, e \u00e9 voltado a arquitetos, engenheiros e decoradores que desejam construir com cont\u00eaineres.<\/span><\/p>\n<p style=\"text-align: justify;\"><span style=\"color: #000000;\">Intitulado \u201cDrywall: o sistema construtivo que revoluciona a constru\u00e7\u00e3o civil\u201d, o trabalho de Leal ainda detalhar\u00e1 as caracter\u00edsticas das chapas fabricadas pela Trevo Drywall \u2013 modelos standard (ST), resistentes \u00e0 umidade (RU) e ao fogo (RF). \u201cTamb\u00e9m vou apresentar alguns cases de utiliza\u00e7\u00e3o dos nossos produtos em empreendimentos no Par\u00e1 e em outros estados\u201d, comenta.<\/span><\/p>\n<p style=\"text-align: justify;\"><span style=\"color: #000000;\">As inscri\u00e7\u00f5es para o <span style=\"color: #993300;\">\u201cArquitetura em Cont\u00eainer\u201d<\/span> devem ser feitas pelo site <span style=\"color: #000080;\">www.containerlab.com.br.<\/span><\/span><\/p>\n","protected":false},"excerpt":{"rendered":"<p>Treinamento acontece na capital paraense, entre os dias 19 e 22\/02 Fevereiro, 2018 &#8211; Como utilizar chapas de drywall nos revestimentos, forros e divis\u00f3rias de cont\u00eaineres mar\u00edtimos. Esse \u00e9 o foco da palestra que Euz\u00e9lio Leal, representante da Trevo Drywall no Par\u00e1, apresentar\u00e1 no curso \u201cArquitetura em Cont\u00eainer\u201d \u2013 acontece entre os dias 19 e [&hellip;]<\/p>\n","protected":false},"author":1,"featured_media":8911,"comment_status":"open","ping_status":"open","sticky":false,"template":"","format":"standard","meta":{"_uag_custom_page_level_css":"","footnotes":""},"categories":[28],"tags":[924,1331,2192,2823,2826,3015,3022,3296,3823,5193,6159,7489,7490,10114,10330,11956],"class_list":["post-8910","post","type-post","status-publish","format-standard","has-post-thumbnail","hentry","category-arquitetura","tag-arquitetura-em-conteiner","tag-belempa","tag-chapas-de-drywall","tag-construcao-a-seco","tag-construcao-civil","tag-container-lab","tag-conteiner-na-arquitetura","tag-curso-para-arquitetos-e-urbanistas","tag-drywall","tag-forros-e-divisorias","tag-inscricoes-abertas-para-palestra-de-drywall-em-container","tag-mercado-de-conteiner","tag-mercado-de-conteiner-ganha-espaco-nas-construcoes","tag-regiao-norte","tag-revestimentos-e-acabamentos","tag-trevo-drywall"],"blocksy_meta":[],"spectra_blocks_featured_image_url":[],"spectra_blocks_author_info":{"display_name":"Jornal da Constru\u00e7\u00e3o Civil","avatar_url":"https:\/\/secure.gravatar.com\/avatar\/973c9774fd44ddaceb026973c4962faa70fc512bc4c9da68e8ebb40fecee6540?s=96&d=mm&r=g","author_link":"https:\/\/construcaocivil.siriusmarketingedesign.com.br\/?author=1","description":"Desde de 2013, levando muitas informa\u00e7\u00f5es, lan\u00e7amentos e produtos de qualidade para toda cadeia produtiva da constru\u00e7\u00e3o. O Futuro da constru\u00e7\u00e3o passa por aqui,"},"uagb_featured_image_src":{"full":false,"thumbnail":false,"medium":false,"medium_large":false,"large":false,"1536x1536":false,"2048x2048":false},"uagb_author_info":{"display_name":"Jornal da Constru\u00e7\u00e3o Civil","author_link":"https:\/\/construcaocivil.siriusmarketingedesign.com.br\/?author=1"},"uagb_comment_info":0,"uagb_excerpt":"Treinamento acontece na capital paraense, entre os dias 19 e 22\/02 Fevereiro, 2018 &#8211; Como utilizar chapas de drywall nos revestimentos, forros e divis\u00f3rias de cont\u00eaineres mar\u00edtimos. Esse \u00e9 o foco da palestra que Euz\u00e9lio Leal, representante da Trevo Drywall no Par\u00e1, apresentar\u00e1 no curso \u201cArquitetura em Cont\u00eainer\u201d \u2013 acontece entre os dias 19 e&hellip;","_links":{"self":[{"href":"https:\/\/construcaocivil.siriusmarketingedesign.com.br\/index.php?rest_route=\/wp\/v2\/posts\/8910","targetHints":{"allow":["GET"]}}],"collection":[{"href":"https:\/\/construcaocivil.siriusmarketingedesign.com.br\/index.php?rest_route=\/wp\/v2\/posts"}],"about":[{"href":"https:\/\/construcaocivil.siriusmarketingedesign.com.br\/index.php?rest_route=\/wp\/v2\/types\/post"}],"author":[{"embeddable":true,"href":"https:\/\/construcaocivil.siriusmarketingedesign.com.br\/index.php?rest_route=\/wp\/v2\/users\/1"}],"replies":[{"embeddable":true,"href":"https:\/\/construcaocivil.siriusmarketingedesign.com.br\/index.php?rest_route=%2Fwp%2Fv2%2Fcomments&post=8910"}],"version-history":[{"count":0,"href":"https:\/\/construcaocivil.siriusmarketingedesign.com.br\/index.php?rest_route=\/wp\/v2\/posts\/8910\/revisions"}],"wp:attachment":[{"href":"https:\/\/construcaocivil.siriusmarketingedesign.com.br\/index.php?rest_route=%2Fwp%2Fv2%2Fmedia&parent=8910"}],"wp:term":[{"taxonomy":"category","embeddable":true,"href":"https:\/\/construcaocivil.siriusmarketingedesign.com.br\/index.php?rest_route=%2Fwp%2Fv2%2Fcategories&post=8910"},{"taxonomy":"post_tag","embeddable":true,"href":"https:\/\/construcaocivil.siriusmarketingedesign.com.br\/index.php?rest_route=%2Fwp%2Fv2%2Ftags&post=8910"}],"curies":[{"name":"wp","href":"https:\/\/api.w.org\/{rel}","templated":true}]}}