{"id":8919,"date":"2018-02-07T11:37:56","date_gmt":"2018-02-07T14:37:56","guid":{"rendered":"https:\/\/jornaldaconstrucaocivil.com.br\/?p=8919"},"modified":"2018-02-07T11:37:56","modified_gmt":"2018-02-07T14:37:56","slug":"trabalho-escravo-operacao-canaa-desmonta-sonho-da-terra-prometida-por-seita-para-trabalhadores","status":"publish","type":"post","link":"https:\/\/construcaocivil.siriusmarketingedesign.com.br\/?p=8919","title":{"rendered":"Trabalho Escravo: Opera\u00e7\u00e3o Cana\u00e3 desmonta sonho da \u201cterra prometida\u201d por seita para trabalhadores"},"content":{"rendered":"<p style=\"text-align: justify;\"><span style=\"color: #000080;\"><b><i>N\u00famero de resgatados pode chegar a 900 de acordo com estimativa da Pol\u00edcia Federal<\/i><\/b><\/span><\/p>\n<p style=\"text-align: justify;\"><span style=\"color: #000000;\"><span style=\"color: #993300;\">Fevereiro 2018<\/span> &#8211; Trabalhadores em condi\u00e7\u00e3o an\u00e1loga \u00e0 de escravo foram resgatados ontem, ter\u00e7a-feira (6) em 15 munic\u00edpios de Minas Gerais, S\u00e3o Paulo e Bahia. Em uma avalia\u00e7\u00e3o preliminar da Pol\u00edcia Federal, haveria cerca de 900 pessoas trabalhando de forma irregular. Como a a\u00e7\u00e3o ainda est\u00e1 em andamento, o n\u00famero deve sofrer altera\u00e7\u00e3o. Foi uma das maiores opera\u00e7\u00f5es de resgate j\u00e1 realizadas no pa\u00eds nos \u00faltimos anos. Pelo menos 22 pessoas foram presas.<\/span><\/p>\n<p style=\"text-align: justify;\"><span style=\"color: #000000;\"><strong><span style=\"color: #993300;\">Batizada de Opera\u00e7\u00e3o Cana\u00e3<\/span><\/strong> \u2013 A Colheita Final, a a\u00e7\u00e3o envolveu 58 auditores-fiscais do Minist\u00e9rio do Trabalho integrantes do Grupo Especial de Fiscaliza\u00e7\u00e3o M\u00f3vel e das superintend\u00eancias dos tr\u00eas estados, mais 220 policiais federais. O grupo cumpriu 22 mandados de pris\u00e3o preventiva, 17 de interdi\u00e7\u00e3o de estabelecimento comercial e 42 de busca e apreens\u00e3o.<\/span><\/p>\n<p style=\"text-align: justify;\"><span style=\"color: #000000;\">O nome da Opera\u00e7\u00e3o \u00e9 uma refer\u00eancia b\u00edblica \u00e0 terra prometida, j\u00e1 que os trabalhadores teriam sido aliciados por dirigentes de uma seita religiosa conhecida como Comunidade Evang\u00e9lica Jesus, a verdade que marca. Eles teriam sido abordados na sede da igreja na capital paulistana, onde teriam sido convencidos a doar os bens para as associa\u00e7\u00f5es controladas pela organiza\u00e7\u00e3o e convencidos a mudar-se para uma comunidade, onde todos os bens m\u00f3veis e im\u00f3veis seriam compartilhados.<\/span><\/p>\n<p style=\"text-align: justify;\"><span style=\"color: #000000;\">Ap\u00f3s serem induzidos, os fi\u00e9is doutrinados foram levados para zonas rurais e urbanas em Minas Gerais (Contagem, Caxambu, Betim, Andrel\u00e2ndia, Minduri, Madre de Deus, S\u00e3o Vicente de Minas, Pouso Alegre e Po\u00e7os de Caldas), na Bahia (Ibotirama, Luiz Eduardo Magalh\u00e3es, Wanderley e Barra) e em S\u00e3o Paulo (capital).\u00a0 Eles trabalhavam em lavouras e em estabelecimentos comerciais como oficinas mec\u00e2nicas, postos de gasolina, pastelarias, confec\u00e7\u00f5es e restaurantes, todos comandados pelos l\u00edderes da seita.<\/span><\/p>\n<p style=\"text-align: justify;\"><span style=\"color: #993300;\"><strong>Investiga\u00e7\u00e3o<\/strong><\/span><\/p>\n<p style=\"text-align: justify;\"><span style=\"color: #000000;\">O chefe do Grupo Especial de Fiscaliza\u00e7\u00e3o M\u00f3vel do Minist\u00e9rio do Trabalho, Maur\u00edcio Krepsky Fagundes, explica que a opera\u00e7\u00e3o desta ter\u00e7a foi resultado de uma investiga\u00e7\u00e3o conduzida pela Pol\u00edcia Federal. Um dos itens que mais chamou \u00e0 aten\u00e7\u00e3o dos policiais foi o crescimento do patrim\u00f4nio pessoal dos l\u00edderes da seita e o aumento dos fi\u00e9is agregados nos \u00faltimos cinco anos.<\/span><\/p>\n<p style=\"text-align: justify;\"><span style=\"color: #000000;\">&#8220;Desde 2013, tem sido feito um trabalho de intelig\u00eancia para achar os locais onde os aliciados trabalhavam, as fraudes praticadas pela organiza\u00e7\u00e3o criminosa e, principalmente, a caracteriza\u00e7\u00e3o do crime de tr\u00e1fico de pessoas&#8221;, destaca Maur\u00edcio.<\/span><\/p>\n<p style=\"text-align: justify;\"><span style=\"color: #000000;\">O chefe da equipe de fiscaliza\u00e7\u00e3o do Minist\u00e9rio espera que a opera\u00e7\u00e3o contribua para o fim das opera\u00e7\u00f5es da seita. As atividades comerciais de estabelecimentos pertencentes ao grupo j\u00e1 foram encerradas. E os auditores-fiscais do MTb seguem ouvindo todos os trabalhadores encontrados durante a opera\u00e7\u00e3o para saber detalhes do que ocorria com cada um deles nas \u00e1reas onde foram encontradas as irregularidades.<\/span><\/p>\n<p style=\"text-align: justify;\"><span style=\"color: #000000;\">Nos casos onde for confirmado o trabalho escravo, ser\u00e3o feitos os c\u00e1lculos dos direitos trabalhistas, que dever\u00e3o ser pagos pelas empresas criadas pela seita retroativamente desde a data em que os trabalhadores come\u00e7aram a prestar os servi\u00e7os. Os trabalhadores tamb\u00e9m ser\u00e3o encaminhados ao Programa de Seguro-Desemprego para Resgatados.<\/span><\/p>\n<p style=\"text-align: justify;\"><strong><span style=\"color: #993300;\">Hist\u00f3rico<\/span><\/strong><\/p>\n<p style=\"text-align: justify;\"><span style=\"color: #000000;\">A Opera\u00e7\u00e3o Cana\u00e3 teve origem em 2013, quando ocorreu o resgate de 348 trabalhadores na Uni\u00e3o Agropecu\u00e1ria Novo Horizonte S.A. e em empresas urbanas. O relat\u00f3rio dessa a\u00e7\u00e3o fiscal gerou uma a\u00e7\u00e3o penal do Minist\u00e9rio P\u00fablico Federal (MPF), que determinou o retorno dos auditores-fiscais e dos agentes da PF aos locais investigados para averiguar a situa\u00e7\u00e3o atual.<\/span><\/p>\n<p style=\"text-align: justify;\"><span style=\"color: #000000;\">Na Pol\u00edcia Federal, a investiga\u00e7\u00e3o teve in\u00edcio quando a seita estava migrando de S\u00e3o Paulo para Minas Gerais. Em 2015, foi desencadeada sua segunda fase: &#8220;De volta para Cana\u00e3&#8221;, quando foram presos temporariamente cinco dos l\u00edderes da seita.<\/span><\/p>\n<p style=\"text-align: justify;\"><span style=\"color: #000000;\">A deflagra\u00e7\u00e3o desta ter\u00e7a-feira representa a terceira fase da opera\u00e7\u00e3o, com a pris\u00e3o preventiva de 22 l\u00edderes da seita que, segundo a Pol\u00edcia Federal,\u00a0 poder\u00e3o cumprir at\u00e9 42 anos de pris\u00e3o, se condenados. O l\u00edder da seita, conhecido como Pastor C\u00edcero, est\u00e1 foragido.<\/span><\/p>\n<p style=\"text-align: justify;\">Fonte:Imprensa\/ Minist\u00e9rio do Trabalho<\/p>\n","protected":false},"excerpt":{"rendered":"<p>N\u00famero de resgatados pode chegar a 900 de acordo com estimativa da Pol\u00edcia Federal Fevereiro 2018 &#8211; Trabalhadores em condi\u00e7\u00e3o an\u00e1loga \u00e0 de escravo foram resgatados ontem, ter\u00e7a-feira (6) em 15 munic\u00edpios de Minas Gerais, S\u00e3o Paulo e Bahia. Em uma avalia\u00e7\u00e3o preliminar da Pol\u00edcia Federal, haveria cerca de 900 pessoas trabalhando de forma irregular. [&hellip;]<\/p>\n","protected":false},"author":1,"featured_media":0,"comment_status":"open","ping_status":"open","sticky":false,"template":"","format":"standard","meta":{"_uag_custom_page_level_css":"","footnotes":""},"categories":[27],"tags":[261,1094,8454,8455,9051,9621,10672,11229,11861],"class_list":["post-8919","post","type-post","status-publish","format-standard","hentry","category-acontece","tag-900-trabalhadores-em-condicoes-de-trabalho-escravo-sao-libertados","tag-auditores-fiscais-do-mtb","tag-operacao-canaa","tag-operacao-canaa-desmonta-sonho-da-terra-prometida-por-seita-para-trabalhadores","tag-policia-federal","tag-programa-de-seguro-desemprego-para-resgatados","tag-sao-paulo-e-minas-gerais","tag-sita-religiosa-pratica-trabalho-escravo-na-bahia","tag-trabalho-escravo-em-minas"],"blocksy_meta":[],"spectra_blocks_featured_image_url":null,"spectra_blocks_author_info":{"display_name":"Jornal da Constru\u00e7\u00e3o Civil","avatar_url":"https:\/\/secure.gravatar.com\/avatar\/973c9774fd44ddaceb026973c4962faa70fc512bc4c9da68e8ebb40fecee6540?s=96&d=mm&r=g","author_link":"https:\/\/construcaocivil.siriusmarketingedesign.com.br\/?author=1","description":"Desde de 2013, levando muitas informa\u00e7\u00f5es, lan\u00e7amentos e produtos de qualidade para toda cadeia produtiva da constru\u00e7\u00e3o. O Futuro da constru\u00e7\u00e3o passa por aqui,"},"uagb_featured_image_src":{"full":false,"thumbnail":false,"medium":false,"medium_large":false,"large":false,"1536x1536":false,"2048x2048":false},"uagb_author_info":{"display_name":"Jornal da Constru\u00e7\u00e3o Civil","author_link":"https:\/\/construcaocivil.siriusmarketingedesign.com.br\/?author=1"},"uagb_comment_info":0,"uagb_excerpt":"N\u00famero de resgatados pode chegar a 900 de acordo com estimativa da Pol\u00edcia Federal Fevereiro 2018 &#8211; Trabalhadores em condi\u00e7\u00e3o an\u00e1loga \u00e0 de escravo foram resgatados ontem, ter\u00e7a-feira (6) em 15 munic\u00edpios de Minas Gerais, S\u00e3o Paulo e Bahia. Em uma avalia\u00e7\u00e3o preliminar da Pol\u00edcia Federal, haveria cerca de 900 pessoas trabalhando de forma irregular.&hellip;","_links":{"self":[{"href":"https:\/\/construcaocivil.siriusmarketingedesign.com.br\/index.php?rest_route=\/wp\/v2\/posts\/8919","targetHints":{"allow":["GET"]}}],"collection":[{"href":"https:\/\/construcaocivil.siriusmarketingedesign.com.br\/index.php?rest_route=\/wp\/v2\/posts"}],"about":[{"href":"https:\/\/construcaocivil.siriusmarketingedesign.com.br\/index.php?rest_route=\/wp\/v2\/types\/post"}],"author":[{"embeddable":true,"href":"https:\/\/construcaocivil.siriusmarketingedesign.com.br\/index.php?rest_route=\/wp\/v2\/users\/1"}],"replies":[{"embeddable":true,"href":"https:\/\/construcaocivil.siriusmarketingedesign.com.br\/index.php?rest_route=%2Fwp%2Fv2%2Fcomments&post=8919"}],"version-history":[{"count":0,"href":"https:\/\/construcaocivil.siriusmarketingedesign.com.br\/index.php?rest_route=\/wp\/v2\/posts\/8919\/revisions"}],"wp:attachment":[{"href":"https:\/\/construcaocivil.siriusmarketingedesign.com.br\/index.php?rest_route=%2Fwp%2Fv2%2Fmedia&parent=8919"}],"wp:term":[{"taxonomy":"category","embeddable":true,"href":"https:\/\/construcaocivil.siriusmarketingedesign.com.br\/index.php?rest_route=%2Fwp%2Fv2%2Fcategories&post=8919"},{"taxonomy":"post_tag","embeddable":true,"href":"https:\/\/construcaocivil.siriusmarketingedesign.com.br\/index.php?rest_route=%2Fwp%2Fv2%2Ftags&post=8919"}],"curies":[{"name":"wp","href":"https:\/\/api.w.org\/{rel}","templated":true}]}}