{"id":893,"date":"2016-02-19T15:26:27","date_gmt":"2016-02-19T15:26:27","guid":{"rendered":"http:\/\/www.jornaldaconstrucaocivil.com.br\/?p=893"},"modified":"2016-02-19T15:26:27","modified_gmt":"2016-02-19T15:26:27","slug":"carnaval-aquece-a-reciclagem-de-latinhas-em-sao-paulo","status":"publish","type":"post","link":"https:\/\/construcaocivil.siriusmarketingedesign.com.br\/?p=893","title":{"rendered":"Carnaval aquece a reciclagem de latinhas em S\u00e3o Paulo"},"content":{"rendered":"<p><strong><span style=\"color: #000080;\"><em>Per\u00edodo de festa contribui para o Brasil manter a lideran\u00e7a no \u00edndice de reciclagem de latas de alum\u00ednio desde 2001<\/em><\/span><\/strong><\/p>\n<p>&nbsp;<\/p>\n<p><span style=\"color: #000000;\">Mais de 4 toneladas de latinhas foram coletadas e recicladas durante o Carnaval no Samb\u00f3dromo de S\u00e3o Paulo neste ano. Com este volume, os foli\u00f5es paulistanos contribu\u00edram para que o pa\u00eds se mantenha no topo do ranking de reciclagem. <\/span><\/p>\n<p><a href=\"http:\/\/www.jornaldaconstrucaocivil.com.br\/wp-content\/uploads\/2016\/02\/ABAL.jpg\"><img loading=\"lazy\" decoding=\"async\" class=\"wp-image-894 aligncenter\" src=\"http:\/\/www.jornaldaconstrucaocivil.com.br\/wp-content\/uploads\/2016\/02\/ABAL-300x200.jpg\" alt=\"ABAL\" width=\"339\" height=\"226\" \/><\/a><\/p>\n<p><span style=\"color: #000000;\">De acordo com a ABAL \u2013 Associa\u00e7\u00e3o Brasileira do Alum\u00ednio, temos o recorde mundial de reciclagem de latinhas de alum\u00ednio, com \u00edndice chegando a 98,4% &#8211; o maior desde 2001.<\/span><\/p>\n<p><span style=\"color: #000000;\">No total, foram coletadas mais de 10 toneladas de material recicl\u00e1vel, de acordo com a Autoridade Municipal de Limpeza Urbana (AMLURB), que opera durante todo o Carnaval em parceria com a SPTuris. Para este ano, uma equipe de 40 catadores da Cooperativa Central Tiet\u00ea, distribu\u00eddos em todo o Samb\u00f3dromo, al\u00e9m de 12 t\u00e9cnicos da Amlurb participaram desse movimento sustent\u00e1vel.<\/span><\/p>\n<p><span style=\"color: #000000;\"><strong>Sobre a ABAL<\/strong><\/span><\/p>\n<p><span style=\"color: #000000;\">F\u00f3rum leg\u00edtimo do setor, desde 1970, a Associa\u00e7\u00e3o Brasileira do Alum\u00ednio defende os interesses das empresas que atuam diretamente ou dependem da ind\u00fastria do alum\u00ednio. A entidade representa o setor junto ao governo e \u00e0 sociedade, al\u00e9m de participar de f\u00f3runs e eventos relacionados aos neg\u00f3cios de seus associados. Mant\u00e9m, ainda, parceria com federa\u00e7\u00f5es e outras associa\u00e7\u00f5es para ampliar o di\u00e1logo com toda a cadeia produtiva. <\/span><\/p>\n<p><span style=\"color: #000000;\">Disseminadora de conhecimento, a ABAL responde pela elabora\u00e7\u00e3o das normas t\u00e9cnicas para processos e produtos de alum\u00ednio, al\u00e9m de contribuir com a capacita\u00e7\u00e3o profissional por meio de cursos, palestras e semin\u00e1rios em diversas \u00e1reas. \u00c9 miss\u00e3o da entidade tornar a ind\u00fastria do alum\u00ednio mais s\u00f3lida, forte e competitiva.<\/span><\/p>\n<p>Fonte: Assessoria de Imprensa ABAL<\/p>\n","protected":false},"excerpt":{"rendered":"<p>Per\u00edodo de festa contribui para o Brasil manter a lideran\u00e7a no \u00edndice de reciclagem de latas de alum\u00ednio desde 2001 &nbsp; Mais de 4 toneladas de latinhas foram coletadas e recicladas durante o Carnaval no Samb\u00f3dromo de S\u00e3o Paulo neste ano. Com este volume, os foli\u00f5es paulistanos contribu\u00edram para que o pa\u00eds se mantenha no [&hellip;]<\/p>\n","protected":false},"author":1,"featured_media":894,"comment_status":"open","ping_status":"open","sticky":false,"template":"","format":"standard","meta":{"_uag_custom_page_level_css":"","footnotes":""},"categories":[37],"tags":[275,1861,3856,6742,10668],"class_list":["post-893","post","type-post","status-publish","format-standard","has-post-thumbnail","hentry","category-sustentabilidade","tag-abal","tag-carnaval-2016","tag-economia","tag-latinhas","tag-sao-paulo"],"blocksy_meta":[],"spectra_blocks_featured_image_url":[],"spectra_blocks_author_info":{"display_name":"Jornal da Constru\u00e7\u00e3o Civil","avatar_url":"https:\/\/secure.gravatar.com\/avatar\/973c9774fd44ddaceb026973c4962faa70fc512bc4c9da68e8ebb40fecee6540?s=96&d=mm&r=g","author_link":"https:\/\/construcaocivil.siriusmarketingedesign.com.br\/?author=1","description":"Desde de 2013, levando muitas informa\u00e7\u00f5es, lan\u00e7amentos e produtos de qualidade para toda cadeia produtiva da constru\u00e7\u00e3o. O Futuro da constru\u00e7\u00e3o passa por aqui,"},"uagb_featured_image_src":{"full":false,"thumbnail":false,"medium":false,"medium_large":false,"large":false,"1536x1536":false,"2048x2048":false},"uagb_author_info":{"display_name":"Jornal da Constru\u00e7\u00e3o Civil","author_link":"https:\/\/construcaocivil.siriusmarketingedesign.com.br\/?author=1"},"uagb_comment_info":0,"uagb_excerpt":"Per\u00edodo de festa contribui para o Brasil manter a lideran\u00e7a no \u00edndice de reciclagem de latas de alum\u00ednio desde 2001 &nbsp; Mais de 4 toneladas de latinhas foram coletadas e recicladas durante o Carnaval no Samb\u00f3dromo de S\u00e3o Paulo neste ano. Com este volume, os foli\u00f5es paulistanos contribu\u00edram para que o pa\u00eds se mantenha no&hellip;","_links":{"self":[{"href":"https:\/\/construcaocivil.siriusmarketingedesign.com.br\/index.php?rest_route=\/wp\/v2\/posts\/893","targetHints":{"allow":["GET"]}}],"collection":[{"href":"https:\/\/construcaocivil.siriusmarketingedesign.com.br\/index.php?rest_route=\/wp\/v2\/posts"}],"about":[{"href":"https:\/\/construcaocivil.siriusmarketingedesign.com.br\/index.php?rest_route=\/wp\/v2\/types\/post"}],"author":[{"embeddable":true,"href":"https:\/\/construcaocivil.siriusmarketingedesign.com.br\/index.php?rest_route=\/wp\/v2\/users\/1"}],"replies":[{"embeddable":true,"href":"https:\/\/construcaocivil.siriusmarketingedesign.com.br\/index.php?rest_route=%2Fwp%2Fv2%2Fcomments&post=893"}],"version-history":[{"count":0,"href":"https:\/\/construcaocivil.siriusmarketingedesign.com.br\/index.php?rest_route=\/wp\/v2\/posts\/893\/revisions"}],"wp:attachment":[{"href":"https:\/\/construcaocivil.siriusmarketingedesign.com.br\/index.php?rest_route=%2Fwp%2Fv2%2Fmedia&parent=893"}],"wp:term":[{"taxonomy":"category","embeddable":true,"href":"https:\/\/construcaocivil.siriusmarketingedesign.com.br\/index.php?rest_route=%2Fwp%2Fv2%2Fcategories&post=893"},{"taxonomy":"post_tag","embeddable":true,"href":"https:\/\/construcaocivil.siriusmarketingedesign.com.br\/index.php?rest_route=%2Fwp%2Fv2%2Ftags&post=893"}],"curies":[{"name":"wp","href":"https:\/\/api.w.org\/{rel}","templated":true}]}}