{"id":8954,"date":"2018-02-14T16:26:49","date_gmt":"2018-02-14T19:26:49","guid":{"rendered":"https:\/\/jornaldaconstrucaocivil.com.br\/?p=8954"},"modified":"2018-02-14T16:26:49","modified_gmt":"2018-02-14T19:26:49","slug":"carnaval-2018-som-ruim-atrapalhou-escolas-do-grupo-especial-do-carnaval-carioca-engenharia-de-som-ficou-devendo","status":"publish","type":"post","link":"https:\/\/construcaocivil.siriusmarketingedesign.com.br\/?p=8954","title":{"rendered":"Carnaval 2018: Som ruim atrapalhou escolas do Grupo Especial do Carnaval carioca. Engenharia de som ficou devendo"},"content":{"rendered":"<p style=\"text-align: justify;\"><span style=\"color: #000000;\">\u00c9 inacredit\u00e1vel que um espet\u00e1culo reconhecido internacional como uns dos melhores do mundo, no caso, os desfiles das Escolas de Samba da Marqu\u00eas de Sapuca\u00ed-RJ, tenha ainda um som de p\u00e9ssima qualidade.\u00a0 Muitas escolas de samba do grupo especial e do grupo A sa\u00edram prejudicadas com este problema. A dire\u00e7\u00e3o da GRES Mocidade de Padre Miguel j\u00e1 tinha reclamado do problema durante o teste de som.\u00a0<\/span><\/p>\n<figure id=\"attachment_8955\" aria-describedby=\"caption-attachment-8955\" style=\"width: 300px\" class=\"wp-caption alignleft\"><a href=\"https:\/\/jornaldaconstrucaocivil.com.br\/wp-content\/uploads\/2018\/02\/Mauri-Pimentel-El-Pais.jpg\"><img loading=\"lazy\" decoding=\"async\" class=\"wp-image-8955 size-medium\" src=\"https:\/\/jornaldaconstrucaocivil.com.br\/wp-content\/uploads\/2018\/02\/Mauri-Pimentel-El-Pais-300x200.jpg\" width=\"300\" height=\"200\" \/><\/a><figcaption id=\"caption-attachment-8955\" class=\"wp-caption-text\">Mauro Pimentel &#8211; AFT \/El Pais<\/figcaption><\/figure>\n<p style=\"text-align: justify;\"><span style=\"color: #000000;\"><span style=\"color: #993300;\">Rio, Fevereiro, 2018<\/span> &#8211; O Carnaval carioca sempre uns dos mais concorridos do mundo ainda sofre com alguns problemas, como, Economia fraca, no estado do Rio, a crise \u00e9 latente em rela\u00e7\u00e3o ao restante do Brasil; Escolas de Samba sem dinheiro, Prefeito Marcello Crivella que boicota a festa e a falta de seguran\u00e7a que assombra cariocas e turistas. Ainda assim, por v\u00e1rias situa\u00e7\u00f5es do destino a cidade recebeu na folia de 2018, milh\u00f5es de visitantes do Brasil e de fora, muitos argentinos. Muita empolga\u00e7\u00e3o e entusiamo nos blocos e na Sapuca\u00ed.\u00a0<\/span><\/p>\n<p style=\"text-align: justify;\"><span style=\"color: #000000;\">Agora, o que faz uma festa da magnitude dos desfiles da Avenida Sapuca\u00ed ter um som t\u00e3o ruim? Em 2019, por favor chamem uma empresa de som qualificada, com engenheiros e t\u00e9cnicos gabaritados e coloquem uma mesa de mixagem somente para a Bateria. Neste ano de 2018, n\u00e3o se deu para ouvir\u00a0 todos os instrumentos das baterias..como o repique, Caixa, Tamborins e etcc&#8230;<\/span><\/p>\n<p style=\"text-align: justify;\"><span style=\"color: #000000;\">No mais parab\u00e9ns para a Beija Flor campe\u00e3 de 2018 e a ilustre e xod\u00f3 do p\u00fablico, a GRES Para\u00edso do Tuiuti pelo segundo lugar no carnaval carioca, do Brasil.\u00a0<\/span><\/p>\n<h2 class=\"articulo-subtitulo\"><\/h2>\n<p>&nbsp;<\/p>\n","protected":false},"excerpt":{"rendered":"<p>\u00c9 inacredit\u00e1vel que um espet\u00e1culo reconhecido internacional como uns dos melhores do mundo, no caso, os desfiles das Escolas de Samba da Marqu\u00eas de Sapuca\u00ed-RJ, tenha ainda um som de p\u00e9ssima qualidade.\u00a0 Muitas escolas de samba do grupo especial e do grupo A sa\u00edram prejudicadas com este problema. A dire\u00e7\u00e3o da GRES Mocidade de Padre [&hellip;]<\/p>\n","protected":false},"author":1,"featured_media":8956,"comment_status":"open","ping_status":"open","sticky":false,"template":"","format":"standard","meta":{"_uag_custom_page_level_css":"","footnotes":""},"categories":[27],"tags":[1093,3228,4344,4478,5156,5631,5635,5636,8098,9379,11353],"class_list":["post-8954","post","type-post","status-publish","format-standard","has-post-thumbnail","hentry","category-acontece","tag-audio-ruim","tag-crivella-abandona-a-cidade-no-carnaval","tag-engenharia-de-som","tag-escolas-do-grupo-especial-e-a-sairam-prejudicas-pelo-pessimo-som-da-sapucai","tag-folioes-de-todo-o-brasil","tag-gres-beija-flor-campea-2018","tag-gres-mocidade-reclama-do-som-na-sapucai","tag-gres-paraiso-do-tuiuti","tag-nesa-de-mixagem-para-as-baterias","tag-presidente-vampiro-carnaval-de-2018","tag-som-ruim-atrapalhou-escolas-do-grupo-especial-do-carnaval-carioca"],"blocksy_meta":[],"spectra_blocks_featured_image_url":[],"spectra_blocks_author_info":{"display_name":"Jornal da Constru\u00e7\u00e3o Civil","avatar_url":"https:\/\/secure.gravatar.com\/avatar\/973c9774fd44ddaceb026973c4962faa70fc512bc4c9da68e8ebb40fecee6540?s=96&d=mm&r=g","author_link":"https:\/\/construcaocivil.siriusmarketingedesign.com.br\/?author=1","description":"Desde de 2013, levando muitas informa\u00e7\u00f5es, lan\u00e7amentos e produtos de qualidade para toda cadeia produtiva da constru\u00e7\u00e3o. O Futuro da constru\u00e7\u00e3o passa por aqui,"},"uagb_featured_image_src":{"full":false,"thumbnail":false,"medium":false,"medium_large":false,"large":false,"1536x1536":false,"2048x2048":false},"uagb_author_info":{"display_name":"Jornal da Constru\u00e7\u00e3o Civil","author_link":"https:\/\/construcaocivil.siriusmarketingedesign.com.br\/?author=1"},"uagb_comment_info":0,"uagb_excerpt":"\u00c9 inacredit\u00e1vel que um espet\u00e1culo reconhecido internacional como uns dos melhores do mundo, no caso, os desfiles das Escolas de Samba da Marqu\u00eas de Sapuca\u00ed-RJ, tenha ainda um som de p\u00e9ssima qualidade.\u00a0 Muitas escolas de samba do grupo especial e do grupo A sa\u00edram prejudicadas com este problema. A dire\u00e7\u00e3o da GRES Mocidade de Padre&hellip;","_links":{"self":[{"href":"https:\/\/construcaocivil.siriusmarketingedesign.com.br\/index.php?rest_route=\/wp\/v2\/posts\/8954","targetHints":{"allow":["GET"]}}],"collection":[{"href":"https:\/\/construcaocivil.siriusmarketingedesign.com.br\/index.php?rest_route=\/wp\/v2\/posts"}],"about":[{"href":"https:\/\/construcaocivil.siriusmarketingedesign.com.br\/index.php?rest_route=\/wp\/v2\/types\/post"}],"author":[{"embeddable":true,"href":"https:\/\/construcaocivil.siriusmarketingedesign.com.br\/index.php?rest_route=\/wp\/v2\/users\/1"}],"replies":[{"embeddable":true,"href":"https:\/\/construcaocivil.siriusmarketingedesign.com.br\/index.php?rest_route=%2Fwp%2Fv2%2Fcomments&post=8954"}],"version-history":[{"count":0,"href":"https:\/\/construcaocivil.siriusmarketingedesign.com.br\/index.php?rest_route=\/wp\/v2\/posts\/8954\/revisions"}],"wp:attachment":[{"href":"https:\/\/construcaocivil.siriusmarketingedesign.com.br\/index.php?rest_route=%2Fwp%2Fv2%2Fmedia&parent=8954"}],"wp:term":[{"taxonomy":"category","embeddable":true,"href":"https:\/\/construcaocivil.siriusmarketingedesign.com.br\/index.php?rest_route=%2Fwp%2Fv2%2Fcategories&post=8954"},{"taxonomy":"post_tag","embeddable":true,"href":"https:\/\/construcaocivil.siriusmarketingedesign.com.br\/index.php?rest_route=%2Fwp%2Fv2%2Ftags&post=8954"}],"curies":[{"name":"wp","href":"https:\/\/api.w.org\/{rel}","templated":true}]}}