{"id":8972,"date":"2018-02-16T15:30:30","date_gmt":"2018-02-16T18:30:30","guid":{"rendered":"https:\/\/jornaldaconstrucaocivil.com.br\/?p=8972"},"modified":"2018-02-16T15:30:30","modified_gmt":"2018-02-16T18:30:30","slug":"alerta-gol-orienta-clientes-sobre-o-fim-do-horario-de-verao","status":"publish","type":"post","link":"https:\/\/construcaocivil.siriusmarketingedesign.com.br\/?p=8972","title":{"rendered":"Alerta: GOL orienta clientes sobre o fim do hor\u00e1rio de ver\u00e3o"},"content":{"rendered":"<p><em><strong><span style=\"color: #000000;\">Hor\u00e1rio convencional volta a valer \u00e0s 0h deste domingo em todo o territ\u00f3rio nacional<\/span><\/strong><\/em><\/p>\n<p><span style=\"color: #000000;\"><span style=\"color: #993300;\">Fevereiro de 2018<\/span> &#8211; Com o fim do hor\u00e1rio de ver\u00e3o, \u00e0s 23h59 deste s\u00e1bado, 17 de fevereiro, a GOL Linhas A\u00e9reas Inteligentes alerta seus clientes a ficarem atentos aos hor\u00e1rios de seus voos, dom\u00e9sticos e internacionais, a fim de evitar imprevistos.<\/span><\/p>\n<p><span style=\"color: #000000;\">A companhia enviar\u00e1 um comunicado para alertar os passageiros com viagens adquiridas para a pr\u00f3xima semana. Os clientes podem ainda confirmar os hor\u00e1rios no site da empresa, clicando em\u00a0<span style=\"text-decoration: underline;\"><span style=\"color: #333399; text-decoration: underline;\">&#8220;<a style=\"color: #333399; text-decoration: underline;\" href=\"http:\/\/compre2.voegol.com.br\/RetrieveBooking.aspx?culture=pt-br\" target=\"_blank\" rel=\"noreferrer\">Minhas reservas<\/a>&#8220;.<\/span><\/span><\/span><\/p>\n<p><span style=\"color: #000000;\">A programa\u00e7\u00e3o de chegada e partida dos voos t\u00eam como base o hor\u00e1rio local de cada cidade.<\/span><\/p>\n","protected":false},"excerpt":{"rendered":"<p>Hor\u00e1rio convencional volta a valer \u00e0s 0h deste domingo em todo o territ\u00f3rio nacional Fevereiro de 2018 &#8211; Com o fim do hor\u00e1rio de ver\u00e3o, \u00e0s 23h59 deste s\u00e1bado, 17 de fevereiro, a GOL Linhas A\u00e9reas Inteligentes alerta seus clientes a ficarem atentos aos hor\u00e1rios de seus voos, dom\u00e9sticos e internacionais, a fim de evitar [&hellip;]<\/p>\n","protected":false},"author":1,"featured_media":0,"comment_status":"open","ping_status":"open","sticky":false,"template":"","format":"standard","meta":{"_uag_custom_page_level_css":"","footnotes":""},"categories":[27],"tags":[486,593,5067,5520,8704],"class_list":["post-8972","post","type-post","status-publish","format-standard","hentry","category-acontece","tag-aeroportos-de-todo-o-brasil","tag-alerta-para-quem-for-viajar-com-fim-do-horario-de-verao","tag-fim-do-horario-de-verao","tag-gol-linhas-aereas-inteligentes","tag-passageiros-devem-ficar-alertas"],"blocksy_meta":[],"spectra_blocks_featured_image_url":null,"spectra_blocks_author_info":{"display_name":"Jornal da Constru\u00e7\u00e3o Civil","avatar_url":"https:\/\/secure.gravatar.com\/avatar\/973c9774fd44ddaceb026973c4962faa70fc512bc4c9da68e8ebb40fecee6540?s=96&d=mm&r=g","author_link":"https:\/\/construcaocivil.siriusmarketingedesign.com.br\/?author=1","description":"Desde de 2013, levando muitas informa\u00e7\u00f5es, lan\u00e7amentos e produtos de qualidade para toda cadeia produtiva da constru\u00e7\u00e3o. O Futuro da constru\u00e7\u00e3o passa por aqui,"},"uagb_featured_image_src":{"full":false,"thumbnail":false,"medium":false,"medium_large":false,"large":false,"1536x1536":false,"2048x2048":false},"uagb_author_info":{"display_name":"Jornal da Constru\u00e7\u00e3o Civil","author_link":"https:\/\/construcaocivil.siriusmarketingedesign.com.br\/?author=1"},"uagb_comment_info":0,"uagb_excerpt":"Hor\u00e1rio convencional volta a valer \u00e0s 0h deste domingo em todo o territ\u00f3rio nacional Fevereiro de 2018 &#8211; Com o fim do hor\u00e1rio de ver\u00e3o, \u00e0s 23h59 deste s\u00e1bado, 17 de fevereiro, a GOL Linhas A\u00e9reas Inteligentes alerta seus clientes a ficarem atentos aos hor\u00e1rios de seus voos, dom\u00e9sticos e internacionais, a fim de evitar&hellip;","_links":{"self":[{"href":"https:\/\/construcaocivil.siriusmarketingedesign.com.br\/index.php?rest_route=\/wp\/v2\/posts\/8972","targetHints":{"allow":["GET"]}}],"collection":[{"href":"https:\/\/construcaocivil.siriusmarketingedesign.com.br\/index.php?rest_route=\/wp\/v2\/posts"}],"about":[{"href":"https:\/\/construcaocivil.siriusmarketingedesign.com.br\/index.php?rest_route=\/wp\/v2\/types\/post"}],"author":[{"embeddable":true,"href":"https:\/\/construcaocivil.siriusmarketingedesign.com.br\/index.php?rest_route=\/wp\/v2\/users\/1"}],"replies":[{"embeddable":true,"href":"https:\/\/construcaocivil.siriusmarketingedesign.com.br\/index.php?rest_route=%2Fwp%2Fv2%2Fcomments&post=8972"}],"version-history":[{"count":0,"href":"https:\/\/construcaocivil.siriusmarketingedesign.com.br\/index.php?rest_route=\/wp\/v2\/posts\/8972\/revisions"}],"wp:attachment":[{"href":"https:\/\/construcaocivil.siriusmarketingedesign.com.br\/index.php?rest_route=%2Fwp%2Fv2%2Fmedia&parent=8972"}],"wp:term":[{"taxonomy":"category","embeddable":true,"href":"https:\/\/construcaocivil.siriusmarketingedesign.com.br\/index.php?rest_route=%2Fwp%2Fv2%2Fcategories&post=8972"},{"taxonomy":"post_tag","embeddable":true,"href":"https:\/\/construcaocivil.siriusmarketingedesign.com.br\/index.php?rest_route=%2Fwp%2Fv2%2Ftags&post=8972"}],"curies":[{"name":"wp","href":"https:\/\/api.w.org\/{rel}","templated":true}]}}