{"id":8979,"date":"2018-02-19T15:24:42","date_gmt":"2018-02-19T18:24:42","guid":{"rendered":"https:\/\/jornaldaconstrucaocivil.com.br\/?p=8979"},"modified":"2018-02-19T15:24:42","modified_gmt":"2018-02-19T18:24:42","slug":"canteiro-de-obras-de-construtora-e-sede-de-escola-para-funcionarios","status":"publish","type":"post","link":"https:\/\/construcaocivil.siriusmarketingedesign.com.br\/?p=8979","title":{"rendered":"Canteiro de obras de construtora \u00e9 sede de escola para funcion\u00e1rios"},"content":{"rendered":"<p style=\"text-align: justify;\"><em><strong><span style=\"color: #000000;\">Com foco na responsabilidade social e na forma\u00e7\u00e3o humana, a Vitta Residencial acaba de dar in\u00edcio, em sua unidade em Bauru (SP), a um curso in\u00e9dito de alfabetiza\u00e7\u00e3o aos seus trabalhadores que t\u00eam atua\u00e7\u00e3o no canteiro de obras do empreendimento Terra Branca<\/span><\/strong><\/em><\/p>\n<figure id=\"attachment_8980\" aria-describedby=\"caption-attachment-8980\" style=\"width: 241px\" class=\"wp-caption alignleft\"><a href=\"https:\/\/jornaldaconstrucaocivil.com.br\/wp-content\/uploads\/2018\/02\/CANTEIRO-de-OBRAS.jpg\"><img loading=\"lazy\" decoding=\"async\" class=\"wp-image-8980\" src=\"https:\/\/jornaldaconstrucaocivil.com.br\/wp-content\/uploads\/2018\/02\/CANTEIRO-de-OBRAS-300x169.jpg\" width=\"241\" height=\"136\" \/><\/a><figcaption id=\"caption-attachment-8980\" class=\"wp-caption-text\">Investir em Educa\u00e7\u00e3o no Canteiro de obras de construtora \u00e9 a aposta de Construtora em Ribeir\u00e3o Preto-SP. Divulga\u00e7\u00e3o<\/figcaption><\/figure>\n<p style=\"text-align: justify;\"><span style=\"color: #000000;\"><span style=\"color: #993300;\">Ribeir\u00e3o Preto (SP), fevereiro 2018<\/span> \u2013 Em Bauru, no interior de S\u00e3o Paulo, depois de um longo dia de trabalho, profissionais da constru\u00e7\u00e3o civil trocam as ferramentas por cadernos e livros. A sala de aula funciona dentro do canteiro de obras do residencial Reserva Terra Branca, empreendimento da Vitta Residencial Construtora e Incorporadora. Trata-se de um curso in\u00e9dito de qualifica\u00e7\u00e3o: o Programa de Educa\u00e7\u00e3o de Escolaridade de Alfabetiza\u00e7\u00e3o, feito em parceria entre a construtora, o SESI e o Sinduscon-SP (Sindicato da Ind\u00fastria da Constru\u00e7\u00e3o Civil do Estado de S\u00e3o Paulo).<\/span><\/p>\n<p style=\"text-align: justify;\"><span style=\"color: #000000;\">A ideia de implementar o Programa de Alfabetiza\u00e7\u00e3o na empresa surgiu depois da realiza\u00e7\u00e3o de uma pesquisa que constatou: a grande maioria dos profissionais dos canteiros de obras apresentava dificuldades em cumprir tarefas simples de leitura, como compreender placas com avisos e instru\u00e7\u00f5es para utilizar os EPIs (Equipamentos de Prote\u00e7\u00e3o Individual).<\/span><\/p>\n<p style=\"text-align: justify;\"><span style=\"color: #000000;\">O programa de educa\u00e7\u00e3o para os colaboradores foi implantado no dia 29 de janeiro deste ano, no canteiro de obras do empreendimento Reserva Terra Branca e j\u00e1 conta com a participa\u00e7\u00e3o de 10 funcion\u00e1rios. O curso est\u00e1 sendo oferecido sempre \u00e0s ter\u00e7as e quintas-feiras, das 17h \u00e0s 18h.<\/span><\/p>\n<figure id=\"attachment_8981\" aria-describedby=\"caption-attachment-8981\" style=\"width: 275px\" class=\"wp-caption alignright\"><a href=\"https:\/\/jornaldaconstrucaocivil.com.br\/wp-content\/uploads\/2018\/02\/Professora.jpg\"><img loading=\"lazy\" decoding=\"async\" class=\"wp-image-8981\" src=\"https:\/\/jornaldaconstrucaocivil.com.br\/wp-content\/uploads\/2018\/02\/Professora-300x131.jpg\" width=\"275\" height=\"120\" \/><\/a><figcaption id=\"caption-attachment-8981\" class=\"wp-caption-text\">Cristiane Moreira, professora do SESI. Divulga\u00e7\u00e3o<\/figcaption><\/figure>\n<p style=\"text-align: justify;\"><span style=\"color: #000000;\">As aulas s\u00e3o ministradas pela professora do SESI, Cristiane Moreira. Para ela, a experi\u00eancia com este tipo de aluno \u00e9 maravilhosa, gratificante e com aprendizado di\u00e1rio. &#8220;Cada dia que os alunos chegam ao curso, demonstram mais euforia pelo ensino. \u00c9 fant\u00e1stico acompanhar o envolvimento deles&#8221;, afirma.<\/span><\/p>\n<figure id=\"attachment_8982\" aria-describedby=\"caption-attachment-8982\" style=\"width: 220px\" class=\"wp-caption alignleft\"><a href=\"https:\/\/jornaldaconstrucaocivil.com.br\/wp-content\/uploads\/2018\/02\/ALUNO.jpg\"><img loading=\"lazy\" decoding=\"async\" class=\"wp-image-8982\" src=\"https:\/\/jornaldaconstrucaocivil.com.br\/wp-content\/uploads\/2018\/02\/ALUNO-300x169.jpg\" width=\"220\" height=\"124\" \/><\/a><figcaption id=\"caption-attachment-8982\" class=\"wp-caption-text\">Manuel Vicente da Silva, aluno do curso. Divulga\u00e7\u00e3o<\/figcaption><\/figure>\n<p style=\"text-align: justify;\"><span style=\"color: #000000;\">Manuel Vicente da Silva \u00e9 um dos alunos do curso. Ele trabalha na constru\u00e7\u00e3o civil h\u00e1 v\u00e1rios anos e conta que a Vitta Residencial foi a primeira empresa em que trabalhou a oferecer este tipo de capacita\u00e7\u00e3o aos funcion\u00e1rios. <span style=\"color: #993300;\"><em>&#8220;Eu e minha fam\u00edlia nunca tivemos a oportunidade de frequentar uma escola. Atrav\u00e9s deste curso quero aprender para crescer na vida e poder ajudar minha filha, que hoje tem apenas um ano de idade&#8221;<\/em><\/span>, expressa.<\/span><\/p>\n<p style=\"text-align: justify;\"><span style=\"color: #000000;\">Oswaldo Kojima, analista de qualidade da Vitta Residencial diz que a experi\u00eancia tem sido muito positiva para a empresa, al\u00e9m de ser uma oportunidade gratificante para todos envolvidos. <em><span style=\"color: #993300;\">&#8220;Temos sentido que o comportamento de muitos colaboradores mudou desde a primeira aula do curso. Eles se sentem pessoas mais inteiras e j\u00e1 pensam em realizar sonhos, que para muitos era imposs\u00edvel de se concretizar&#8221;<\/span><\/em>, comenta.<\/span><\/p>\n<p style=\"text-align: justify;\">Mais detalhes acesse em<span style=\"color: #666699;\">\u00a0<span style=\"text-decoration: underline; color: #0000ff;\">www.vittaresidencial.com.br<\/span><\/span><\/p>\n","protected":false},"excerpt":{"rendered":"<p>Com foco na responsabilidade social e na forma\u00e7\u00e3o humana, a Vitta Residencial acaba de dar in\u00edcio, em sua unidade em Bauru (SP), a um curso in\u00e9dito de alfabetiza\u00e7\u00e3o aos seus trabalhadores que t\u00eam atua\u00e7\u00e3o no canteiro de obras do empreendimento Terra Branca Ribeir\u00e3o Preto (SP), fevereiro 2018 \u2013 Em Bauru, no interior de S\u00e3o Paulo, [&hellip;]<\/p>\n","protected":false},"author":1,"featured_media":8981,"comment_status":"open","ping_status":"open","sticky":false,"template":"","format":"standard","meta":{"_uag_custom_page_level_css":"","footnotes":""},"categories":[27],"tags":[1317,3305,3968,3970,4133,4398,5177,10352,10967,11168,12445],"class_list":["post-8979","post","type-post","status-publish","format-standard","has-post-thumbnail","hentry","category-acontece","tag-bauru-sp","tag-cursos-de-epis-equipamentos-de-protecao-individual","tag-educacao-de-jovens-e-adultos-na-construcao-civil","tag-educacao-no-canteiro-de-obras","tag-empreendimento-terra-branca","tag-epis-equipamentos-de-protecao-individual","tag-formacao-profissional","tag-ribeirao-preto-sp","tag-sesi-sp","tag-sinduscon-sp","tag-vitta-residencial-construtora-e-incorporadora"],"blocksy_meta":[],"spectra_blocks_featured_image_url":[],"spectra_blocks_author_info":{"display_name":"Jornal da Constru\u00e7\u00e3o Civil","avatar_url":"https:\/\/secure.gravatar.com\/avatar\/973c9774fd44ddaceb026973c4962faa70fc512bc4c9da68e8ebb40fecee6540?s=96&d=mm&r=g","author_link":"https:\/\/construcaocivil.siriusmarketingedesign.com.br\/?author=1","description":"Desde de 2013, levando muitas informa\u00e7\u00f5es, lan\u00e7amentos e produtos de qualidade para toda cadeia produtiva da constru\u00e7\u00e3o. O Futuro da constru\u00e7\u00e3o passa por aqui,"},"uagb_featured_image_src":{"full":false,"thumbnail":false,"medium":false,"medium_large":false,"large":false,"1536x1536":false,"2048x2048":false},"uagb_author_info":{"display_name":"Jornal da Constru\u00e7\u00e3o Civil","author_link":"https:\/\/construcaocivil.siriusmarketingedesign.com.br\/?author=1"},"uagb_comment_info":0,"uagb_excerpt":"Com foco na responsabilidade social e na forma\u00e7\u00e3o humana, a Vitta Residencial acaba de dar in\u00edcio, em sua unidade em Bauru (SP), a um curso in\u00e9dito de alfabetiza\u00e7\u00e3o aos seus trabalhadores que t\u00eam atua\u00e7\u00e3o no canteiro de obras do empreendimento Terra Branca Ribeir\u00e3o Preto (SP), fevereiro 2018 \u2013 Em Bauru, no interior de S\u00e3o Paulo,&hellip;","_links":{"self":[{"href":"https:\/\/construcaocivil.siriusmarketingedesign.com.br\/index.php?rest_route=\/wp\/v2\/posts\/8979","targetHints":{"allow":["GET"]}}],"collection":[{"href":"https:\/\/construcaocivil.siriusmarketingedesign.com.br\/index.php?rest_route=\/wp\/v2\/posts"}],"about":[{"href":"https:\/\/construcaocivil.siriusmarketingedesign.com.br\/index.php?rest_route=\/wp\/v2\/types\/post"}],"author":[{"embeddable":true,"href":"https:\/\/construcaocivil.siriusmarketingedesign.com.br\/index.php?rest_route=\/wp\/v2\/users\/1"}],"replies":[{"embeddable":true,"href":"https:\/\/construcaocivil.siriusmarketingedesign.com.br\/index.php?rest_route=%2Fwp%2Fv2%2Fcomments&post=8979"}],"version-history":[{"count":0,"href":"https:\/\/construcaocivil.siriusmarketingedesign.com.br\/index.php?rest_route=\/wp\/v2\/posts\/8979\/revisions"}],"wp:attachment":[{"href":"https:\/\/construcaocivil.siriusmarketingedesign.com.br\/index.php?rest_route=%2Fwp%2Fv2%2Fmedia&parent=8979"}],"wp:term":[{"taxonomy":"category","embeddable":true,"href":"https:\/\/construcaocivil.siriusmarketingedesign.com.br\/index.php?rest_route=%2Fwp%2Fv2%2Fcategories&post=8979"},{"taxonomy":"post_tag","embeddable":true,"href":"https:\/\/construcaocivil.siriusmarketingedesign.com.br\/index.php?rest_route=%2Fwp%2Fv2%2Ftags&post=8979"}],"curies":[{"name":"wp","href":"https:\/\/api.w.org\/{rel}","templated":true}]}}