{"id":8992,"date":"2018-02-20T16:41:54","date_gmt":"2018-02-20T19:41:54","guid":{"rendered":"https:\/\/jornaldaconstrucaocivil.com.br\/?p=8992"},"modified":"2018-02-20T16:41:54","modified_gmt":"2018-02-20T19:41:54","slug":"crise-na-seguranca-intervencao-federal-no-rj-gera-preocupacao-em-vereadores-de-marica","status":"publish","type":"post","link":"https:\/\/construcaocivil.siriusmarketingedesign.com.br\/?p=8992","title":{"rendered":"Crise na seguran\u00e7a: Interven\u00e7\u00e3o Federal no RJ gera preocupa\u00e7\u00e3o em vereadores de Maric\u00e1"},"content":{"rendered":"<p style=\"text-align: justify;\"><span style=\"color: #000000;\"><span style=\"color: #993300;\">Maric\u00e1, Fe vereio, 2018<\/span> &#8211; A Interven\u00e7\u00e3o Federal decretada na \u00faltima sexta-feira (16) gerou discuss\u00e3o durante a primeira sess\u00e3o ordin\u00e1ria de 2018 na C\u00e2mara Municipal de Maric\u00e1. O decreto dividiu a opini\u00e3o dos vereadores da Casa Legislativa. No entanto, todos concordam com o risco de criminosos oriundos do Rio se deslocarem para Maric\u00e1. Eles acreditam que com o Ex\u00e9rcito \u201csufocando\u201d a criminalidade na Capital, os \u00edndices dever\u00e3o crescer na cidade.<\/span><\/p>\n<figure id=\"attachment_8993\" aria-describedby=\"caption-attachment-8993\" style=\"width: 300px\" class=\"wp-caption alignleft\"><a href=\"https:\/\/jornaldaconstrucaocivil.com.br\/wp-content\/uploads\/2018\/02\/Plenario.jpg\"><img loading=\"lazy\" decoding=\"async\" class=\"wp-image-8993 size-medium\" src=\"https:\/\/jornaldaconstrucaocivil.com.br\/wp-content\/uploads\/2018\/02\/Plenario-300x200.jpg\" alt=\"Plenario\" width=\"300\" height=\"200\" \/><\/a><figcaption id=\"caption-attachment-8993\" class=\"wp-caption-text\">Plenario. Divulga\u00e7\u00e3o<\/figcaption><\/figure>\n<p style=\"text-align: justify;\"><span style=\"color: #000000;\">O vereador Dr. Richard (PT) sugeriu fechamento das entradas e sa\u00eddas de Maric\u00e1 para inibir o acesso de meliantes, por meio de mais policiamento. Al\u00e9m de mais policiamento nos condom\u00ednios do Minha Casa, Minha Vida.<\/span><\/p>\n<p style=\"text-align: justify;\"><span style=\"color: #000000;\">\u201cConcordo com rela\u00e7\u00e3o \u00e0 defici\u00eancia do Governo, mas me gera preocupa\u00e7\u00e3o de para onde v\u00e3o esses criminosos. Acho que temos que fazer uma pol\u00edtica de fechamento de nossas entradas porque sabemos que eles v\u00e3o fugir do Rio. Precisamos ter uma pol\u00edtica de abordagem policial. Precisamos criar barreiras para impedir que Maric\u00e1 seja contaminada com maus elementos\u201d.<\/span><\/p>\n<p style=\"text-align: justify;\"><span style=\"color: #000000;\">O presidente da C\u00e2mara, Aldair de Linda (PT), foi incisivo ao pedir mudan\u00e7as imediatas no C\u00f3digo Penal Brasileiro editado em 1940. Ele ainda pediu a valoriza\u00e7\u00e3o do trabalho da Pol\u00edcia Militar.<\/span><\/p>\n<p style=\"text-align: justify;\"><span style=\"color: #000000;\">\u201cO Executivo fez sua parte at\u00e9 onde deu. Acho covardia o policial estar com o 13\u00ba sal\u00e1rio atrasado. O PM prende e no dia de folga tem que ir ao f\u00f3rum. O policial n\u00e3o tem condi\u00e7\u00e3o de manter sua fam\u00edlia, ele trabalha estressado e no limite. Acho que essa interven\u00e7\u00e3o \u00e9 para ocultar a vota\u00e7\u00e3o da Reforma da Previd\u00eancia. Eles deveriam mudar o C\u00f3digo Penal que \u00e9 arcaico. O policial prende hoje e em 30 dias o vagabundo est\u00e1 solto\u201d.<\/span><\/p>\n<p style=\"text-align: justify;\"><span style=\"color: #000000;\">Chiquinho (PP) corroborou com a ideia do presidente. Ele ainda opinou dizendo que criminosos disp\u00f5em de equipamentos melhores que os pr\u00f3prios policiais. \u201cSal\u00e1rio atrasado, viaturas arrebentadas. Tem que dar condi\u00e7\u00f5es. Nossos policiais fazem um bom trabalho, mas faltam condi\u00e7\u00f5es. Hoje os bandidos est\u00e3o mais bem armados que o policial militar\u201d.<\/span><\/p>\n<p style=\"text-align: justify;\"><span style=\"color: #000000;\">O vereador Filippe Poubel (DEM) \u00e9 a favor de puni\u00e7\u00f5es severas para criminosos. Ele ainda elogiou a qualidade do trabalho do Ex\u00e9rcito Brasileiro. \u201cSou a favor da Interven\u00e7\u00e3o, mas quero esta com excludente de ilicitude. Tem que matar essa bandidagem e n\u00e3o punir os militares. Esses vagabundos tiram vidas e nada acontece\u201d.<\/span><\/p>\n<p style=\"text-align: justify;\"><span style=\"color: #000000;\">Ricardinho Netuno do PEN sugeriu que os militares fossem alocados nas UPPs enquanto os PMs foram redirecionados aos seus batalh\u00f5es de origem. \u201cTeria que colocar os militares nas UPPs e os policiais em seus batalh\u00f5es. Notei que depois que assinamos o Proeis, a viol\u00eancia est\u00e1 aumentando em Maric\u00e1. N\u00e3o vemos mais viaturas da PM nas ruas, apenas do Proeis\u201d.<\/span><\/p>\n<figure id=\"attachment_8995\" aria-describedby=\"caption-attachment-8995\" style=\"width: 300px\" class=\"wp-caption alignright\"><a href=\"https:\/\/jornaldaconstrucaocivil.com.br\/wp-content\/uploads\/2018\/02\/Ricardinho-Netuno.jpg\"><img loading=\"lazy\" decoding=\"async\" class=\"wp-image-8995 size-medium\" src=\"https:\/\/jornaldaconstrucaocivil.com.br\/wp-content\/uploads\/2018\/02\/Ricardinho-Netuno-300x200.jpg\" alt=\"Ricardinho Netuno\" width=\"300\" height=\"200\" \/><\/a><figcaption id=\"caption-attachment-8995\" class=\"wp-caption-text\">Ricardinho Netuno. Divulga\u00e7\u00e3o<\/figcaption><\/figure>\n<p style=\"text-align: justify;\"><span style=\"color: #000000;\">O vereador Rony Peterson (PR) acredita que a interven\u00e7\u00e3o n\u00e3o surte efeitos significativos.<\/span><\/p>\n<p style=\"text-align: justify;\"><span style=\"color: #000000;\">\u201cN\u00e3o consigo enxergar nessa interven\u00e7\u00e3o o prop\u00f3sito de atuar na seguran\u00e7a. Espero estar enganado. Mar\u00e9, Rocinha, Alem\u00e3o, qual foi o efeito pr\u00e1tico dessas interven\u00e7\u00f5es? O resultado pr\u00e1tico foi zero\u201d.<\/span><\/p>\n<p style=\"text-align: justify;\"><span style=\"color: #000000;\">O vereador Marcinho da Constru\u00e7\u00e3o (DEM) apontou que j\u00e1 fez uma indica\u00e7\u00e3o sugerindo um sistema monitoramento via fibra \u00f3tica.\u00a0 \u201cChegamos a um ponto que ou temos um sistema de intelig\u00eancia ou a criminalidade vai migrar para c\u00e1\u201d.<\/span><\/p>\n<p style=\"text-align: justify;\"><span style=\"color: #000000;\">O parlamentar Dr. Felipe Auni (PSD) pediu liberdade no trabalho da Seguran\u00e7a P\u00fablica no RJ.<\/span><\/p>\n<p style=\"text-align: justify;\"><span style=\"color: #000000;\">\u201cTemos que dar liberdade para nosso policial militar, civil, bombeiro e Ex\u00e9rcito. Eu gosto dessa frase de bandido bom \u00e9 bandido morto. N\u00e3o podemos seguir com esse medo. \u00c9 o militar na rua mesmo\u201d.<\/span><\/p>\n<p style=\"text-align: justify;\"><span style=\"color: #000000;\">Fechamento do BB- Correntistas de Maric\u00e1 foram surpreendidos no Carnaval com o fechamento da ag\u00eancia banc\u00e1ria do Banco do Brasil, no Centro. Al\u00e9m da ag\u00eancia, os caixas eletr\u00f4nicos ficaram bloqueados para acesso da popula\u00e7\u00e3o. A a\u00e7\u00e3o revoltou vereadores da cidade que afirmaram que buscar\u00e3o penalidades para o Banco do Brasil. Segundo os parlamentares, \u00e9 inaceit\u00e1vel uma ag\u00eancia banc\u00e1ria fechar por dias sem aviso pr\u00e9vio.<\/span><\/p>\n<figure id=\"attachment_8994\" aria-describedby=\"caption-attachment-8994\" style=\"width: 267px\" class=\"wp-caption alignleft\"><a href=\"https:\/\/jornaldaconstrucaocivil.com.br\/wp-content\/uploads\/2018\/02\/Aldair-de-Linda.jpg\"><img loading=\"lazy\" decoding=\"async\" class=\"wp-image-8994\" src=\"https:\/\/jornaldaconstrucaocivil.com.br\/wp-content\/uploads\/2018\/02\/Aldair-de-Linda-300x200.jpg\" alt=\"Aldair de Linda\" width=\"267\" height=\"178\" \/><\/a><figcaption id=\"caption-attachment-8994\" class=\"wp-caption-text\">Aldair de Linda. Divulga\u00e7\u00e3o<\/figcaption><\/figure>\n<p style=\"text-align: justify;\"><span style=\"color: #000000;\">\u201cA quest\u00e3o da Enel e BB, s\u00f3 vamos resolver esse problema com multa. Temos que ir l\u00e1 e multar. Temos que fazer a\u00e7\u00e3o com a Secretaria de Fazenda e PROCON\u201d, comentou Aldair de Linda.<\/span><\/p>\n<p style=\"text-align: justify;\"><span style=\"color: #000000;\">O vereador e presidente da Comiss\u00e3o de Defesa do Consumidor, Marcinho da Constru\u00e7\u00e3o (DEM), afirmou que os bancos j\u00e1 foram notificados. \u201cO pr\u00f3ximo passo agora \u00e9 a multa. Amanh\u00e3 (20) teremos reuni\u00e3o com o Procon e com o procurador do munic\u00edpio. Os bancos v\u00e3o receber multas\u201d.<\/span><\/p>\n<p style=\"text-align: justify;\"><span style=\"color: #000000;\">Os parlamentares em sua maioria reprovaram novamente o servi\u00e7o prestado pela Enel. Eles afirmaram que h\u00e1 frequentes piques de energia, al\u00e9m de aumentos abusivos nas contas de luz.<\/span><\/p>\n<p style=\"text-align: justify;\"><span style=\"color: #000000;\">\u201cNesse m\u00eas de janeiro, milhares de contas tiveram aumentos abusivos em at\u00e9 200%. Fizemos um abaixo-assinado e temos assinaturas de pessoas que pagavam R$ 60 reais e agora pagam R$ 120. Montamos uma comiss\u00e3o para isso, mas n\u00e3o podemos deixar esse tipo de coisa continuar em nossa cidade\u201d.<\/span><\/p>\n<p style=\"text-align: justify;\"><span style=\"color: #000000;\">Carnaval \u2013 O Carnaval de Maric\u00e1 foi bastante elogiado n\u00e3o s\u00f3 pela popula\u00e7\u00e3o como pelos parlamentares. Os vereadores Marcus Bambam (PV) e Frank Costa (SDD) parabenizaram os trabalhadores da limpeza.<\/span><\/p>\n<p style=\"text-align: justify;\"><span style=\"color: #000000;\">\u201cN\u00e3o podemos deixar de falar do pessoal da limpeza e conserva\u00e7\u00e3o. Eles trabalharam com alegria e disposi\u00e7\u00e3o. Quero aproveitar para parabenizar o presidente pelo trabalho realizado com o Botinho. Vimos fam\u00edlias interagindo e brincando. Foi muito bacana\u201d, disse Bambam.<\/span><\/p>\n<p style=\"text-align: justify;\"><span style=\"color: #000000;\">Ismael Breve (DEM) agradeceu por, durante o Carnaval, terem citado o nome de sua irm\u00e3, Ad\u00e9lia Breve na passarela do samba. O local recebeu seu nome ap\u00f3s aprova\u00e7\u00e3o de lei na C\u00e2mara.<\/span><\/p>\n<p style=\"text-align: justify;\"><span style=\"color: #000000;\">Ricardinho Netuno (PEN) agradeceu ao Executivo por ter atendido seu pedido ao criar um bloco infantil em Itaipua\u00e7u.<\/span><\/p>\n<p style=\"text-align: justify;\"><span style=\"color: #000000;\">\u201cQuero agradecer porque ficou melhor do que eu esperava. Tivemos tr\u00eas dias com fam\u00edlias e bonecos fantasiados. Isso me marcou e espero que entre para o calend\u00e1rio oficial\u201d.<\/span><\/p>\n<p style=\"text-align: justify;\"><span style=\"color: #000000;\">Educa\u00e7\u00e3o \u2013 O vereador Felipe Paiva (PC do B) informou que protocolou uma indica\u00e7\u00e3o solicitando que todas as escolas p\u00fablicas e privadas da cidade tenham dois funcion\u00e1rios capacitados em primeiros socorros. Paiva aproveitou para pedir melhorias na sinaliza\u00e7\u00e3o vi\u00e1ria em Itaipua\u00e7u.<\/span><\/p>\n<p style=\"text-align: justify;\"><span style=\"color: #000000;\">\u201cProtocolei uma indica\u00e7\u00e3o importante solicitando que todas as escolas p\u00fablicas e particulares tenham dois funcion\u00e1rios capacitados em primeiros socorros. Se jogarmos no Google, \u00e9 assustador o n\u00famero de crian\u00e7as que morrem por falta de primeiros socorros. Tenho certeza que a secret\u00e1ria vai acatar essa solicita\u00e7\u00e3o que \u00e9 fundamental\u201d.<\/span><\/p>\n<p style=\"text-align: justify;\">Fonte: <span style=\"color: #0000ff;\">Imprensa\/C\u00e2mara de Vereadores de Maric\u00e1<\/span><\/p>\n<p>&nbsp;<\/p>\n","protected":false},"excerpt":{"rendered":"<p>Maric\u00e1, Fe vereio, 2018 &#8211; A Interven\u00e7\u00e3o Federal decretada na \u00faltima sexta-feira (16) gerou discuss\u00e3o durante a primeira sess\u00e3o ordin\u00e1ria de 2018 na C\u00e2mara Municipal de Maric\u00e1. O decreto dividiu a opini\u00e3o dos vereadores da Casa Legislativa. No entanto, todos concordam com o risco de criminosos oriundos do Rio se deslocarem para Maric\u00e1. Eles acreditam [&hellip;]<\/p>\n","protected":false},"author":1,"featured_media":0,"comment_status":"open","ping_status":"open","sticky":false,"template":"","format":"standard","meta":{"_uag_custom_page_level_css":"","footnotes":""},"categories":[27],"tags":[1715,3195,5394,5525,6291,6292,7295,9352,10569,12377],"class_list":["post-8992","post","type-post","status-publish","format-standard","hentry","category-acontece","tag-camara-de-vereadores-de-marica","tag-criminalidade-e-violencia-no-rio","tag-geracao-de-empregos","tag-governador-entrega-o-rio-de-janeiro-para-temer","tag-intervencao-federal-no-rio-de-janeiro","tag-intervencao-nao-surte-efeitos-significativos","tag-marica-rj","tag-preocupacao-em-vereadores-de-marica","tag-salario-atrasado","tag-viaturas-arrebentadas"],"blocksy_meta":[],"spectra_blocks_featured_image_url":null,"spectra_blocks_author_info":{"display_name":"Jornal da Constru\u00e7\u00e3o Civil","avatar_url":"https:\/\/secure.gravatar.com\/avatar\/973c9774fd44ddaceb026973c4962faa70fc512bc4c9da68e8ebb40fecee6540?s=96&d=mm&r=g","author_link":"https:\/\/construcaocivil.siriusmarketingedesign.com.br\/?author=1","description":"Desde de 2013, levando muitas informa\u00e7\u00f5es, lan\u00e7amentos e produtos de qualidade para toda cadeia produtiva da constru\u00e7\u00e3o. O Futuro da constru\u00e7\u00e3o passa por aqui,"},"uagb_featured_image_src":{"full":false,"thumbnail":false,"medium":false,"medium_large":false,"large":false,"1536x1536":false,"2048x2048":false},"uagb_author_info":{"display_name":"Jornal da Constru\u00e7\u00e3o Civil","author_link":"https:\/\/construcaocivil.siriusmarketingedesign.com.br\/?author=1"},"uagb_comment_info":0,"uagb_excerpt":"Maric\u00e1, Fe vereio, 2018 &#8211; A Interven\u00e7\u00e3o Federal decretada na \u00faltima sexta-feira (16) gerou discuss\u00e3o durante a primeira sess\u00e3o ordin\u00e1ria de 2018 na C\u00e2mara Municipal de Maric\u00e1. O decreto dividiu a opini\u00e3o dos vereadores da Casa Legislativa. No entanto, todos concordam com o risco de criminosos oriundos do Rio se deslocarem para Maric\u00e1. Eles acreditam&hellip;","_links":{"self":[{"href":"https:\/\/construcaocivil.siriusmarketingedesign.com.br\/index.php?rest_route=\/wp\/v2\/posts\/8992","targetHints":{"allow":["GET"]}}],"collection":[{"href":"https:\/\/construcaocivil.siriusmarketingedesign.com.br\/index.php?rest_route=\/wp\/v2\/posts"}],"about":[{"href":"https:\/\/construcaocivil.siriusmarketingedesign.com.br\/index.php?rest_route=\/wp\/v2\/types\/post"}],"author":[{"embeddable":true,"href":"https:\/\/construcaocivil.siriusmarketingedesign.com.br\/index.php?rest_route=\/wp\/v2\/users\/1"}],"replies":[{"embeddable":true,"href":"https:\/\/construcaocivil.siriusmarketingedesign.com.br\/index.php?rest_route=%2Fwp%2Fv2%2Fcomments&post=8992"}],"version-history":[{"count":0,"href":"https:\/\/construcaocivil.siriusmarketingedesign.com.br\/index.php?rest_route=\/wp\/v2\/posts\/8992\/revisions"}],"wp:attachment":[{"href":"https:\/\/construcaocivil.siriusmarketingedesign.com.br\/index.php?rest_route=%2Fwp%2Fv2%2Fmedia&parent=8992"}],"wp:term":[{"taxonomy":"category","embeddable":true,"href":"https:\/\/construcaocivil.siriusmarketingedesign.com.br\/index.php?rest_route=%2Fwp%2Fv2%2Fcategories&post=8992"},{"taxonomy":"post_tag","embeddable":true,"href":"https:\/\/construcaocivil.siriusmarketingedesign.com.br\/index.php?rest_route=%2Fwp%2Fv2%2Ftags&post=8992"}],"curies":[{"name":"wp","href":"https:\/\/api.w.org\/{rel}","templated":true}]}}