{"id":8997,"date":"2018-02-21T16:38:20","date_gmt":"2018-02-21T19:38:20","guid":{"rendered":"https:\/\/jornaldaconstrucaocivil.com.br\/?p=8997"},"modified":"2018-02-21T16:38:20","modified_gmt":"2018-02-21T19:38:20","slug":"empregos-volvo-contrata-250-funcionarios-abre-segundo-turno-em-caminhoes-e-exporta-mais-onibus","status":"publish","type":"post","link":"https:\/\/construcaocivil.siriusmarketingedesign.com.br\/?p=8997","title":{"rendered":"Empregos: Volvo contrata 250 funcion\u00e1rios, abre segundo turno em caminh\u00f5es e exporta mais \u00f4nibus"},"content":{"rendered":"<figure id=\"attachment_9008\" aria-describedby=\"caption-attachment-9008\" style=\"width: 277px\" class=\"wp-caption alignleft\"><a href=\"https:\/\/jornaldaconstrucaocivil.com.br\/wp-content\/uploads\/2018\/02\/FACHADA-vOLVO-e1519242192651.jpg\"><img loading=\"lazy\" decoding=\"async\" class=\"wp-image-9008\" src=\"https:\/\/jornaldaconstrucaocivil.com.br\/wp-content\/uploads\/2018\/02\/FACHADA-vOLVO-300x173.jpg\" width=\"277\" height=\"160\" \/><\/a><figcaption id=\"caption-attachment-9008\" class=\"wp-caption-text\">Volvo &#8211; Linha de produ\u00e7\u00e3o &#8211; 2\u00ba turno<\/figcaption><\/figure>\n<p style=\"text-align: justify;\"><span style=\"color: #000000;\"><span style=\"color: #993300;\">Fevereiro, 2018<\/span> &#8211; O Grupo Volvo est\u00e1 aumentando a produ\u00e7\u00e3o de caminh\u00f5es em seu complexo industrial de Curitiba. A empresa contratou cerca de 100 funcion\u00e1rios no final do ano passado e j\u00e1 est\u00e1 empregando mais 150 pessoas no in\u00edcio de 2018. <span style=\"color: #333399;\"><em>\u201cA retomada da economia e uma expectativa de crescimento do mercado de caminh\u00f5es acima de 30% este ano s\u00e3o os grandes motivadores para a expans\u00e3o\u201d<\/em><\/span>, declara Wilson Lirmann, presidente do Grupo Volvo Am\u00e9rica Latina. As exporta\u00e7\u00f5es de \u00f4nibus tamb\u00e9m aumentaram.<\/span><\/p>\n<figure id=\"attachment_9004\" aria-describedby=\"caption-attachment-9004\" style=\"width: 300px\" class=\"wp-caption alignright\"><a href=\"https:\/\/jornaldaconstrucaocivil.com.br\/wp-content\/uploads\/2018\/02\/EMPREGOS-VOLVO-2-Turno.jpg\"><img loading=\"lazy\" decoding=\"async\" class=\"wp-image-9004 size-medium\" src=\"https:\/\/jornaldaconstrucaocivil.com.br\/wp-content\/uploads\/2018\/02\/EMPREGOS-VOLVO-2-Turno-300x199.jpg\" width=\"300\" height=\"199\" \/><\/a><figcaption id=\"caption-attachment-9004\" class=\"wp-caption-text\">Vendas aumentam e Volvo contrata 250 funcion\u00e1rios e abre segundo turno. Divulga\u00e7\u00e3o<\/figcaption><\/figure>\n<p style=\"text-align: justify;\"><span style=\"color: #000000;\">As recontrata\u00e7\u00f5es ocorrem depois de um dos per\u00edodos mais dif\u00edceis da hist\u00f3ria do setor de transporte no Brasil, quando em seu auge chegou a atingir uma queda de 70% nas vendas de caminh\u00f5es. A previs\u00e3o do Grupo Volvo \u00e9 que a economia se recupere lentamente e que as vendas de caminh\u00f5es acompanhem esse ritmo, tamb\u00e9m numa eleva\u00e7\u00e3o gradativa.<\/span><\/p>\n<p style=\"text-align: justify;\"><span style=\"color: #000000;\">A Volvo terminou 2017 mais uma vez na lideran\u00e7a brasileira do segmento de caminh\u00f5es pesados. Com 26,9% de participa\u00e7\u00e3o, \u00e9 a quarta vez consecutiva que a marca lidera este mercado, voltado principalmente para o transporte de longas dist\u00e2ncias.<\/span><\/p>\n<p style=\"text-align: justify;\"><span style=\"color: #000000;\">Al\u00e9m da lideran\u00e7a de mercado, outro destaque da Volvo foi o desempenho do FH, o caminh\u00e3o pesado mais vendido do pa\u00eds em 2017. Foram emplacadas 4.505 unidades do modelo, um crescimento de 27% em rela\u00e7\u00e3o aos volumes registrados no ano anterior.<\/span><\/p>\n<figure id=\"attachment_9006\" aria-describedby=\"caption-attachment-9006\" style=\"width: 290px\" class=\"wp-caption alignleft\"><a href=\"https:\/\/jornaldaconstrucaocivil.com.br\/wp-content\/uploads\/2018\/02\/AA-VOLVO-BUS.jpg\"><img loading=\"lazy\" decoding=\"async\" class=\"wp-image-9006 \" src=\"https:\/\/jornaldaconstrucaocivil.com.br\/wp-content\/uploads\/2018\/02\/AA-VOLVO-BUS-300x201.jpg\" width=\"290\" height=\"194\" \/><\/a><figcaption id=\"caption-attachment-9006\" class=\"wp-caption-text\">Linha de produ\u00e7\u00e3o &#8211; 2\u00ba turno. Divulga\u00e7\u00e3o<\/figcaption><\/figure>\n<p style=\"text-align: justify;\"><span style=\"color: #993300;\">Exporta\u00e7\u00f5es de \u00f4nibus<\/span><\/p>\n<p style=\"text-align: justify;\"><span style=\"color: #000000;\">Em \u00f4nibus a Volvo tamb\u00e9m teve bons resultados, principalmente na exporta\u00e7\u00e3o. As vendas externas j\u00e1 alcan\u00e7am 75% do total dos neg\u00f3cios. Com grandes neg\u00f3cios fora do Brasil, principalmente na regi\u00e3o hisp\u00e2nica da Am\u00e9rica Latina, a Volvo entregou lotes de \u00f4nibus para muitos pa\u00edses, com destaque para o Panam\u00e1 e a Guatemala, que renovaram ou ampliaram suas frotas de ve\u00edculos urbanos. Foram vendidos 1.055 chassis de \u00f4nibus no ano passado, 791 deles exportados. <span style=\"color: #333399;\">\u201cTemos voca\u00e7\u00e3o exportadora\u201d<\/span>, diz Fabiano Todeschini, presidente da Volvo Buses Latin America.<\/span><\/p>\n<p style=\"text-align: justify;\"><span style=\"color: #993300;\">Servi\u00e7os Financeiros<\/span><\/p>\n<p style=\"text-align: justify;\"><span style=\"color: #000000;\">Bra\u00e7o financeiro do Grupo, a Volvo Financial Services (VFS) tamb\u00e9m teve um bom ano. Em 2017, o Banco Volvo continuou sendo o principal respons\u00e1vel pelo financiamento aos clientes no Brasil, com uma participa\u00e7\u00e3o em torno de 45% das vendas do Grupo Volvo nos segmentos de caminh\u00f5es, \u00f4nibus e equipamentos de constru\u00e7\u00e3o. \u201cSomos uma organiza\u00e7\u00e3o especializada em transportes e, mesmo num cen\u00e1rio econ\u00f4mico adverso, mantivemos e ampliamos a nossa oferta de solu\u00e7\u00f5es financeiras para atender as necessidades dos clientes\u201d, afirma Ruy Meirelles, presidente da VFS Brasil. A institui\u00e7\u00e3o tamb\u00e9m atingiu um bom resultado na \u00e1rea de cons\u00f3rcio, com a comercializa\u00e7\u00e3o de R$ 900 milh\u00f5es em cartas de cr\u00e9dito. O volume de pr\u00eamios de seguros foi de R$ 80 milh\u00f5es.<\/span><\/p>\n<p>&nbsp;<\/p>\n","protected":false},"excerpt":{"rendered":"<p>Fevereiro, 2018 &#8211; O Grupo Volvo est\u00e1 aumentando a produ\u00e7\u00e3o de caminh\u00f5es em seu complexo industrial de Curitiba. A empresa contratou cerca de 100 funcion\u00e1rios no final do ano passado e j\u00e1 est\u00e1 empregando mais 150 pessoas no in\u00edcio de 2018. \u201cA retomada da economia e uma expectativa de crescimento do mercado de caminh\u00f5es acima [&hellip;]<\/p>\n","protected":false},"author":1,"featured_media":9008,"comment_status":"open","ping_status":"open","sticky":false,"template":"","format":"standard","meta":{"_uag_custom_page_level_css":"","footnotes":""},"categories":[33],"tags":[1099,3031,3269,4159,4757,12301,12332,12470,12472],"class_list":["post-8997","post","type-post","status-publish","format-standard","has-post-thumbnail","hentry","category-mercado","tag-aumento-da-producao-de-caminhoes","tag-contratacoes-na-volvo-somam-250-funcionarios-em-2018","tag-curitiba-pr","tag-empregos-na-industria","tag-exportacoes-dao-ritmo-na-economia-brasileira","tag-vendas-de-onibus-e-caminhoes-para-panama-e-a-guatemala","tag-vendas-para-toda-america-latina","tag-volvo-financial-services-vfs","tag-volvo-onibus"],"blocksy_meta":[],"spectra_blocks_featured_image_url":[],"spectra_blocks_author_info":{"display_name":"Jornal da Constru\u00e7\u00e3o Civil","avatar_url":"https:\/\/secure.gravatar.com\/avatar\/973c9774fd44ddaceb026973c4962faa70fc512bc4c9da68e8ebb40fecee6540?s=96&d=mm&r=g","author_link":"https:\/\/construcaocivil.siriusmarketingedesign.com.br\/?author=1","description":"Desde de 2013, levando muitas informa\u00e7\u00f5es, lan\u00e7amentos e produtos de qualidade para toda cadeia produtiva da constru\u00e7\u00e3o. O Futuro da constru\u00e7\u00e3o passa por aqui,"},"uagb_featured_image_src":{"full":false,"thumbnail":false,"medium":false,"medium_large":false,"large":false,"1536x1536":false,"2048x2048":false},"uagb_author_info":{"display_name":"Jornal da Constru\u00e7\u00e3o Civil","author_link":"https:\/\/construcaocivil.siriusmarketingedesign.com.br\/?author=1"},"uagb_comment_info":0,"uagb_excerpt":"Fevereiro, 2018 &#8211; O Grupo Volvo est\u00e1 aumentando a produ\u00e7\u00e3o de caminh\u00f5es em seu complexo industrial de Curitiba. A empresa contratou cerca de 100 funcion\u00e1rios no final do ano passado e j\u00e1 est\u00e1 empregando mais 150 pessoas no in\u00edcio de 2018. \u201cA retomada da economia e uma expectativa de crescimento do mercado de caminh\u00f5es acima&hellip;","_links":{"self":[{"href":"https:\/\/construcaocivil.siriusmarketingedesign.com.br\/index.php?rest_route=\/wp\/v2\/posts\/8997","targetHints":{"allow":["GET"]}}],"collection":[{"href":"https:\/\/construcaocivil.siriusmarketingedesign.com.br\/index.php?rest_route=\/wp\/v2\/posts"}],"about":[{"href":"https:\/\/construcaocivil.siriusmarketingedesign.com.br\/index.php?rest_route=\/wp\/v2\/types\/post"}],"author":[{"embeddable":true,"href":"https:\/\/construcaocivil.siriusmarketingedesign.com.br\/index.php?rest_route=\/wp\/v2\/users\/1"}],"replies":[{"embeddable":true,"href":"https:\/\/construcaocivil.siriusmarketingedesign.com.br\/index.php?rest_route=%2Fwp%2Fv2%2Fcomments&post=8997"}],"version-history":[{"count":0,"href":"https:\/\/construcaocivil.siriusmarketingedesign.com.br\/index.php?rest_route=\/wp\/v2\/posts\/8997\/revisions"}],"wp:attachment":[{"href":"https:\/\/construcaocivil.siriusmarketingedesign.com.br\/index.php?rest_route=%2Fwp%2Fv2%2Fmedia&parent=8997"}],"wp:term":[{"taxonomy":"category","embeddable":true,"href":"https:\/\/construcaocivil.siriusmarketingedesign.com.br\/index.php?rest_route=%2Fwp%2Fv2%2Fcategories&post=8997"},{"taxonomy":"post_tag","embeddable":true,"href":"https:\/\/construcaocivil.siriusmarketingedesign.com.br\/index.php?rest_route=%2Fwp%2Fv2%2Ftags&post=8997"}],"curies":[{"name":"wp","href":"https:\/\/api.w.org\/{rel}","templated":true}]}}