{"id":9023,"date":"2015-10-14T18:58:19","date_gmt":"2015-10-14T18:58:19","guid":{"rendered":"http:\/\/www.jornaldaconstrucaocivil.com.br\/?p=187"},"modified":"2015-10-14T18:58:19","modified_gmt":"2015-10-14T18:58:19","slug":"ana-paula-rechuan-leva-microcredito-produtivo-orientado-para-regiao","status":"publish","type":"post","link":"https:\/\/construcaocivil.siriusmarketingedesign.com.br\/?p=9023","title":{"rendered":"Ana Paula Rechuan leva Microcr\u00e9dito Produtivo Orientado para regi\u00e3o"},"content":{"rendered":"<p style=\"text-align: center;\"><strong><span style=\"color: #000000;\"><i><u>Pequenos empreendedores ter\u00e3o acesso a cr\u00e9dito de at\u00e9 R$ 15 mil<\/u><\/i><\/span><\/strong><\/p>\n<p class=\"\" align=\"justify\"><span style=\"color: #000000;\">Os empreendedores da Regi\u00e3o das Agulhas Negras \u2013 Resende, Porto Real, Quatis e Itatiaia \u2013 passar\u00e3o a contar com incentivo para amplia\u00e7\u00e3o e reestrutura\u00e7\u00e3o de seus pequenos empreendimentos com linha de cr\u00e9dito da Ag\u00eancia Estadual de Fomento (AgeRio) e acompanhamento com orienta\u00e7\u00e3o t\u00e9cnica: o Microcr\u00e9dito Produtivo Orientado. A a\u00e7\u00e3o \u00e9 uma conquista da deputada estadual Ana Paula Rechuan (PMDB) que apresentou o pedido a AgeRio, tendo como base o resultado da Audi\u00eancia P\u00fablica de Economia Solid\u00e1ria, realizada em Resende no m\u00eas de setembro.<\/span><\/p>\n<p class=\"\" align=\"justify\"><span style=\"color: #000000;\">&#8211; <em>Este \u00e9 um projeto do Governo do Estado que ir\u00e1 beneficiar os empreendedores da regi\u00e3o gerando renda e capacitando profissionais para atuar em diversas \u00e1reas. A iniciativa tamb\u00e9m vem a agregar a economia solid\u00e1ria, pois pessoas ligadas ao setor poder\u00e3o ter mais um apoio financeiro e instru\u00e7\u00e3o para tocarem seus projetos e crescerem cada vez mais, movimentando a economia \u2013<\/em> explica a deputada.<\/span><\/p>\n<p class=\"\" align=\"justify\"><span style=\"color: #000000;\">O projeto, em parceria com a Prefeitura de Resende, ser\u00e1 tocado pela Sala do Empreendedor do munic\u00edpio, que ser\u00e1 inaugurada dia 26 de outubro, \u00e0s 17h, e ter\u00e1 funcionamento nas instala\u00e7\u00f5es da Secretaria Municipal de Trabalho e Renda, no bairro Comercial. Conforme explica Ana Paula Rechuan, diferente de outros incentivos a empreendedores, o Microcr\u00e9dito Produtivo Orientado oferecer\u00e1, al\u00e9m de cr\u00e9dito de R$ 300 a R$ 15 mil, capacita\u00e7\u00e3o t\u00e9cnica e acompanhamento dos projetos a serem beneficiados. A capacita\u00e7\u00e3o ser\u00e1 feita atrav\u00e9s do Servi\u00e7o Brasileiro de Apoio \u00e0s Micro e Pequenas Empresas do Rio (Sebrae-RJ), por meio de cursos presenciais, cursos a dist\u00e2ncia, palestras, workshops ou semin\u00e1rios.<\/span><\/p>\n<p class=\"\" align=\"justify\"><span style=\"color: #000000;\">O Microcr\u00e9dito Produtivo Orientado oferece financiamento de at\u00e9 100% dos itens do projeto e possui as taxas de juros mais baixas do mercado, com fonte de recursos do Fundo Estadual de Fomento ao Micro Cr\u00e9dito Produtivo Orientado (FEMPO). O tempo de car\u00eancia \u00e9 de at\u00e9 tr\u00eas meses, com prazo total da opera\u00e7\u00e3o de 24 meses e taxa mensal de 0,25%.<\/span><\/p>\n<p class=\"\" align=\"justify\"><span style=\"color: #000000;\">De acordo com o Superinten<\/span>dente de Microcr\u00e9dito da AgeRio, H\u00e9lber Ven\u00e2ncio, durante o processo de concess\u00e3o de cr\u00e9dito ser\u00e1 feito o acompanhamento do projeto. Inadimpl\u00eancia e qualidade do trabalho desenvolvido pela equipe do munic\u00edpio s\u00e3o itens a serem acompanhados pela ag\u00eancia para garantir a continuidade e efetividade do trabalho realizado, al\u00e9m de fiscalizar o cumprimento dos objetivos estabelecidos no Acordo de Coopera\u00e7\u00e3o.<\/p>\n<p class=\"\" align=\"justify\"><em>&#8211; Cumprir sua miss\u00e3o, promover o desenvolvimento econ\u00f4mico e social, contribuir no processo de gera\u00e7\u00e3o de emprego e renda e atender os objetivos estabelecidos pela lei que instituiu o FEMPO, s\u00e3o alguns objetivos da AgeRio no fomento \u00e0 abertura de cr\u00e9dito<\/em> \u2013 ressalta Ven\u00e2ncio.<\/p>\n<p class=\"\" align=\"justify\">Fonte: Assessoria de Comunica\u00e7\u00e3o Parlamentar<\/p>\n","protected":false},"excerpt":{"rendered":"<p>Pequenos empreendedores ter\u00e3o acesso a cr\u00e9dito de at\u00e9 R$ 15 mil Os empreendedores da Regi\u00e3o das Agulhas Negras \u2013 Resende, Porto Real, Quatis e Itatiaia \u2013 passar\u00e3o a contar com incentivo para amplia\u00e7\u00e3o e reestrutura\u00e7\u00e3o de seus pequenos empreendimentos com linha de cr\u00e9dito da Ag\u00eancia Estadual de Fomento (AgeRio) e acompanhamento com orienta\u00e7\u00e3o t\u00e9cnica: o [&hellip;]<\/p>\n","protected":false},"author":1,"featured_media":0,"comment_status":"open","ping_status":"open","sticky":false,"template":"","format":"quote","meta":{"_uag_custom_page_level_css":"","footnotes":""},"categories":[33],"tags":[517,699,5157,7648,10128],"class_list":["post-9023","post","type-post","status-publish","format-quote","hentry","category-mercado","tag-agerio","tag-ana-paula-rechuan","tag-fomento","tag-microcredito","tag-regiao-sul-fluminense","post_format-post-format-quote"],"blocksy_meta":[],"spectra_blocks_featured_image_url":null,"spectra_blocks_author_info":{"display_name":"Jornal da Constru\u00e7\u00e3o Civil","avatar_url":"https:\/\/secure.gravatar.com\/avatar\/973c9774fd44ddaceb026973c4962faa70fc512bc4c9da68e8ebb40fecee6540?s=96&d=mm&r=g","author_link":"https:\/\/construcaocivil.siriusmarketingedesign.com.br\/?author=1","description":"Desde de 2013, levando muitas informa\u00e7\u00f5es, lan\u00e7amentos e produtos de qualidade para toda cadeia produtiva da constru\u00e7\u00e3o. O Futuro da constru\u00e7\u00e3o passa por aqui,"},"uagb_featured_image_src":{"full":false,"thumbnail":false,"medium":false,"medium_large":false,"large":false,"1536x1536":false,"2048x2048":false},"uagb_author_info":{"display_name":"Jornal da Constru\u00e7\u00e3o Civil","author_link":"https:\/\/construcaocivil.siriusmarketingedesign.com.br\/?author=1"},"uagb_comment_info":0,"uagb_excerpt":"Pequenos empreendedores ter\u00e3o acesso a cr\u00e9dito de at\u00e9 R$ 15 mil Os empreendedores da Regi\u00e3o das Agulhas Negras \u2013 Resende, Porto Real, Quatis e Itatiaia \u2013 passar\u00e3o a contar com incentivo para amplia\u00e7\u00e3o e reestrutura\u00e7\u00e3o de seus pequenos empreendimentos com linha de cr\u00e9dito da Ag\u00eancia Estadual de Fomento (AgeRio) e acompanhamento com orienta\u00e7\u00e3o t\u00e9cnica: o&hellip;","_links":{"self":[{"href":"https:\/\/construcaocivil.siriusmarketingedesign.com.br\/index.php?rest_route=\/wp\/v2\/posts\/9023","targetHints":{"allow":["GET"]}}],"collection":[{"href":"https:\/\/construcaocivil.siriusmarketingedesign.com.br\/index.php?rest_route=\/wp\/v2\/posts"}],"about":[{"href":"https:\/\/construcaocivil.siriusmarketingedesign.com.br\/index.php?rest_route=\/wp\/v2\/types\/post"}],"author":[{"embeddable":true,"href":"https:\/\/construcaocivil.siriusmarketingedesign.com.br\/index.php?rest_route=\/wp\/v2\/users\/1"}],"replies":[{"embeddable":true,"href":"https:\/\/construcaocivil.siriusmarketingedesign.com.br\/index.php?rest_route=%2Fwp%2Fv2%2Fcomments&post=9023"}],"version-history":[{"count":0,"href":"https:\/\/construcaocivil.siriusmarketingedesign.com.br\/index.php?rest_route=\/wp\/v2\/posts\/9023\/revisions"}],"wp:attachment":[{"href":"https:\/\/construcaocivil.siriusmarketingedesign.com.br\/index.php?rest_route=%2Fwp%2Fv2%2Fmedia&parent=9023"}],"wp:term":[{"taxonomy":"category","embeddable":true,"href":"https:\/\/construcaocivil.siriusmarketingedesign.com.br\/index.php?rest_route=%2Fwp%2Fv2%2Fcategories&post=9023"},{"taxonomy":"post_tag","embeddable":true,"href":"https:\/\/construcaocivil.siriusmarketingedesign.com.br\/index.php?rest_route=%2Fwp%2Fv2%2Ftags&post=9023"}],"curies":[{"name":"wp","href":"https:\/\/api.w.org\/{rel}","templated":true}]}}