{"id":9024,"date":"2015-11-04T15:39:16","date_gmt":"2015-11-04T15:39:16","guid":{"rendered":"http:\/\/www.jornaldaconstrucaocivil.com.br\/?p=311"},"modified":"2015-11-04T15:39:16","modified_gmt":"2015-11-04T15:39:16","slug":"basf-usa-oculos-de-realidade-virtual-para-apresentar-casa-ecoeficiente-na-expo-arquitetura-sustentavel","status":"publish","type":"post","link":"https:\/\/construcaocivil.siriusmarketingedesign.com.br\/?p=9024","title":{"rendered":"BASF usa \u00f3culos de realidade virtual para apresentar Casa Ecoeficiente na Expo Arquitetura Sustent\u00e1vel"},"content":{"rendered":"<p>&nbsp;<\/p>\n<p><span style=\"color: #000000;\"><strong>Para a Expo Arquitetura Sustent\u00e1vel 2015, que ser\u00e1 realizada no Expo Center Norte, a BASF vai levar suas duas casas-conceito \u2013 a CasaE (Casa Ecoeficiente) e a Casa Econ\u00f4mica (com solu\u00e7\u00f5es que promovem a redu\u00e7\u00e3o do custo total da obra), que est\u00e3o constru\u00eddas na zona Sul de S\u00e3o Paulo.<\/strong>\u00a0\u00a0<\/span><\/p>\n<p><span style=\"color: #000000;\">Com a ajuda de \u00f3culos de realidade virtual, os visitantes poder\u00e3o percorrer os ambientes e visualizar as tecnologias aplicadas, de maneira l\u00fadica e realista. Algumas solu\u00e7\u00f5es tamb\u00e9m ser\u00e3o expostas em displays interativos para mostrar suas funcionalidades.<\/span><\/p>\n<figure id=\"attachment_312\" aria-describedby=\"caption-attachment-312\" style=\"width: 227px\" class=\"wp-caption alignleft\"><a href=\"http:\/\/www.jornaldaconstrucaocivil.com.br\/wp-content\/uploads\/2015\/11\/BASF-\u00d3culos-REalidade-Virtual-1.jpg\"><img loading=\"lazy\" decoding=\"async\" class=\"wp-image-312\" src=\"http:\/\/www.jornaldaconstrucaocivil.com.br\/wp-content\/uploads\/2015\/11\/BASF-\u00d3culos-REalidade-Virtual-1-300x200.jpg\" alt=\"BASF \u00d3culos REalidade Virtual 1\" width=\"227\" height=\"151\" \/><\/a><figcaption id=\"caption-attachment-312\" class=\"wp-caption-text\"><span style=\"color: #ff0000;\">\u00d3culos realidade virtual, destaque da BASF na Expo Arquitetura Sustent\u00e1vel 2015.<\/span><\/figcaption><\/figure>\n<p><span style=\"color: #000000;\">As inova\u00e7\u00f5es, usadas nessas resid\u00eancias, proporcionam conforto t\u00e9rmico e ac\u00fastico, sustentabilidade, com importante redu\u00e7\u00e3o do consumo de \u00e1gua e dos res\u00edduos de constru\u00e7\u00e3o. O objetivo \u00e9 direcionar a ado\u00e7\u00e3o de processos construtivos mais inteligentes que garantam maior produtividade e durabilidade da edifica\u00e7\u00e3o, com economia de tempo e recursos, levando ao setor da constru\u00e7\u00e3o o que h\u00e1 de mais atual com tecnologias inovadoras e sustent\u00e1veis.<\/span><\/p>\n<p><span style=\"color: #000000;\">A proposta dos modelos \u00e9 apresentar os materiais aplicados na pr\u00e1tica, tornando seus benef\u00edcios vis\u00edveis e palp\u00e1veis. Por exemplo, h\u00e1 microc\u00e1psulas aplicadas no drywall que reduzem em at\u00e9 1\/3 o uso do ar condicionado; placas de poliuretano expandido que reduzem em at\u00e9 90% a transfer\u00eancia de calor entre os ambientes; aditivo para o preparo do concreto que diminui em 40% o consumo de \u00e1gua e reduz a emiss\u00e3o de gases; pigmentos especiais que atuam no controle da temperatura; pisos drenantes com cerca de 90% de permeabilidade, permitindo a reutiliza\u00e7\u00e3o da \u00e1gua da chuva.<\/span><\/p>\n<p><span style=\"color: #000000;\">Tamb\u00e9m durante a Expo, a Funda\u00e7\u00e3o Espa\u00e7o ECO<sup>\u00ae<\/sup>, organiza\u00e7\u00e3o institu\u00edda pela BASF, apresentar\u00e1 o\u00a0<strong>jogo interativo \u201cCidades Sustent\u00e1veis\u201d<\/strong>\u00a0no estande da empresa. Trata-se de um jogo de tabuleiro que apresenta o conceito de Socioecoefici\u00eancia e desafia os jogadores a recuperar cidades abandonadas de forma sustent\u00e1vel, trabalhando de maneira estrat\u00e9gica e din\u00e2mica. Ser\u00e3o duas rodadas no\u00a0<em>dia 11 de novembro: das 12h \u00e0s 14h e das 14h30 \u00e0s 16h30<\/em>.<\/span><\/p>\n<p><span style=\"color: #000000;\">A companhia participar\u00e1 tamb\u00e9m da Confer\u00eancia, com duas palestras:<\/span><\/p>\n<p><span style=\"color: #000000;\">\u00a0\u00a0\u00a0\u00a0\u00a0\u00a0\u00a0<strong>Cases importantes como a Usina Hidrel\u00e9trica de Santo Ant\u00f4nio e a Freedom Tower em New York.<\/strong><\/span><\/p>\n<p><span style=\"color: #000000;\"><em>Palestrante<\/em>: Mauricio Grochoski, Consultor t\u00e9cnico da Master Builders Solutions da BASF, Doutor em Engenharia Civil pela Escola Polit\u00e9cnica da USP.<\/span><\/p>\n<p><span style=\"color: #000000;\"><em>Dia 12 de novembro, das 09h \u00e0s 09h40<\/em><\/span><\/p>\n<ul>\n<li><span style=\"color: #000000;\"><strong>Avalia\u00e7\u00e3o do ciclo de vida no desenvolvimento de produtos sustent\u00e1veis<\/strong><\/span><\/li>\n<\/ul>\n<p><span style=\"color: #000000;\"><em>Palestrante<\/em>: Sueli Oliveira, Consultora de Sustentabilidade da Funda\u00e7\u00e3o Espa\u00e7o ECO<sup>\u00ae<\/sup>, qu\u00edmica com MBA em Gest\u00e3o e Tecnologias Ambientais pelo Programa de Educa\u00e7\u00e3o Continuada da Escola Polit\u00e9cnica da USP.<\/span><\/p>\n<p><span style=\"color: #000000;\"><em>Dia 12 novembro, das 10h20 \u00e0s 11h<\/em><\/span><\/p>\n<p><span style=\"color: #000000;\">Por fim haver\u00e1, no dia\u00a0<em>13 de novembro<\/em>, a\u00a0<strong>visita t\u00e9cnica \u00e0 CasaE<\/strong>, Casa Ecoeficiente da BASF, que foi completamente renovada este ano e recebeu a certifica\u00e7\u00e3o LEED-NC Gold, concedida a novas constru\u00e7\u00f5es pelo Green Building Council e tamb\u00e9m \u00e0 Casa Econ\u00f4mica. Durante a visita, al\u00e9m do estudo de Ecoefici\u00eancia da CasaE, haver\u00e1 a apresenta\u00e7\u00e3o do Next.doc, observat\u00f3rio de tend\u00eancias em sustentabilidade, que identificou as \u201cSeis Tend\u00eancias em Constru\u00e7\u00e3o Sustent\u00e1vel\u201d, pela consultoria Ideia Sustent\u00e1vel com apoio da Funda\u00e7\u00e3o Espa\u00e7o ECO<sup>\u00ae<\/sup>.<\/span><\/p>\n<p><span style=\"color: #000000;\"><strong><u>Servi\u00e7o:<\/u><\/strong><\/span><\/p>\n<p><span style=\"color: #000000;\"><strong>Expo Arquitetura Sustent\u00e1vel<\/strong><\/span><\/p>\n<p><span style=\"color: #000000;\">Data: 10 a 12 Novembro de 2015<\/span><\/p>\n<p><span style=\"color: #000000;\">Hor\u00e1rios: Exposi\u00e7\u00e3o das 11h \u00e0s 20h \/ Confer\u00eancia das 9h \u00e0s 18h<\/span><\/p>\n<p><span style=\"color: #000000;\">Local: Expo Center Norte, S\u00e3o Paulo<\/span><\/p>\n<p><span style=\"color: #000000;\"><strong>Visita t\u00e9cnica \u00e0 CasaE<\/strong><\/span><\/p>\n<p><span style=\"color: #000000;\">Data: 13 de novembro<\/span><\/p>\n<p><span style=\"color: #000000;\">Hor\u00e1rio: das 9h \u00e0s 12h<\/span><\/p>\n<p><span style=\"color: #000000;\">Local: Av. Prof. Vicente Rao, 1195, S\u00e3o Paulo<\/span><\/p>\n<p><span style=\"color: #000000;\">Mais detalhes acessem: <span style=\"color: #0000ff;\"><a style=\"color: #0000ff;\" href=\"http:\/\/www.expoarquiteturasustentavel.com.br\/\">www.expoarquiteturasustentavel.com.br<\/a><\/span><\/span><\/p>\n<p><span style=\"color: #000000;\">CasaE: \u00a0<span style=\"color: #0000ff;\"><a style=\"color: #0000ff;\" href=\"http:\/\/www.casae.basf.com.br\/\">www.casae.basf.com.br<\/a><\/span><\/span><\/p>\n<p><span style=\"color: #000000;\">Funda\u00e7\u00e3o Eco: <span style=\"color: #0000ff;\"><a style=\"color: #0000ff;\" href=\"http:\/\/www.espacoeco.org.br\/\">www.espacoeco.org.br<\/a><\/span>\u00a0e \u00a0<span style=\"color: #0000ff;\"><a style=\"color: #0000ff;\" href=\"http:\/\/www.facebook.com\/fundacaoespacoeco\">www.facebook.com\/fundacaoespacoeco<\/a><\/span>.<\/span><\/p>\n<p><span style=\"color: #000000;\">Basf: <span style=\"color: #0000ff;\"><a style=\"color: #0000ff;\" href=\"http:\/\/www.basf.com.br\/\">www.basf.com.br<\/a><\/span><\/span><\/p>\n<p><span style=\"color: #993366;\">Fonte: Assessoria de Imprensa Basf<\/span><\/p>\n","protected":false},"excerpt":{"rendered":"<p>&nbsp; Para a Expo Arquitetura Sustent\u00e1vel 2015, que ser\u00e1 realizada no Expo Center Norte, a BASF vai levar suas duas casas-conceito \u2013 a CasaE (Casa Ecoeficiente) e a Casa Econ\u00f4mica (com solu\u00e7\u00f5es que promovem a redu\u00e7\u00e3o do custo total da obra), que est\u00e3o constru\u00eddas na zona Sul de S\u00e3o Paulo.\u00a0\u00a0 Com a ajuda de \u00f3culos [&hellip;]<\/p>\n","protected":false},"author":1,"featured_media":312,"comment_status":"open","ping_status":"open","sticky":false,"template":"","format":"standard","meta":{"_uag_custom_page_level_css":"","footnotes":""},"categories":[28],"tags":[1307,1960,4735,4736,8404],"class_list":["post-9024","post","type-post","status-publish","format-standard","has-post-thumbnail","hentry","category-arquitetura","tag-basf","tag-casae","tag-expo-arquitetura-sustentavel","tag-expo-center-norte","tag-oculos-virtual"],"blocksy_meta":[],"spectra_blocks_featured_image_url":{"thumbnail":{"url":"https:\/\/construcaocivil.siriusmarketingedesign.com.br\/wp-content\/uploads\/2015\/10\/Icone-Vinheta-150x150.png","width":150,"height":150},"medium":{"url":"https:\/\/construcaocivil.siriusmarketingedesign.com.br\/wp-content\/uploads\/2015\/10\/Icone-Vinheta-288x300.png","width":288,"height":300},"medium_large":{"url":"https:\/\/construcaocivil.siriusmarketingedesign.com.br\/wp-content\/uploads\/2015\/10\/Icone-Vinheta.png","width":346,"height":360},"large":{"url":"https:\/\/construcaocivil.siriusmarketingedesign.com.br\/wp-content\/uploads\/2015\/10\/Icone-Vinheta.png","width":346,"height":360},"full":{"url":"https:\/\/construcaocivil.siriusmarketingedesign.com.br\/wp-content\/uploads\/2015\/10\/Icone-Vinheta.png","width":346,"height":360}},"spectra_blocks_author_info":{"display_name":"Jornal da Constru\u00e7\u00e3o Civil","avatar_url":"https:\/\/secure.gravatar.com\/avatar\/973c9774fd44ddaceb026973c4962faa70fc512bc4c9da68e8ebb40fecee6540?s=96&d=mm&r=g","author_link":"https:\/\/construcaocivil.siriusmarketingedesign.com.br\/?author=1","description":"Desde de 2013, levando muitas informa\u00e7\u00f5es, lan\u00e7amentos e produtos de qualidade para toda cadeia produtiva da constru\u00e7\u00e3o. O Futuro da constru\u00e7\u00e3o passa por aqui,"},"uagb_featured_image_src":{"full":["https:\/\/construcaocivil.siriusmarketingedesign.com.br\/wp-content\/uploads\/2015\/10\/Icone-Vinheta.png",346,360,false],"thumbnail":["https:\/\/construcaocivil.siriusmarketingedesign.com.br\/wp-content\/uploads\/2015\/10\/Icone-Vinheta-150x150.png",150,150,true],"medium":["https:\/\/construcaocivil.siriusmarketingedesign.com.br\/wp-content\/uploads\/2015\/10\/Icone-Vinheta-288x300.png",288,300,true],"medium_large":["https:\/\/construcaocivil.siriusmarketingedesign.com.br\/wp-content\/uploads\/2015\/10\/Icone-Vinheta.png",346,360,false],"large":["https:\/\/construcaocivil.siriusmarketingedesign.com.br\/wp-content\/uploads\/2015\/10\/Icone-Vinheta.png",346,360,false],"1536x1536":["https:\/\/construcaocivil.siriusmarketingedesign.com.br\/wp-content\/uploads\/2015\/10\/Icone-Vinheta.png",346,360,false],"2048x2048":["https:\/\/construcaocivil.siriusmarketingedesign.com.br\/wp-content\/uploads\/2015\/10\/Icone-Vinheta.png",346,360,false]},"uagb_author_info":{"display_name":"Jornal da Constru\u00e7\u00e3o Civil","author_link":"https:\/\/construcaocivil.siriusmarketingedesign.com.br\/?author=1"},"uagb_comment_info":0,"uagb_excerpt":"&nbsp; Para a Expo Arquitetura Sustent\u00e1vel 2015, que ser\u00e1 realizada no Expo Center Norte, a BASF vai levar suas duas casas-conceito \u2013 a CasaE (Casa Ecoeficiente) e a Casa Econ\u00f4mica (com solu\u00e7\u00f5es que promovem a redu\u00e7\u00e3o do custo total da obra), que est\u00e3o constru\u00eddas na zona Sul de S\u00e3o Paulo.\u00a0\u00a0 Com a ajuda de \u00f3culos&hellip;","_links":{"self":[{"href":"https:\/\/construcaocivil.siriusmarketingedesign.com.br\/index.php?rest_route=\/wp\/v2\/posts\/9024","targetHints":{"allow":["GET"]}}],"collection":[{"href":"https:\/\/construcaocivil.siriusmarketingedesign.com.br\/index.php?rest_route=\/wp\/v2\/posts"}],"about":[{"href":"https:\/\/construcaocivil.siriusmarketingedesign.com.br\/index.php?rest_route=\/wp\/v2\/types\/post"}],"author":[{"embeddable":true,"href":"https:\/\/construcaocivil.siriusmarketingedesign.com.br\/index.php?rest_route=\/wp\/v2\/users\/1"}],"replies":[{"embeddable":true,"href":"https:\/\/construcaocivil.siriusmarketingedesign.com.br\/index.php?rest_route=%2Fwp%2Fv2%2Fcomments&post=9024"}],"version-history":[{"count":0,"href":"https:\/\/construcaocivil.siriusmarketingedesign.com.br\/index.php?rest_route=\/wp\/v2\/posts\/9024\/revisions"}],"wp:featuredmedia":[{"embeddable":true,"href":"https:\/\/construcaocivil.siriusmarketingedesign.com.br\/index.php?rest_route=\/wp\/v2\/media\/312"}],"wp:attachment":[{"href":"https:\/\/construcaocivil.siriusmarketingedesign.com.br\/index.php?rest_route=%2Fwp%2Fv2%2Fmedia&parent=9024"}],"wp:term":[{"taxonomy":"category","embeddable":true,"href":"https:\/\/construcaocivil.siriusmarketingedesign.com.br\/index.php?rest_route=%2Fwp%2Fv2%2Fcategories&post=9024"},{"taxonomy":"post_tag","embeddable":true,"href":"https:\/\/construcaocivil.siriusmarketingedesign.com.br\/index.php?rest_route=%2Fwp%2Fv2%2Ftags&post=9024"}],"curies":[{"name":"wp","href":"https:\/\/api.w.org\/{rel}","templated":true}]}}