{"id":9038,"date":"2018-02-23T19:30:44","date_gmt":"2018-02-23T22:30:44","guid":{"rendered":"https:\/\/jornaldaconstrucaocivil.com.br\/?p=9038"},"modified":"2018-02-23T19:30:44","modified_gmt":"2018-02-23T22:30:44","slug":"intervencao-do-desemprego-26-milhoes-de-brasileiros-sem-trabalho-populacao-preta-e-a-mais-afetada-pelo-desemprego-no-brasil","status":"publish","type":"post","link":"https:\/\/construcaocivil.siriusmarketingedesign.com.br\/?p=9038","title":{"rendered":"Interven\u00e7\u00e3o do Desemprego: 26 milh\u00f5es de brasileiros sem trabalho. Popula\u00e7\u00e3o preta \u00e9 a mais afetada pelo desemprego no Brasil"},"content":{"rendered":"<p style=\"text-align: justify;\"><span style=\"color: #333399;\">Da reda\u00e7\u00e3o\u00a0<\/span><\/p>\n<p style=\"text-align: justify;\"><span style=\"color: #000000;\"><span style=\"color: #993300;\">Rio, fevereiro, 2018<\/span>\u00a0 O IBGE divulgou hoje(23), a\u00a0PNAD Cont\u00ednua e os n\u00fameros s\u00e3o preocupantes. A regi\u00e3o nordeste \u00e9 que mais sofre com altos \u00edndices de pessoas sem trabalho formal. Regi\u00e3o Sul e Centro-Oeste s\u00e3o as que mais apresentam dados positivos em rela\u00e7\u00e3o ao mercado de trabalho.\u00a0<\/span><\/p>\n<p style=\"text-align: justify;\"><em><span style=\"color: #993300;\"><strong>Importante:<\/strong> O Brasil j\u00e1 foi rebaixado em rela\u00e7\u00e3o a<strong><span style=\"color: #0000ff;\"> nota de cr\u00e9dito<\/span> <\/strong>pelas ag\u00eancias internacionais de risco 02 vezes. A primeira foi em janeiro &#8211;\u00a0<\/span><\/em><strong><span style=\"color: #993300;\">Standard&amp;Poor&#8217;s (S&amp;P)<\/span><\/strong>,\u00a0<em><span style=\"color: #993300;\">e agora em fevereiro pela <strong>Fitch<\/strong>. A desconfian\u00e7a persiste.\u00a0<\/span><\/em><\/p>\n<figure id=\"attachment_9039\" aria-describedby=\"caption-attachment-9039\" style=\"width: 300px\" class=\"wp-caption alignleft\"><a href=\"https:\/\/jornaldaconstrucaocivil.com.br\/wp-content\/uploads\/2018\/02\/EMPREGOS-COMPERJ-MULTID\u00c3O-1024x768.jpg\"><img loading=\"lazy\" decoding=\"async\" class=\"wp-image-9039 size-medium\" src=\"https:\/\/jornaldaconstrucaocivil.com.br\/wp-content\/uploads\/2018\/02\/EMPREGOS-COMPERJ-MULTID\u00c3O-1024x768-300x225.jpg\" width=\"300\" height=\"225\" \/><\/a><figcaption id=\"caption-attachment-9039\" class=\"wp-caption-text\">26 milh\u00f5es de brasileiros est\u00e3o sem trabalho. Foto: JCC<\/figcaption><\/figure>\n<p style=\"text-align: justify;\"><span style=\"color: #000000;\">Esta pesquisa \u00e9 um retrato de como o Brasil precisa urgente de medidas para mudar este quadro de depress\u00e3o que ainda, a na\u00e7\u00e3o brasileira se encontra, pol\u00edticas de investimentos em alguns setores como o da infraestrutura(Saneamento, Rodovias, Energia entre outros) poderia rapidamente come\u00e7ar a mudar este quadro. Entretanto, o governo federal como n\u00e3o conseguiu votos suficientes para aprova\u00e7\u00e3o da Reforma da Previd\u00eancia inventou uma outra pauta, a cria\u00e7\u00e3o do Minist\u00e9rio da Seguran\u00e7a P\u00fablica? \u00c9 brincadeira !\u00a0\u00a0<\/span><\/p>\n<p style=\"text-align: justify;\"><span style=\"color: #000080;\"><strong>Segue trechos da publica\u00e7\u00e3o da PNAD Cont\u00ednua do IBGE sobre 4\u00ba Tri de 217:<\/strong><\/span><\/p>\n<p style=\"text-align: justify;\"><em><span style=\"color: #333333;\">No 4\u00ba trimestre de 2017, a taxa de subutiliza\u00e7\u00e3o da for\u00e7a de trabalho (que agrega os desocupados, os subocupados por insufici\u00eancia de horas e os que fazem parte da for\u00e7a de trabalho potencial) ficou em 23,6%, o que representa 26,4 milh\u00f5es de pessoas. No 3\u00ba trimestre de 2017, para Brasil, essa taxa foi de 23,9% e, no 4\u00ba trimestre de 2016, de 22,2%. J\u00e1 a taxa m\u00e9dia anual para 2017 ficou em 23,8%.<\/span><\/em><\/p>\n<p style=\"text-align: justify;\"><em><span style=\"color: #333333;\">Entre as unidades da Federa\u00e7\u00e3o, no 4\u00ba trimestre de 2017, o Piau\u00ed (40,7%), a Bahia (37,7%), Alagoas (36,5%) e Maranh\u00e3o (35,8%) apresentaram as maiores taxas de subutiliza\u00e7\u00e3o da for\u00e7a de trabalho e as menores taxas foram em Santa Catarina (10,7%), Mato Grosso (14,3%), Rio Grande do Sul (15,5%) e Rond\u00f4nia (15,8%).<\/span><\/em><\/p>\n<p style=\"text-align: justify;\"><em><span style=\"color: #333333;\">A taxa de desocupa\u00e7\u00e3o no 4\u00ba trimestre de 2017 (11,8% no Brasil) apresentou redu\u00e7\u00e3o de 0,6 ponto percentual na compara\u00e7\u00e3o com o 3\u00ba trimestre de 2017 (12,4%) e ficou estatisticamente est\u00e1vel frente ao 4\u00ba trimestre de 2016 (12,0%). Ainda na compara\u00e7\u00e3o com o 3\u00ba trimestre de 2017, houve retra\u00e7\u00e3o desse indicador em quase todas as regi\u00f5es: Norte (de 12,2% para 11,3%), Nordeste (de 14,8% para 13,8%) e Sudeste (de 13,2% para 12,6%). O Nordeste (13,8%), apesar da queda na compara\u00e7\u00e3o trimestral, permaneceu com a maior taxa de desocupa\u00e7\u00e3o entre todas as regi\u00f5es. Na compara\u00e7\u00e3o anual a taxa recuou nas Regi\u00f5es Norte, Nordeste e Centro-Oeste, permanecendo est\u00e1vel no Sudeste e no Sul.&gt;<\/span><\/em><\/p>\n<p style=\"text-align: justify;\"><em><span style=\"color: #333333;\">No 4\u00ba trimestre de 2017, as unidades da federa\u00e7\u00e3o que apresentaram as maiores taxas de desocupa\u00e7\u00e3o foram Amap\u00e1 (18,8%), Pernambuco (16,8%), Alagoas (15,5%), Rio de Janeiro (15,1%) e Bahia (15,0%). As menores taxas de desocupa\u00e7\u00e3o foram observadas em Santa Catarina (6,3%) Mato Grosso do Sul (7,3%), Mato Grosso (7,3%), Rond\u00f4nia (7,6%) e Rio Grande do Sul (8,0%).<\/span><\/em><\/p>\n<p style=\"text-align: justify;\"><em><span style=\"color: #333333;\">Pela primeira vez, a Pnad Cont\u00ednua traz dados sobre o desalento. No 4\u00ba trimestre de 2017, o contingente de desalentados foi de 4,3 milh\u00f5es, o maior da s\u00e9rie hist\u00f3rica iniciada em 2012. O Nordeste tinha 59,7% do total de desalentados. Entre as unidades da federa\u00e7\u00e3o, os maiores contingentes estavam na Bahia (663 mil) e Maranh\u00e3o (410 mil). A taxa de desalento no 4\u00ba trimestre ficou em 3,9% da for\u00e7a de trabalho ampliada do Brasil, com Alagoas apresentando a maior taxa entre as unidades da Federa\u00e7\u00e3o (15,4%).<\/span><\/em><\/p>\n<p style=\"text-align: justify;\"><em><span style=\"color: #333333;\">Considerando o emprego com carteira de trabalho assinada na iniciativa privada (exceto empregados dom\u00e9sticos), apenas a Regi\u00e3o Norte apresentou expans\u00e3o em rela\u00e7\u00e3o a 2016: de 59,4% para 61,0%, enquanto as demais registraram queda na propor\u00e7\u00e3o desses empregados.<\/span><\/em><\/p>\n<p style=\"text-align: justify;\"><em><span style=\"color: #333333;\">No que tange \u00e0 composi\u00e7\u00e3o da popula\u00e7\u00e3o ocupada no 4\u00ba trimestre de 2017, o Sudeste e o Centro-Oeste tinham mais empregados, o Norte e o Nordeste mais trabalhadores por conta pr\u00f3pria.<\/span><\/em><\/p>\n<p style=\"text-align: justify;\"><span style=\"color: #993300;\"><strong><em>A participa\u00e7\u00e3o da popula\u00e7\u00e3o preta no contingente de pessoas desocupadas aumento de 9,6% em 2012 para 11,9% em 2017.<\/em><\/strong><\/span><\/p>\n<p style=\"text-align: justify;\"><span style=\"color: #000080;\"><strong>Participa\u00e7\u00e3o de pretos aumenta no contingente de desocupados de 2012 a 2017<\/strong><\/span><\/p>\n<p style=\"text-align: justify;\"><span style=\"color: #000000;\">O contingente dos desocupados no Brasil no 4\u00ba trimestre de 2012 foi estimado em 6,7 milh\u00f5es de pessoas, quando os pardos representavam 52,4% dessa popula\u00e7\u00e3o; seguido dos brancos, 37,5% e dos pretos 9,6%. No 4\u00ba trimestre de 2017, esse contingente subiu para 12,3 milh\u00f5es de pessoas e a participa\u00e7\u00e3o dos pardos passou a ser de 51,9%; a dos brancos reduziu para 35,6% e dos pretos subiu para 11,9%.<\/span><\/p>\n<p style=\"text-align: justify;\"><span style=\"color: #000000;\">A taxa de desocupa\u00e7\u00e3o desagregada por cor ou ra\u00e7a mostrou que a taxa dos que se declararam brancos (9,5%) ficou abaixo da m\u00e9dia nacional; por\u00e9m a dos pretos (14,5%) e a dos pardos (13,6%) ficou acima. No 4\u00ba trimestre de 2012, quando a taxa m\u00e9dia foi estimada em 6,9%, a dos pretos correspondia a 8,6%; a dos pardos a 8,1% e a dos brancos era 5,4%.<\/span><\/p>\n<p style=\"text-align: justify;\"><span style=\"color: #000000;\">No 4\u00ba trimestre de 2017, os pardos representavam 48,1% da popula\u00e7\u00e3o fora da for\u00e7a, seguidos pelos brancos (42,6%) e pelos pretos (8,3%). Frente a 2012, foi observada a tend\u00eancia de queda da propor\u00e7\u00e3o de pessoas declaradas brancas, e aumento das pretas e pardas.<\/span><\/p>\n<p style=\"text-align: justify;\"><span style=\"color: #993300;\">Fonte: Imprensa\/IBGE\u00a0<\/span><\/p>\n<p><span style=\"color: #000000;\">Link<\/span><span style=\"text-decoration: underline; color: #0000ff;\"> https:\/\/agenciadenoticias.ibge.gov.br\/agencia-sala-de-imprensa\/2013-agencia-de-noticias\/releases\/20117-pnad-continua-tri-subutilizacao-da-forca-de-trabalho-e-de-23-6-no-4-tri-e-fecha-2017-em-23-8.html<\/span><\/p>\n","protected":false},"excerpt":{"rendered":"<p>Da reda\u00e7\u00e3o\u00a0 Rio, fevereiro, 2018\u00a0 O IBGE divulgou hoje(23), a\u00a0PNAD Cont\u00ednua e os n\u00fameros s\u00e3o preocupantes. A regi\u00e3o nordeste \u00e9 que mais sofre com altos \u00edndices de pessoas sem trabalho formal. Regi\u00e3o Sul e Centro-Oeste s\u00e3o as que mais apresentam dados positivos em rela\u00e7\u00e3o ao mercado de trabalho.\u00a0 Importante: O Brasil j\u00e1 foi rebaixado em [&hellip;]<\/p>\n","protected":false},"author":1,"featured_media":9039,"comment_status":"open","ping_status":"open","sticky":false,"template":"","format":"standard","meta":{"_uag_custom_page_level_css":"","footnotes":""},"categories":[27],"tags":[141,5110,5558,5846,7531,8844,9385,10113,10127,11397],"class_list":["post-9038","post","type-post","status-publish","format-standard","has-post-thumbnail","hentry","category-acontece","tag-26-milhoes-de-brasileiros-sem-trabalho","tag-fitch-rebaixa-o-brasil","tag-governo-federal-inoperante-para-mudar-quadro-do-desemprego-no-brasil","tag-ibge","tag-mercado-de-trabalho-nao-muda-quadro-negativo","tag-pesquisa-pnad-continua","tag-pretos-sao-os-mais-desempregados-no-brasil","tag-regiao-nordeste-tem-50-da-populacao-sem-trabalho","tag-regiao-sul-e-centro-oste-possuem-melhores-dados","tag-standardpoors-sp-liga-sinal-de-alerta-em-relacao-ao-brasil"],"blocksy_meta":[],"spectra_blocks_featured_image_url":[],"spectra_blocks_author_info":{"display_name":"Jornal da Constru\u00e7\u00e3o Civil","avatar_url":"https:\/\/secure.gravatar.com\/avatar\/973c9774fd44ddaceb026973c4962faa70fc512bc4c9da68e8ebb40fecee6540?s=96&d=mm&r=g","author_link":"https:\/\/construcaocivil.siriusmarketingedesign.com.br\/?author=1","description":"Desde de 2013, levando muitas informa\u00e7\u00f5es, lan\u00e7amentos e produtos de qualidade para toda cadeia produtiva da constru\u00e7\u00e3o. O Futuro da constru\u00e7\u00e3o passa por aqui,"},"uagb_featured_image_src":{"full":false,"thumbnail":false,"medium":false,"medium_large":false,"large":false,"1536x1536":false,"2048x2048":false},"uagb_author_info":{"display_name":"Jornal da Constru\u00e7\u00e3o Civil","author_link":"https:\/\/construcaocivil.siriusmarketingedesign.com.br\/?author=1"},"uagb_comment_info":0,"uagb_excerpt":"Da reda\u00e7\u00e3o\u00a0 Rio, fevereiro, 2018\u00a0 O IBGE divulgou hoje(23), a\u00a0PNAD Cont\u00ednua e os n\u00fameros s\u00e3o preocupantes. A regi\u00e3o nordeste \u00e9 que mais sofre com altos \u00edndices de pessoas sem trabalho formal. Regi\u00e3o Sul e Centro-Oeste s\u00e3o as que mais apresentam dados positivos em rela\u00e7\u00e3o ao mercado de trabalho.\u00a0 Importante: O Brasil j\u00e1 foi rebaixado em&hellip;","_links":{"self":[{"href":"https:\/\/construcaocivil.siriusmarketingedesign.com.br\/index.php?rest_route=\/wp\/v2\/posts\/9038","targetHints":{"allow":["GET"]}}],"collection":[{"href":"https:\/\/construcaocivil.siriusmarketingedesign.com.br\/index.php?rest_route=\/wp\/v2\/posts"}],"about":[{"href":"https:\/\/construcaocivil.siriusmarketingedesign.com.br\/index.php?rest_route=\/wp\/v2\/types\/post"}],"author":[{"embeddable":true,"href":"https:\/\/construcaocivil.siriusmarketingedesign.com.br\/index.php?rest_route=\/wp\/v2\/users\/1"}],"replies":[{"embeddable":true,"href":"https:\/\/construcaocivil.siriusmarketingedesign.com.br\/index.php?rest_route=%2Fwp%2Fv2%2Fcomments&post=9038"}],"version-history":[{"count":0,"href":"https:\/\/construcaocivil.siriusmarketingedesign.com.br\/index.php?rest_route=\/wp\/v2\/posts\/9038\/revisions"}],"wp:attachment":[{"href":"https:\/\/construcaocivil.siriusmarketingedesign.com.br\/index.php?rest_route=%2Fwp%2Fv2%2Fmedia&parent=9038"}],"wp:term":[{"taxonomy":"category","embeddable":true,"href":"https:\/\/construcaocivil.siriusmarketingedesign.com.br\/index.php?rest_route=%2Fwp%2Fv2%2Fcategories&post=9038"},{"taxonomy":"post_tag","embeddable":true,"href":"https:\/\/construcaocivil.siriusmarketingedesign.com.br\/index.php?rest_route=%2Fwp%2Fv2%2Ftags&post=9038"}],"curies":[{"name":"wp","href":"https:\/\/api.w.org\/{rel}","templated":true}]}}