{"id":9041,"date":"2018-02-23T19:40:08","date_gmt":"2018-02-23T22:40:08","guid":{"rendered":"https:\/\/jornaldaconstrucaocivil.com.br\/?p=9041"},"modified":"2018-02-23T19:40:08","modified_gmt":"2018-02-23T22:40:08","slug":"instituto-net-claro-embratel-promove-debate-sobre-educacao-com-representantes-da-unicef-e-onu","status":"publish","type":"post","link":"https:\/\/construcaocivil.siriusmarketingedesign.com.br\/?p=9041","title":{"rendered":"Instituto NET Claro Embratel promove debate sobre educa\u00e7\u00e3o com representantes da UNICEF e ONU"},"content":{"rendered":"<p style=\"text-align: justify;\"><em><strong><span style=\"color: #000000;\">Evento, que acontece no Theatro NET Rio, celebra tamb\u00e9m a capacita\u00e7\u00e3o de 126 estudantes do projeto Dupla Escola no curso T\u00e9cnico em Telecomunica\u00e7\u00f5es<\/span><\/strong><\/em><\/p>\n<p style=\"text-align: justify;\"><span style=\"color: #000000;\"><span style=\"color: #993300;\">Fevereiro, 2018<\/span> &#8211; O Instituto NET Claro Embratel, iniciativa da \u00e1rea de responsabilidade social da Claro Brasil, vai promover um debate com a presen\u00e7a de representantes da UNICEF e da ONU com o\u00a0 seguinte tema: <span style=\"color: #0000ff;\">\u201cImport\u00e2ncia da escola na forma\u00e7\u00e3o de cidad\u00e3os e a consolida\u00e7\u00e3o da paz\u201d.<\/span> O evento vai acontecer nesta segunda-feira (26), no Theatro NET Rio, em Copacabana, e ainda vai celebrar a forma\u00e7\u00e3o de 126 estudantes no curso T\u00e9cnicos em Telecomunica\u00e7\u00f5es. Os jovens do Ensino M\u00e9dio do Col\u00e9gio Estadual Hebe Camargo fazem parte do <span style=\"color: #0000ff;\">\u201cDupla Escola\u201d<\/span>, uma parceria do Instituto com a Secretaria de Educa\u00e7\u00e3o do Estado do Rio de Janeiro e a Funda\u00e7\u00e3o Xuxa Meneghel.<\/span><\/p>\n<p style=\"text-align: justify;\"><span style=\"color: #000000;\">Na discuss\u00e3o, Daniely Gomiero, vice-presidente de projetos do Instituto NET Claro Embratel e respons\u00e1vel pela \u00e1rea de responsabilidade social corporativa das tr\u00eas marcas, vai dialogar sobre o tema proposto com \u00cdtalo Dutra, Chefe de Educa\u00e7\u00e3o UNICEF Brasil, Joana Chagas, Gerente de Programas da ONU Mulheres Brasil, Carolina Dantas Silva, formanda do projeto Dupla Escola e com a mediadora do debate, Ilona Szab\u00f3, diretora-executiva do Instituto Igarap\u00e9. O evento ter\u00e1 transmiss\u00e3o ao vivo atrav\u00e9s do Facebook e do Youtube do Instituto NET Claro Embratel.<\/span><\/p>\n<p style=\"text-align: justify;\"><span style=\"color: #000000;\"><span style=\"color: #333399;\"><em>\u201cAcredito na import\u00e2ncia de se debater o tema educa\u00e7\u00e3o de todas as formas. Isso enriquece e aperfei\u00e7oa os nossos pr\u00f3ximos passos. Tamb\u00e9m estamos muito felizes com a formatura da segunda turma do Dupla Escola! O Instituto NET Claro Embratel n\u00e3o contribuiu somente na forma\u00e7\u00e3o profissional, mas na renova\u00e7\u00e3o da esperan\u00e7a de um futuro melhor. Em 2017, al\u00e9m de capacitar esses jovens, a Claro Brasil ainda trouxe 16 formandos para come\u00e7ar a vida profissional no mundo corporativo\u201d<\/em><\/span>, ressalta Daniely Gomiero, vice-presidente de projetos do Instituto NET Claro Embratel e respons\u00e1vel pela \u00e1rea de responsabilidade social corporativa da Claro Brasil.<\/span><\/p>\n<p style=\"text-align: justify;\"><span style=\"color: #000000;\">Promover o acesso \u00e0 educa\u00e7\u00e3o, cultura e cidadania faz parte do objetivo do Instituto que conta com outros projetos voltados para a \u00e1rea como o <span style=\"color: #0000ff;\">Educonex@o<\/span>, que realiza cursos para aprimorar a forma\u00e7\u00e3o de professores no uso das tecnologias digitais, favorecendo o processo de ensino e aprendizagem. Outro projeto de destaque \u00e9 o Campus Mobile, que tem o objetivo de estimular a forma\u00e7\u00e3o de jovens talentos universit\u00e1rios para atua\u00e7\u00e3o no desenvolvimento de solu\u00e7\u00f5es e servi\u00e7os em tr\u00eas categorias: Educa\u00e7\u00e3o, Facilidades e Jogos.<\/span><\/p>\n","protected":false},"excerpt":{"rendered":"<p>Evento, que acontece no Theatro NET Rio, celebra tamb\u00e9m a capacita\u00e7\u00e3o de 126 estudantes do projeto Dupla Escola no curso T\u00e9cnico em Telecomunica\u00e7\u00f5es Fevereiro, 2018 &#8211; O Instituto NET Claro Embratel, iniciativa da \u00e1rea de responsabilidade social da Claro Brasil, vai promover um debate com a presen\u00e7a de representantes da UNICEF e da ONU com [&hellip;]<\/p>\n","protected":false},"author":1,"featured_media":0,"comment_status":"open","ping_status":"open","sticky":false,"template":"","format":"standard","meta":{"_uag_custom_page_level_css":"","footnotes":""},"categories":[27],"tags":[2325,3298,5178,5279,6323,6576,7527,10737,11747,12063],"class_list":["post-9041","post","type-post","status-publish","format-standard","hentry","category-acontece","tag-claro-brasil","tag-curso-tecnico-em-telecomunicacoes","tag-formacao-profissional-de-jovens","tag-fundacao-xuxa-meneghel","tag-investimentos-em-educacao-e-programas-culturais","tag-jovens-e-adultos","tag-mercado-de-trabalho","tag-secretaria-de-educacao-do-estado-do-rio-de-janeiro","tag-theatro-net-rio","tag-unicef"],"blocksy_meta":[],"spectra_blocks_featured_image_url":null,"spectra_blocks_author_info":{"display_name":"Jornal da Constru\u00e7\u00e3o Civil","avatar_url":"https:\/\/secure.gravatar.com\/avatar\/973c9774fd44ddaceb026973c4962faa70fc512bc4c9da68e8ebb40fecee6540?s=96&d=mm&r=g","author_link":"https:\/\/construcaocivil.siriusmarketingedesign.com.br\/?author=1","description":"Desde de 2013, levando muitas informa\u00e7\u00f5es, lan\u00e7amentos e produtos de qualidade para toda cadeia produtiva da constru\u00e7\u00e3o. O Futuro da constru\u00e7\u00e3o passa por aqui,"},"uagb_featured_image_src":{"full":false,"thumbnail":false,"medium":false,"medium_large":false,"large":false,"1536x1536":false,"2048x2048":false},"uagb_author_info":{"display_name":"Jornal da Constru\u00e7\u00e3o Civil","author_link":"https:\/\/construcaocivil.siriusmarketingedesign.com.br\/?author=1"},"uagb_comment_info":0,"uagb_excerpt":"Evento, que acontece no Theatro NET Rio, celebra tamb\u00e9m a capacita\u00e7\u00e3o de 126 estudantes do projeto Dupla Escola no curso T\u00e9cnico em Telecomunica\u00e7\u00f5es Fevereiro, 2018 &#8211; O Instituto NET Claro Embratel, iniciativa da \u00e1rea de responsabilidade social da Claro Brasil, vai promover um debate com a presen\u00e7a de representantes da UNICEF e da ONU com&hellip;","_links":{"self":[{"href":"https:\/\/construcaocivil.siriusmarketingedesign.com.br\/index.php?rest_route=\/wp\/v2\/posts\/9041","targetHints":{"allow":["GET"]}}],"collection":[{"href":"https:\/\/construcaocivil.siriusmarketingedesign.com.br\/index.php?rest_route=\/wp\/v2\/posts"}],"about":[{"href":"https:\/\/construcaocivil.siriusmarketingedesign.com.br\/index.php?rest_route=\/wp\/v2\/types\/post"}],"author":[{"embeddable":true,"href":"https:\/\/construcaocivil.siriusmarketingedesign.com.br\/index.php?rest_route=\/wp\/v2\/users\/1"}],"replies":[{"embeddable":true,"href":"https:\/\/construcaocivil.siriusmarketingedesign.com.br\/index.php?rest_route=%2Fwp%2Fv2%2Fcomments&post=9041"}],"version-history":[{"count":0,"href":"https:\/\/construcaocivil.siriusmarketingedesign.com.br\/index.php?rest_route=\/wp\/v2\/posts\/9041\/revisions"}],"wp:attachment":[{"href":"https:\/\/construcaocivil.siriusmarketingedesign.com.br\/index.php?rest_route=%2Fwp%2Fv2%2Fmedia&parent=9041"}],"wp:term":[{"taxonomy":"category","embeddable":true,"href":"https:\/\/construcaocivil.siriusmarketingedesign.com.br\/index.php?rest_route=%2Fwp%2Fv2%2Fcategories&post=9041"},{"taxonomy":"post_tag","embeddable":true,"href":"https:\/\/construcaocivil.siriusmarketingedesign.com.br\/index.php?rest_route=%2Fwp%2Fv2%2Ftags&post=9041"}],"curies":[{"name":"wp","href":"https:\/\/api.w.org\/{rel}","templated":true}]}}