{"id":9046,"date":"2018-02-26T15:44:55","date_gmt":"2018-02-26T18:44:55","guid":{"rendered":"https:\/\/jornaldaconstrucaocivil.com.br\/?p=9046"},"modified":"2018-02-26T15:44:55","modified_gmt":"2018-02-26T18:44:55","slug":"apos-dois-anos-seguidos-de-retracao-mercado-imobiliario-cresce-em-2017","status":"publish","type":"post","link":"https:\/\/construcaocivil.siriusmarketingedesign.com.br\/?p=9046","title":{"rendered":"Ap\u00f3s dois anos seguidos de retra\u00e7\u00e3o Mercado Imobili\u00e1rio cresce em 2017"},"content":{"rendered":"<p style=\"text-align: justify;\"><span style=\"color: #000000;\"><span style=\"color: #993300;\">Fevereiro, 2018<\/span> &#8211; O in\u00edcio de recupera\u00e7\u00e3o econ\u00f4mica em 2017 se refletiu no mercado imobili\u00e1rio brasileiro que fechou o ano passado com resultados positivos. Houve uma redu\u00e7\u00e3o do estoque de im\u00f3veis de 12,3%, em fun\u00e7\u00e3o de um aumento nas vendas de 9,4%, bem acima do crescimento de 5,2% nos lan\u00e7amentos, segundo a C\u00e2mara Brasileira da Ind\u00fastria da Constru\u00e7\u00e3o (CBIC). Essas s\u00e3o algumas das conclus\u00f5es do estudo Indicadores Imobili\u00e1rios Nacionais, iniciativa da CBIC em correaliza\u00e7\u00e3o com o Senai Nacional \u2013 os dados apresentados hoje consolidam o desempenho do mercado imobili\u00e1rio brasileiro em 2017.<\/span><\/p>\n<figure id=\"attachment_9047\" aria-describedby=\"caption-attachment-9047\" style=\"width: 300px\" class=\"wp-caption alignleft\"><a href=\"https:\/\/jornaldaconstrucaocivil.com.br\/wp-content\/uploads\/2018\/02\/JOSE-CBIC.jpeg\"><img loading=\"lazy\" decoding=\"async\" class=\"wp-image-9047 size-medium\" src=\"https:\/\/jornaldaconstrucaocivil.com.br\/wp-content\/uploads\/2018\/02\/JOSE-CBIC-300x123.jpeg\" width=\"300\" height=\"123\" \/><\/a><figcaption id=\"caption-attachment-9047\" class=\"wp-caption-text\">Jos\u00e9 Carlos Martins(dir), presidente da CBIC. Divulga\u00e7\u00e3o<\/figcaption><\/figure>\n<p style=\"text-align: justify;\"><span style=\"color: #000000;\"><span style=\"color: #993300;\"><em>&#8220;Prevemos que 2018 ser\u00e1 um bom ano. 2017 mostrou que o setor come\u00e7ou a se recuperar. Podemos dizer que foi o ano da virada, j\u00e1 que 2015 e 16 foram os piores anos nos \u00faltimos 15 anos. Estamos otimistas em rela\u00e7\u00e3o a 2018, apesar de sabermos que o pa\u00eds ainda n\u00e3o resolveu problemas estruturais, como a reforma da Previd\u00eancia. Mas mesmo assim, acreditamos num crescimento em torno de 10%&#8221;<\/em><\/span>, diz Jos\u00e9 Carlos Martins, presidente da CBIC. Segundo ele, existem outros problemas estruturais que impedem maior avan\u00e7o desse setor, como a inseguran\u00e7a jur\u00eddica, o distrato e fontes de recursos para o financiamento do setor.<\/span><\/p>\n<figure id=\"attachment_9048\" aria-describedby=\"caption-attachment-9048\" style=\"width: 261px\" class=\"wp-caption alignright\"><a href=\"https:\/\/jornaldaconstrucaocivil.com.br\/wp-content\/uploads\/2018\/02\/101_2129-e1519670282504.jpg\"><img loading=\"lazy\" decoding=\"async\" class=\"wp-image-9048\" src=\"https:\/\/jornaldaconstrucaocivil.com.br\/wp-content\/uploads\/2018\/02\/101_2129-300x225.jpg\" width=\"261\" height=\"196\" \/><\/a><figcaption id=\"caption-attachment-9048\" class=\"wp-caption-text\">Rio de Janeiro &#8211; Foto:JCC<\/figcaption><\/figure>\n<p style=\"text-align: justify;\"><span style=\"color: #000000;\">No acumulado, as vendas superaram os lan\u00e7amentos em 11.878, n\u00famero que representa 12,6% do total das unidades vendidas. Desde o primeiro trimestre de 2016, segundo o balan\u00e7o de 2017, apresenta o menor n\u00famero absoluto de unidades \u00e0 venda: apenas 135.051 em todas as 23 regi\u00f5es comparadas. De acordo com o estudo apresentado, foram lan\u00e7adas 82.343 unidades em 2017 contra 78.286 em 2016 e foram vendidas 94.221 unidades contra 86.140 em rela\u00e7\u00e3o ao ano anterior.<\/span><\/p>\n<p style=\"text-align: justify;\"><span style=\"color: #000000;\">A regi\u00e3o Sudeste continua sendo a principal respons\u00e1vel por alavancar os resultados positivos, especialmente a cidade de S\u00e3o Paulo.\u00a0 Destaque tamb\u00e9m para o aumento substancial de 356% na Regi\u00e3o Metropolitana de Curitiba nos lan\u00e7amentos imobili\u00e1rios e 160% nas vendas na Regi\u00e3o Metropolitana de Macei\u00f3.<\/span><\/p>\n<p style=\"text-align: justify;\"><span style=\"color: #000000;\">Celso Petrucci, presidente da Comiss\u00e3o da Ind\u00fastria Imobili\u00e1ria (CII) da CBIC e respons\u00e1vel pelo estudo, diz que o resultado de 2017 reflete a grande demanda que a Regi\u00e3o Sudeste tem por im\u00f3veis. Ele afirma que cada regi\u00e3o tem sua especificidade e que a cidade S\u00e3o Paulo \u00e9 respons\u00e1vel por alavancar os n\u00fameros do Brasil. <span style=\"color: #993300;\"><em>&#8220;O Rio de Janeiro poderia ajudar a puxar ainda mais, mas a situa\u00e7\u00e3o atual em que a cidade se encontra, numa condi\u00e7\u00e3o desagregadora, fica complicado apresentar resultados favor\u00e1veis. Da\u00ed o Sudeste n\u00e3o apresentar um cen\u00e1rio melhor&#8221;<\/em><\/span>, afirma Petrucci.<\/span><\/p>\n<p style=\"text-align: justify;\">Fonte: Imprensa\/CBIC<\/p>\n<p>&nbsp;<\/p>\n","protected":false},"excerpt":{"rendered":"<p>Fevereiro, 2018 &#8211; O in\u00edcio de recupera\u00e7\u00e3o econ\u00f4mica em 2017 se refletiu no mercado imobili\u00e1rio brasileiro que fechou o ano passado com resultados positivos. Houve uma redu\u00e7\u00e3o do estoque de im\u00f3veis de 12,3%, em fun\u00e7\u00e3o de um aumento nas vendas de 9,4%, bem acima do crescimento de 5,2% nos lan\u00e7amentos, segundo a C\u00e2mara Brasileira da [&hellip;]<\/p>\n","protected":false},"author":1,"featured_media":9048,"comment_status":"open","ping_status":"open","sticky":false,"template":"","format":"standard","meta":{"_uag_custom_page_level_css":"","footnotes":""},"categories":[30],"tags":[1574,2029,2573,4139,7565,7566,10099,10101,10122,10377,10679,10880],"class_list":["post-9046","post","type-post","status-publish","format-standard","has-post-thumbnail","hentry","category-imoveis","tag-brasilia-df","tag-cbic","tag-compra-e-vendas-de-imoveis","tag-empreendimentos-imobiliarios","tag-mercado-imobiliario-animado-para-novos-investimentos-em-2018","tag-mercado-imobiliario-brasileiro","tag-regiao-metropolitana-de-curitiba","tag-regiao-metropolitana-de-maceio","tag-regiao-sudeste-e-o-principal-mercado","tag-rio-de-janeiro-continua-sendo-o-ponto-negativo-do-setor-imobiliario","tag-sao-paulo-sp","tag-senai-nacional"],"blocksy_meta":[],"spectra_blocks_featured_image_url":[],"spectra_blocks_author_info":{"display_name":"Jornal da Constru\u00e7\u00e3o Civil","avatar_url":"https:\/\/secure.gravatar.com\/avatar\/973c9774fd44ddaceb026973c4962faa70fc512bc4c9da68e8ebb40fecee6540?s=96&d=mm&r=g","author_link":"https:\/\/construcaocivil.siriusmarketingedesign.com.br\/?author=1","description":"Desde de 2013, levando muitas informa\u00e7\u00f5es, lan\u00e7amentos e produtos de qualidade para toda cadeia produtiva da constru\u00e7\u00e3o. O Futuro da constru\u00e7\u00e3o passa por aqui,"},"uagb_featured_image_src":{"full":false,"thumbnail":false,"medium":false,"medium_large":false,"large":false,"1536x1536":false,"2048x2048":false},"uagb_author_info":{"display_name":"Jornal da Constru\u00e7\u00e3o Civil","author_link":"https:\/\/construcaocivil.siriusmarketingedesign.com.br\/?author=1"},"uagb_comment_info":0,"uagb_excerpt":"Fevereiro, 2018 &#8211; O in\u00edcio de recupera\u00e7\u00e3o econ\u00f4mica em 2017 se refletiu no mercado imobili\u00e1rio brasileiro que fechou o ano passado com resultados positivos. Houve uma redu\u00e7\u00e3o do estoque de im\u00f3veis de 12,3%, em fun\u00e7\u00e3o de um aumento nas vendas de 9,4%, bem acima do crescimento de 5,2% nos lan\u00e7amentos, segundo a C\u00e2mara Brasileira da&hellip;","_links":{"self":[{"href":"https:\/\/construcaocivil.siriusmarketingedesign.com.br\/index.php?rest_route=\/wp\/v2\/posts\/9046","targetHints":{"allow":["GET"]}}],"collection":[{"href":"https:\/\/construcaocivil.siriusmarketingedesign.com.br\/index.php?rest_route=\/wp\/v2\/posts"}],"about":[{"href":"https:\/\/construcaocivil.siriusmarketingedesign.com.br\/index.php?rest_route=\/wp\/v2\/types\/post"}],"author":[{"embeddable":true,"href":"https:\/\/construcaocivil.siriusmarketingedesign.com.br\/index.php?rest_route=\/wp\/v2\/users\/1"}],"replies":[{"embeddable":true,"href":"https:\/\/construcaocivil.siriusmarketingedesign.com.br\/index.php?rest_route=%2Fwp%2Fv2%2Fcomments&post=9046"}],"version-history":[{"count":0,"href":"https:\/\/construcaocivil.siriusmarketingedesign.com.br\/index.php?rest_route=\/wp\/v2\/posts\/9046\/revisions"}],"wp:attachment":[{"href":"https:\/\/construcaocivil.siriusmarketingedesign.com.br\/index.php?rest_route=%2Fwp%2Fv2%2Fmedia&parent=9046"}],"wp:term":[{"taxonomy":"category","embeddable":true,"href":"https:\/\/construcaocivil.siriusmarketingedesign.com.br\/index.php?rest_route=%2Fwp%2Fv2%2Fcategories&post=9046"},{"taxonomy":"post_tag","embeddable":true,"href":"https:\/\/construcaocivil.siriusmarketingedesign.com.br\/index.php?rest_route=%2Fwp%2Fv2%2Ftags&post=9046"}],"curies":[{"name":"wp","href":"https:\/\/api.w.org\/{rel}","templated":true}]}}