{"id":9078,"date":"2018-03-02T13:35:04","date_gmt":"2018-03-02T16:35:04","guid":{"rendered":"https:\/\/jornaldaconstrucaocivil.com.br\/?p=9078"},"modified":"2021-07-31T22:38:23","modified_gmt":"2021-08-01T01:38:23","slug":"vendas-do-varejo-de-material-de-construcao-ficam-estaveis-em-fevereiro","status":"publish","type":"post","link":"https:\/\/construcaocivil.siriusmarketingedesign.com.br\/?p=9078","title":{"rendered":"Vendas do varejo de material de constru\u00e7\u00e3o ficam est\u00e1veis em fevereiro"},"content":{"rendered":"<p style=\"text-align: justify;\"><em><strong><span style=\"color: #000000;\">Anamaco espera que varejo de material de constru\u00e7\u00e3o cres\u00e7a 5% no primeiro semestre<\/span><\/strong><\/em><\/p>\n<p style=\"text-align: justify;\"><span style=\"color: #993300;\">Fevereiro, 2018<\/span> &#8211;<span style=\"color: #000000;\"> O varejo de material de constru\u00e7\u00e3o teve desempenho est\u00e1vel em fevereiro, na compara\u00e7\u00e3o com o mesmo m\u00eas de 2017. J\u00e1 com rela\u00e7\u00e3o a janeiro, o setor registrou queda de 9%. Os dados s\u00e3o da Pesquisa Tracking mensal da Anamaco, que entrevistou 530 lojistas entre os dias 23 a 27 de fevereiro.<\/span><\/p>\n<p style=\"text-align: justify;\"><span style=\"color: #000000;\">Segundo o estudo, entre as categorias pesquisadas, <span style=\"color: #993300;\">revestimento cer\u00e2mico<\/span> foi a que apresentou a maior queda em rela\u00e7\u00e3o a janeiro<span style=\"color: #993300;\"> (-9%)<\/span>, seguida por <span style=\"color: #993300;\">tintas (-7%).<\/span> J\u00e1 telhas de fibrocimento manteve o mesmo patamar no m\u00eas anterior.<\/span><\/p>\n<p style=\"text-align: justify;\"><span style=\"color: #000000;\"><span style=\"color: #333399;\"><em>&#8220;Os primeiros meses do ano costumam ser bastante dif\u00edceis para o setor, pois s\u00e3o conhecidos por representar um per\u00edodo excessivo de chuvas, o que n\u00e3o favorece a realiza\u00e7\u00e3o de obras, afetando diretamente as nossas vendas. Al\u00e9m disso, o ano s\u00f3 come\u00e7a no Brasil depois do Carnaval, at\u00e9 porque a popula\u00e7\u00e3o tem gastos extras no in\u00edcio do ano, como IPTU, IPVA e matr\u00edculas escolares&#8221;,<\/em><\/span> explica o presidente da Anamaco, Cl\u00e1udio Conz.<\/span><\/p>\n<p style=\"text-align: justify;\"><span style=\"color: #000000;\">Segundo ele, o per\u00edodo de chuvas e a implementa\u00e7\u00e3o do &#8221;Cart\u00e3o Reforma&#8221; devem influenciar positivamente o setor. <span style=\"color: #333399;\"><em>&#8220;O Governo, aos poucos, est\u00e1 lan\u00e7ando o Programa em cada estado contemplado, dispondo um subs\u00eddio \u00e0s fam\u00edlias de baixa renda para compra de material de constru\u00e7\u00e3o. Entretanto, a maioria das compras \u00e9 prorrogada para o segundo semestre principalmente porque as chuvas acabam deixando estragos e uma necessidade de manuten\u00e7\u00e3o que as pessoas passam a resolver quando o tempo melhora&#8221;<\/em><\/span>, completa Conz.<\/span><\/p>\n<p style=\"text-align: justify;\"><span style=\"color: #000000;\">Ainda de acordo com o levantamento, todas as regi\u00f5es do pa\u00eds apresentaram varia\u00e7\u00f5es negativas em fevereiro. No Nordeste as vendas ca\u00edram 16%, j\u00e1 no Sudeste 9%. No Centro-Oeste a retra\u00e7\u00e3o foi de 6%, no Sul 15% e no Norte 8%. Para mar\u00e7o, os lojistas est\u00e3o divididos quanto \u00e0s suas expectativas: 30% acham que as vendas v\u00e3o retrair e 32% acham que v\u00e3o crescer.<\/span><\/p>\n<p style=\"text-align: justify;\"><span style=\"color: #000000;\">Ainda assim, a pesquisa da Anamaco indicou que predomina o otimismo do setor com rela\u00e7\u00e3o \u00e0s a\u00e7\u00f5es do Governo nos pr\u00f3ximos 12 meses (49%). J\u00e1 a pretens\u00e3o de realizar investimentos nos pr\u00f3ximos 12 meses aumentou em 36%, com destaque para as regi\u00f5es Norte e Nordeste. Cerca de 16% das lojas t\u00eam inten\u00e7\u00e3o de contratar funcion\u00e1rios no m\u00eas de mar\u00e7o, com destaque para o Centro-Oeste e Norte, que apresentaram crescimento no m\u00eas anterior. E, para mar\u00e7o, os lojistas est\u00e3o otimistas, acreditando na retomada do crescimento das vendas.<\/span><\/p>\n<p style=\"text-align: justify;\"><span style=\"color: #000000;\">&#8221;Mesmo com os dados j\u00e1 esperados para o primeiro bimestre de 2018, o setor tem relevantes sinais de recupera\u00e7\u00e3o. Com o fechamento positivo de 6% em 2017, estamos prevendo um crescimento de 8,5% sobre o ano anterior&#8221;, encerra o presidente da Anamaco.<\/span><\/p>\n<p style=\"text-align: justify;\"><span style=\"color: #993300;\">Realizada pelo Instituto de Pesquisas da Anamaco, a Pesquisa Tracking Anamaco tem o apoio da Anfacer, Abrafati e Instituto Crisotila Brasil.<\/span><\/p>\n<p style=\"text-align: justify;\">Fonte: Imprensa\/Anamaco<\/p>\n<p>&nbsp;<\/p>\n","protected":false},"excerpt":{"rendered":"<p>Anamaco espera que varejo de material de constru\u00e7\u00e3o cres\u00e7a 5% no primeiro semestre Fevereiro, 2018 &#8211; O varejo de material de constru\u00e7\u00e3o teve desempenho est\u00e1vel em fevereiro, na compara\u00e7\u00e3o com o mesmo m\u00eas de 2017. J\u00e1 com rela\u00e7\u00e3o a janeiro, o setor registrou queda de 9%. Os dados s\u00e3o da Pesquisa Tracking mensal da Anamaco, [&hellip;]<\/p>\n","protected":false},"author":1,"featured_media":17048,"comment_status":"open","ping_status":"open","sticky":false,"template":"","format":"standard","meta":{"_uag_custom_page_level_css":"","footnotes":""},"categories":[33],"tags":[705,2079,7362,8144,10668,12308,12313],"class_list":["post-9078","post","type-post","status-publish","format-standard","has-post-thumbnail","hentry","category-mercado","tag-anamaco","tag-centro-oeste","tag-material-de-construcao","tag-nordeste","tag-sao-paulo","tag-vendas-de-telhas-sobem-no-brasil","tag-vendas-de-tintas-e-revestimentos-ceramicos"],"blocksy_meta":[],"spectra_blocks_featured_image_url":{"thumbnail":{"url":"https:\/\/construcaocivil.siriusmarketingedesign.com.br\/wp-content\/uploads\/2018\/03\/FB_IMG_1587607984841-150x150.jpg","width":150,"height":150},"medium":{"url":"https:\/\/construcaocivil.siriusmarketingedesign.com.br\/wp-content\/uploads\/2018\/03\/FB_IMG_1587607984841-300x207.jpg","width":300,"height":207},"medium_large":{"url":"https:\/\/construcaocivil.siriusmarketingedesign.com.br\/wp-content\/uploads\/2018\/03\/FB_IMG_1587607984841.jpg","width":622,"height":430},"large":{"url":"https:\/\/construcaocivil.siriusmarketingedesign.com.br\/wp-content\/uploads\/2018\/03\/FB_IMG_1587607984841.jpg","width":622,"height":430},"full":{"url":"https:\/\/construcaocivil.siriusmarketingedesign.com.br\/wp-content\/uploads\/2018\/03\/FB_IMG_1587607984841.jpg","width":622,"height":430}},"spectra_blocks_author_info":{"display_name":"Jornal da Constru\u00e7\u00e3o Civil","avatar_url":"https:\/\/secure.gravatar.com\/avatar\/973c9774fd44ddaceb026973c4962faa70fc512bc4c9da68e8ebb40fecee6540?s=96&d=mm&r=g","author_link":"https:\/\/construcaocivil.siriusmarketingedesign.com.br\/?author=1","description":"Desde de 2013, levando muitas informa\u00e7\u00f5es, lan\u00e7amentos e produtos de qualidade para toda cadeia produtiva da constru\u00e7\u00e3o. O Futuro da constru\u00e7\u00e3o passa por aqui,"},"uagb_featured_image_src":{"full":["https:\/\/construcaocivil.siriusmarketingedesign.com.br\/wp-content\/uploads\/2018\/03\/FB_IMG_1587607984841.jpg",622,430,false],"thumbnail":["https:\/\/construcaocivil.siriusmarketingedesign.com.br\/wp-content\/uploads\/2018\/03\/FB_IMG_1587607984841-150x150.jpg",150,150,true],"medium":["https:\/\/construcaocivil.siriusmarketingedesign.com.br\/wp-content\/uploads\/2018\/03\/FB_IMG_1587607984841-300x207.jpg",300,207,true],"medium_large":["https:\/\/construcaocivil.siriusmarketingedesign.com.br\/wp-content\/uploads\/2018\/03\/FB_IMG_1587607984841.jpg",622,430,false],"large":["https:\/\/construcaocivil.siriusmarketingedesign.com.br\/wp-content\/uploads\/2018\/03\/FB_IMG_1587607984841.jpg",622,430,false],"1536x1536":["https:\/\/construcaocivil.siriusmarketingedesign.com.br\/wp-content\/uploads\/2018\/03\/FB_IMG_1587607984841.jpg",622,430,false],"2048x2048":["https:\/\/construcaocivil.siriusmarketingedesign.com.br\/wp-content\/uploads\/2018\/03\/FB_IMG_1587607984841.jpg",622,430,false]},"uagb_author_info":{"display_name":"Jornal da Constru\u00e7\u00e3o Civil","author_link":"https:\/\/construcaocivil.siriusmarketingedesign.com.br\/?author=1"},"uagb_comment_info":0,"uagb_excerpt":"Anamaco espera que varejo de material de constru\u00e7\u00e3o cres\u00e7a 5% no primeiro semestre Fevereiro, 2018 &#8211; O varejo de material de constru\u00e7\u00e3o teve desempenho est\u00e1vel em fevereiro, na compara\u00e7\u00e3o com o mesmo m\u00eas de 2017. J\u00e1 com rela\u00e7\u00e3o a janeiro, o setor registrou queda de 9%. Os dados s\u00e3o da Pesquisa Tracking mensal da Anamaco,&hellip;","_links":{"self":[{"href":"https:\/\/construcaocivil.siriusmarketingedesign.com.br\/index.php?rest_route=\/wp\/v2\/posts\/9078","targetHints":{"allow":["GET"]}}],"collection":[{"href":"https:\/\/construcaocivil.siriusmarketingedesign.com.br\/index.php?rest_route=\/wp\/v2\/posts"}],"about":[{"href":"https:\/\/construcaocivil.siriusmarketingedesign.com.br\/index.php?rest_route=\/wp\/v2\/types\/post"}],"author":[{"embeddable":true,"href":"https:\/\/construcaocivil.siriusmarketingedesign.com.br\/index.php?rest_route=\/wp\/v2\/users\/1"}],"replies":[{"embeddable":true,"href":"https:\/\/construcaocivil.siriusmarketingedesign.com.br\/index.php?rest_route=%2Fwp%2Fv2%2Fcomments&post=9078"}],"version-history":[{"count":0,"href":"https:\/\/construcaocivil.siriusmarketingedesign.com.br\/index.php?rest_route=\/wp\/v2\/posts\/9078\/revisions"}],"wp:featuredmedia":[{"embeddable":true,"href":"https:\/\/construcaocivil.siriusmarketingedesign.com.br\/index.php?rest_route=\/wp\/v2\/media\/17048"}],"wp:attachment":[{"href":"https:\/\/construcaocivil.siriusmarketingedesign.com.br\/index.php?rest_route=%2Fwp%2Fv2%2Fmedia&parent=9078"}],"wp:term":[{"taxonomy":"category","embeddable":true,"href":"https:\/\/construcaocivil.siriusmarketingedesign.com.br\/index.php?rest_route=%2Fwp%2Fv2%2Fcategories&post=9078"},{"taxonomy":"post_tag","embeddable":true,"href":"https:\/\/construcaocivil.siriusmarketingedesign.com.br\/index.php?rest_route=%2Fwp%2Fv2%2Ftags&post=9078"}],"curies":[{"name":"wp","href":"https:\/\/api.w.org\/{rel}","templated":true}]}}