{"id":9097,"date":"2018-03-04T16:32:51","date_gmt":"2018-03-04T19:32:51","guid":{"rendered":"https:\/\/jornaldaconstrucaocivil.com.br\/?p=9097"},"modified":"2018-03-04T16:32:51","modified_gmt":"2018-03-04T19:32:51","slug":"arquitetas-urbanistas-discutem-como-tornar-a-cidade-mais-segura-para-as-mulheres-equiparacao-e-assedio-na-profissao","status":"publish","type":"post","link":"https:\/\/construcaocivil.siriusmarketingedesign.com.br\/?p=9097","title":{"rendered":"Arquitetas Urbanistas discutem como tornar a cidade mais segura para as mulheres, equipara\u00e7\u00e3o e ass\u00e9dio na profiss\u00e3o"},"content":{"rendered":"<p style=\"text-align: justify;\"><span style=\"color: #000000;\"><span style=\"color: #993300;\">Rio, Mar\u00e7o, 2018<\/span> &#8211; O Conselho de Arquitetura e Urbanismo do Rio de Janeiro (CAU\/RJ) realiza na pr\u00f3xima ter\u00e7a-feira, dia 6 de mar\u00e7o, uma s\u00e9rie de debates aberto ao p\u00fablico com objetivo de discutir a inser\u00e7\u00e3o da mulher no mercado trabalho de arquitetura e urbanismo, equipara\u00e7\u00e3o salarial, o papel feminino na constru\u00e7\u00e3o das cidades mais inclusivas e seguras, ass\u00e9dio nas universidades, entre outras quest\u00f5es relacionadas a representatividade feminina.<\/span><\/p>\n<p style=\"text-align: justify;\"><span style=\"color: #000000;\">Uma das palestrantes ser\u00e1 a arquiteta e urbanista mineira Priscila Gama, desenvolvedora do aplicativo Malalai, que ajuda mulheres a definirem rotas mais seguras na cidade e pedir socorro aos amigos em caso de ass\u00e9dio. O aplicativo mapeia onde \u00e9 poss\u00edvel consultar informa\u00e7\u00f5es como ilumina\u00e7\u00e3o da via, movimenta\u00e7\u00e3o, exist\u00eancia de ponto comercial aberto, presen\u00e7a de porteiros ou de seguran\u00e7a privada, presen\u00e7a de posto policial e ocorr\u00eancia anterior de ass\u00e9dio. A constru\u00e7\u00e3o do conte\u00fado \u00e9 colaborativa.<\/span><\/p>\n<p style=\"text-align: justify;\"><span style=\"color: #000000;\">A participa\u00e7\u00e3o das mulheres em Conselhos profissionais e pol\u00edticas destinadas ao mercado de trabalho das arquitetas e urbanistas tamb\u00e9m ser\u00e3o temas abordados, bem como o papel das arquitetas na constru\u00e7\u00e3o das cidades inclusivas e seguras, atua\u00e7\u00e3o das mulheres na luta pelo direito \u00e0 cidade, na resist\u00eancia \u00e0s remo\u00e7\u00f5es e na produ\u00e7\u00e3o habitacional, al\u00e9m de igualdade de g\u00eanero na arquitetura e urbanismo. Denominado <span style=\"color: #333399;\">\u201cArquitetura: substantivo feminino\u201d,<\/span> o evento acontecer\u00e1 entre 14h e\u00a0 19h30, do dia 6, no audit\u00f3rio do CAU\/RJ, na<span style=\"color: #666699;\">\u00a0<span style=\"text-decoration: underline;\"><span>\u00a0<strong><span style=\"color: #0000ff;\"><a style=\"color: #0000ff; text-decoration: underline;\" href=\"https:\/\/maps.google.com\/?q=Av.+Rep%C3%BAblica+do+Chile,+230,+23%C2%BA+andar&amp;entry=gmail&amp;source=g\" target=\"_blank\" rel=\"noreferrer\">Av. Rep\u00fablica do Chile, 230, 23\u00ba andar<\/a><\/span><\/strong><\/span><\/span><\/span><\/span><\/p>\n<p style=\"text-align: justify;\"><span style=\"color: #000000;\">\u00a0Os interessados devem se inscrever pelo endere\u00e7o:<\/span>\u00a0<span style=\"text-decoration: underline;\"><strong><span style=\"color: #0000ff; text-decoration: underline;\">\u00a0<a style=\"color: #0000ff; text-decoration: underline;\" href=\"https:\/\/goo.gl\/pAfZxj\" target=\"_blank\" rel=\"noreferrer\">https:\/\/goo.gl\/pAfZxj<\/a><\/span><\/strong><\/span><\/p>\n<p>&nbsp;<\/p>\n","protected":false},"excerpt":{"rendered":"<p>Rio, Mar\u00e7o, 2018 &#8211; O Conselho de Arquitetura e Urbanismo do Rio de Janeiro (CAU\/RJ) realiza na pr\u00f3xima ter\u00e7a-feira, dia 6 de mar\u00e7o, uma s\u00e9rie de debates aberto ao p\u00fablico com objetivo de discutir a inser\u00e7\u00e3o da mulher no mercado trabalho de arquitetura e urbanismo, equipara\u00e7\u00e3o salarial, o papel feminino na constru\u00e7\u00e3o das cidades mais [&hellip;]<\/p>\n","protected":false},"author":1,"featured_media":0,"comment_status":"open","ping_status":"open","sticky":false,"template":"","format":"standard","meta":{"_uag_custom_page_level_css":"","footnotes":""},"categories":[27],"tags":[790,899,927,1134,2016,2246,2273,3029,7985,8322],"class_list":["post-9097","post","type-post","status-publish","format-standard","hentry","category-acontece","tag-aplicativo-malalai","tag-arquitetas-urbanistas-discutem-cidades-mais-seguras","tag-arquitetura-substantivo-feminino","tag-av-republica-do-chile-centro-rj","tag-cau-rj","tag-cidadania-para-todos","tag-cidades-mais-justas","tag-contra-o-assedio-sexual","tag-mulheres-na-luta-contra-violencia","tag-o-papel-feminino-na-construcao-das-cidades"],"blocksy_meta":[],"spectra_blocks_featured_image_url":null,"spectra_blocks_author_info":{"display_name":"Jornal da Constru\u00e7\u00e3o Civil","avatar_url":"https:\/\/secure.gravatar.com\/avatar\/973c9774fd44ddaceb026973c4962faa70fc512bc4c9da68e8ebb40fecee6540?s=96&d=mm&r=g","author_link":"https:\/\/construcaocivil.siriusmarketingedesign.com.br\/?author=1","description":"Desde de 2013, levando muitas informa\u00e7\u00f5es, lan\u00e7amentos e produtos de qualidade para toda cadeia produtiva da constru\u00e7\u00e3o. O Futuro da constru\u00e7\u00e3o passa por aqui,"},"uagb_featured_image_src":{"full":false,"thumbnail":false,"medium":false,"medium_large":false,"large":false,"1536x1536":false,"2048x2048":false},"uagb_author_info":{"display_name":"Jornal da Constru\u00e7\u00e3o Civil","author_link":"https:\/\/construcaocivil.siriusmarketingedesign.com.br\/?author=1"},"uagb_comment_info":0,"uagb_excerpt":"Rio, Mar\u00e7o, 2018 &#8211; O Conselho de Arquitetura e Urbanismo do Rio de Janeiro (CAU\/RJ) realiza na pr\u00f3xima ter\u00e7a-feira, dia 6 de mar\u00e7o, uma s\u00e9rie de debates aberto ao p\u00fablico com objetivo de discutir a inser\u00e7\u00e3o da mulher no mercado trabalho de arquitetura e urbanismo, equipara\u00e7\u00e3o salarial, o papel feminino na constru\u00e7\u00e3o das cidades mais&hellip;","_links":{"self":[{"href":"https:\/\/construcaocivil.siriusmarketingedesign.com.br\/index.php?rest_route=\/wp\/v2\/posts\/9097","targetHints":{"allow":["GET"]}}],"collection":[{"href":"https:\/\/construcaocivil.siriusmarketingedesign.com.br\/index.php?rest_route=\/wp\/v2\/posts"}],"about":[{"href":"https:\/\/construcaocivil.siriusmarketingedesign.com.br\/index.php?rest_route=\/wp\/v2\/types\/post"}],"author":[{"embeddable":true,"href":"https:\/\/construcaocivil.siriusmarketingedesign.com.br\/index.php?rest_route=\/wp\/v2\/users\/1"}],"replies":[{"embeddable":true,"href":"https:\/\/construcaocivil.siriusmarketingedesign.com.br\/index.php?rest_route=%2Fwp%2Fv2%2Fcomments&post=9097"}],"version-history":[{"count":0,"href":"https:\/\/construcaocivil.siriusmarketingedesign.com.br\/index.php?rest_route=\/wp\/v2\/posts\/9097\/revisions"}],"wp:attachment":[{"href":"https:\/\/construcaocivil.siriusmarketingedesign.com.br\/index.php?rest_route=%2Fwp%2Fv2%2Fmedia&parent=9097"}],"wp:term":[{"taxonomy":"category","embeddable":true,"href":"https:\/\/construcaocivil.siriusmarketingedesign.com.br\/index.php?rest_route=%2Fwp%2Fv2%2Fcategories&post=9097"},{"taxonomy":"post_tag","embeddable":true,"href":"https:\/\/construcaocivil.siriusmarketingedesign.com.br\/index.php?rest_route=%2Fwp%2Fv2%2Ftags&post=9097"}],"curies":[{"name":"wp","href":"https:\/\/api.w.org\/{rel}","templated":true}]}}