{"id":9100,"date":"2018-03-07T12:54:18","date_gmt":"2018-03-07T15:54:18","guid":{"rendered":"https:\/\/jornaldaconstrucaocivil.com.br\/?p=9100"},"modified":"2018-03-07T12:54:18","modified_gmt":"2018-03-07T15:54:18","slug":"inscricoes-para-curso-sobre-regularizacao-fundiaria-no-brasil-terminam-na-sexta-feira","status":"publish","type":"post","link":"https:\/\/construcaocivil.siriusmarketingedesign.com.br\/?p=9100","title":{"rendered":"Inscri\u00e7\u00f5es para curso sobre Regulariza\u00e7\u00e3o Fundi\u00e1ria no Brasil terminam na sexta-feira"},"content":{"rendered":"<p style=\"text-align: justify;\"><span style=\"color: #000000;\"><span style=\"color: #993300;\">Mar\u00e7o, 2018<\/span> &#8211; Ministrado por especialistas em Governan\u00e7a de Terras, o curso a dist\u00e2ncia tem o objetivo de esclarecer sobre as mudan\u00e7as atuais na legisla\u00e7\u00e3o referente \u00e0 regulariza\u00e7\u00e3o de terras no Brasil. Os interessados devem se inscrever pelo site da Escola de Extens\u00e3o da Unicamp (Extecamp).<\/span><\/p>\n<figure id=\"attachment_9102\" aria-describedby=\"caption-attachment-9102\" style=\"width: 263px\" class=\"wp-caption alignleft\"><a href=\"https:\/\/jornaldaconstrucaocivil.com.br\/wp-content\/uploads\/2018\/03\/imagem_release_1219277-e1520437927957.jpg\"><img loading=\"lazy\" decoding=\"async\" class=\"wp-image-9102\" src=\"https:\/\/jornaldaconstrucaocivil.com.br\/wp-content\/uploads\/2018\/03\/imagem_release_1219277-300x225.jpg\" alt=\"imagem_release_1219277\" width=\"263\" height=\"197\" \/><\/a><figcaption id=\"caption-attachment-9102\" class=\"wp-caption-text\">Curso sobre Regulariza\u00e7\u00e3o Fundi\u00e1ria no Brasil \u00e9 promovido pela Unicamp. Divulga\u00e7\u00e3o<\/figcaption><\/figure>\n<p style=\"text-align: justify;\"><span style=\"color: #000000;\">Encerram-se na pr\u00f3xima sexta-feira, 9 de mar\u00e7o, as inscri\u00e7\u00f5es para o curso a dist\u00e2ncia \u201cRegulariza\u00e7\u00e3o Fundi\u00e1ria no Brasil: Impactos da Lei 13.465\/2017\u201d. Promovido pela Escola de Extens\u00e3o da Unicamp e ministrado por especialistas em Governan\u00e7a de Terras, o curso tem o objetivo de esclarecer sobre as mudan\u00e7as atuais na legisla\u00e7\u00e3o referente \u00e0 regulariza\u00e7\u00e3o de terras no Brasil, principalmente depois de sancionada a Lei 13.465 de 11 de julho de 2017, que institui mecanismos para aprimorar a efici\u00eancia dos procedimentos de aliena\u00e7\u00e3o de im\u00f3veis da Uni\u00e3o.<\/span><\/p>\n<p style=\"text-align: justify;\"><span style=\"color: #000000;\">Por meio de aulas expositivas, \u2018cases\u2019 e f\u00f3runs em salas virtuais, ser\u00e3o debatidos temas como: Os fundamentos da governan\u00e7a fundi\u00e1ria e as suas institui\u00e7\u00f5es; Os aspectos legais associados \u00e0 propriedade da terra e o papel da regulariza\u00e7\u00e3o; e A regulariza\u00e7\u00e3o fundi\u00e1ria e as mudan\u00e7as decorrentes da Lei 13.465\/2017.<\/span><\/p>\n<p style=\"text-align: justify;\"><span style=\"color: #000000;\">O valor do curso \u00e9 de R$ 783,75, que deve ser pago no ato da inscri\u00e7\u00e3o. Os interessados precisar\u00e3o preencher o formul\u00e1rio de matr\u00edcula at\u00e9 a pr\u00f3xima sexta-feira, dia 9 de mar\u00e7o, pelo site da Extecamp (link abaixo). Ap\u00f3s a conclus\u00e3o do cadastro, o aluno dever\u00e1 enviar os documentos solicitados pelo sistema para o e-mail extensao@eco.unicamp.br para a gera\u00e7\u00e3o e o encaminhamento do boleto banc\u00e1rio. <\/span><\/p>\n<p style=\"text-align: justify;\"><span style=\"color: #000000;\">Outras informa\u00e7\u00f5es podem ser obtidas pelos telefones (19) 3521-5728, (19) 3251-5815, (19) 3521-5716 e (19) 99207-4551 ou pelos e-mails extensao@eco.unicamp.br e curso.govterras@gmail.com.<\/span><\/p>\n<p style=\"text-align: justify;\"><strong><span style=\"color: #000000;\">Servi\u00e7o<\/span><\/strong><\/p>\n<p style=\"text-align: justify;\"><strong><span style=\"color: #0000ff;\">Curso: Regulariza\u00e7\u00e3o Fundi\u00e1ria no Brasil: Impactos da Lei 13.465\/2017<\/span><\/strong><\/p>\n<p style=\"text-align: justify;\"><span style=\"color: #000000;\">Inscri\u00e7\u00f5es: <span style=\"text-decoration: underline;\"><span style=\"color: #0000ff; text-decoration: underline;\">www.extecamp.unicamp.br\/prematricula2\/procura_aluno.asp?m=m&amp;sigla=ECO-1702&amp;of=001<\/span><\/span><\/span><\/p>\n","protected":false},"excerpt":{"rendered":"<p>Mar\u00e7o, 2018 &#8211; Ministrado por especialistas em Governan\u00e7a de Terras, o curso a dist\u00e2ncia tem o objetivo de esclarecer sobre as mudan\u00e7as atuais na legisla\u00e7\u00e3o referente \u00e0 regulariza\u00e7\u00e3o de terras no Brasil. Os interessados devem se inscrever pelo site da Escola de Extens\u00e3o da Unicamp (Extecamp). Encerram-se na pr\u00f3xima sexta-feira, 9 de mar\u00e7o, as inscri\u00e7\u00f5es [&hellip;]<\/p>\n","protected":false},"author":1,"featured_media":9102,"comment_status":"open","ping_status":"open","sticky":false,"template":"","format":"standard","meta":{"_uag_custom_page_level_css":"","footnotes":""},"categories":[28],"tags":[1769,4468,5534,5941,6166,10150,10153,12062],"class_list":["post-9100","post","type-post","status-publish","format-standard","has-post-thumbnail","hentry","category-arquitetura","tag-campinas","tag-escola-de-extensao-da-unicamp-extecamp","tag-governanca-de-terras","tag-impactos-da-lei-13-4652017","tag-inscricoes-para-curso-sobre-regularizacao-fundiaria-termina-na-sexta","tag-regularizacao-de-terras-no-brasil","tag-regularizacao-fundiaria-no-brasil","tag-unicamp-sp"],"blocksy_meta":[],"spectra_blocks_featured_image_url":[],"spectra_blocks_author_info":{"display_name":"Jornal da Constru\u00e7\u00e3o Civil","avatar_url":"https:\/\/secure.gravatar.com\/avatar\/973c9774fd44ddaceb026973c4962faa70fc512bc4c9da68e8ebb40fecee6540?s=96&d=mm&r=g","author_link":"https:\/\/construcaocivil.siriusmarketingedesign.com.br\/?author=1","description":"Desde de 2013, levando muitas informa\u00e7\u00f5es, lan\u00e7amentos e produtos de qualidade para toda cadeia produtiva da constru\u00e7\u00e3o. O Futuro da constru\u00e7\u00e3o passa por aqui,"},"uagb_featured_image_src":{"full":false,"thumbnail":false,"medium":false,"medium_large":false,"large":false,"1536x1536":false,"2048x2048":false},"uagb_author_info":{"display_name":"Jornal da Constru\u00e7\u00e3o Civil","author_link":"https:\/\/construcaocivil.siriusmarketingedesign.com.br\/?author=1"},"uagb_comment_info":0,"uagb_excerpt":"Mar\u00e7o, 2018 &#8211; Ministrado por especialistas em Governan\u00e7a de Terras, o curso a dist\u00e2ncia tem o objetivo de esclarecer sobre as mudan\u00e7as atuais na legisla\u00e7\u00e3o referente \u00e0 regulariza\u00e7\u00e3o de terras no Brasil. Os interessados devem se inscrever pelo site da Escola de Extens\u00e3o da Unicamp (Extecamp). Encerram-se na pr\u00f3xima sexta-feira, 9 de mar\u00e7o, as inscri\u00e7\u00f5es&hellip;","_links":{"self":[{"href":"https:\/\/construcaocivil.siriusmarketingedesign.com.br\/index.php?rest_route=\/wp\/v2\/posts\/9100","targetHints":{"allow":["GET"]}}],"collection":[{"href":"https:\/\/construcaocivil.siriusmarketingedesign.com.br\/index.php?rest_route=\/wp\/v2\/posts"}],"about":[{"href":"https:\/\/construcaocivil.siriusmarketingedesign.com.br\/index.php?rest_route=\/wp\/v2\/types\/post"}],"author":[{"embeddable":true,"href":"https:\/\/construcaocivil.siriusmarketingedesign.com.br\/index.php?rest_route=\/wp\/v2\/users\/1"}],"replies":[{"embeddable":true,"href":"https:\/\/construcaocivil.siriusmarketingedesign.com.br\/index.php?rest_route=%2Fwp%2Fv2%2Fcomments&post=9100"}],"version-history":[{"count":0,"href":"https:\/\/construcaocivil.siriusmarketingedesign.com.br\/index.php?rest_route=\/wp\/v2\/posts\/9100\/revisions"}],"wp:attachment":[{"href":"https:\/\/construcaocivil.siriusmarketingedesign.com.br\/index.php?rest_route=%2Fwp%2Fv2%2Fmedia&parent=9100"}],"wp:term":[{"taxonomy":"category","embeddable":true,"href":"https:\/\/construcaocivil.siriusmarketingedesign.com.br\/index.php?rest_route=%2Fwp%2Fv2%2Fcategories&post=9100"},{"taxonomy":"post_tag","embeddable":true,"href":"https:\/\/construcaocivil.siriusmarketingedesign.com.br\/index.php?rest_route=%2Fwp%2Fv2%2Ftags&post=9100"}],"curies":[{"name":"wp","href":"https:\/\/api.w.org\/{rel}","templated":true}]}}