{"id":9106,"date":"2018-03-07T13:42:02","date_gmt":"2018-03-07T16:42:02","guid":{"rendered":"https:\/\/jornaldaconstrucaocivil.com.br\/?p=9106"},"modified":"2018-03-07T13:42:02","modified_gmt":"2018-03-07T16:42:02","slug":"polo-de-criacao-e-disseminacao-de-tecnologias-fortaleza-sedia-primeiro-inovatic-ne","status":"publish","type":"post","link":"https:\/\/construcaocivil.siriusmarketingedesign.com.br\/?p=9106","title":{"rendered":"Polo de cria\u00e7\u00e3o e dissemina\u00e7\u00e3o de tecnologias, Fortaleza sedia primeiro INOVAtic NE"},"content":{"rendered":"<p style=\"text-align: justify;\"><em><strong><span style=\"color: #000000;\">Formado por congresso e feira de neg\u00f3cios, encontro internacional de pesquisas, inova\u00e7\u00e3o, conectividade e fomento a startups de TIC acontece em 26 de mar\u00e7o na capital cearense<\/span><\/strong><\/em><\/p>\n<p style=\"text-align: justify;\"><span style=\"color: #000000;\"><span style=\"color: #993300;\">Mar\u00e7o, 2018<\/span> &#8211; Fortaleza se tornou a bola da vez de 2018 no mercado brasileiro de Tecnologia da Informa\u00e7\u00e3o e Telecomunica\u00e7\u00f5es, conhecido entre os experts como mercado TIC. O grande motivo \u00e9 a chegada, neste primeiro trimestre, de um complexo de novos cabos submarinos de alta velocidade \u00e0 capital do Cear\u00e1, que se transforma em porta de entrada das novas rotas de comunica\u00e7\u00e3o da Am\u00e9rica Latina com o restante do mundo.<\/span><\/p>\n<p style=\"text-align: justify;\"><a href=\"https:\/\/jornaldaconstrucaocivil.com.br\/wp-content\/uploads\/2018\/03\/CEARA-DIGITAL.jpg\"><img loading=\"lazy\" decoding=\"async\" class=\"size-medium wp-image-9107 alignleft\" src=\"https:\/\/jornaldaconstrucaocivil.com.br\/wp-content\/uploads\/2018\/03\/CEARA-DIGITAL-300x163.jpg\" alt=\"CEARA DIGITAL\" width=\"300\" height=\"163\" \/><\/a><span style=\"color: #000000;\">As oportunidades de neg\u00f3cios envolvidas j\u00e1 somaram mais de US$ 300 milh\u00f5es, s\u00f3 na instala\u00e7\u00e3o dos cabos de fibras \u00f3pticas unindo Cear\u00e1 \u00e0 \u00c1frica e, a partir dela, \u00e0 Europa, \u00c1sia e restante do mundo. Essas invers\u00f5es e seus desdobramentos ser\u00e3o o principal tema de um encontro internacional de neg\u00f3cios, pesquisas e fomento a startups que se realiza em Fortaleza dia 26 de mar\u00e7o.<\/span><\/p>\n<p style=\"text-align: justify;\"><span style=\"color: #000000;\">Formado por congresso e feira de neg\u00f3cios, com apresenta\u00e7\u00f5es das principais companhias de TIC do pa\u00eds, o INOVAtic NE 2018 est\u00e1 com inscri\u00e7\u00f5es abertas tanto para interessados em participar dos pain\u00e9is do congresso quanto para expor produtos de empresas nacionais e estrangeiras na feira de neg\u00f3cios. O evento tem patroc\u00ednio de companhias como Claro Brasil, Oi, Correios, Padtec, Angola Cables, Telebras e Finep, entre outras.<\/span><\/p>\n<p style=\"text-align: left;\"><span style=\"color: #000000;\">As inscri\u00e7\u00f5es podem ser feitas diretamente no site do INOVAtic NE, em <span style=\"text-decoration: underline;\"><span style=\"color: #0000ff; text-decoration: underline;\">\u00a0<a style=\"color: #0000ff; text-decoration: underline;\" href=\"http:\/\/www.eventos.momentoeditorial.com.br\/inovatic\" target=\"_blank\" rel=\"noreferrer\">www.eventos.momentoeditorial.com.br\/inovatic<\/a>.\u00a0<\/span><\/span><br \/>\n<\/span><\/p>\n<p style=\"text-align: justify;\"><strong><span style=\"color: #000000;\">Cear\u00e1 Digital<\/span><\/strong><\/p>\n<p style=\"text-align: justify;\"><span style=\"color: #000080;\"><em>\u201cA ideia\u201d, diz Miriam Aquino, diretora do INOVAtic NE, \u201c\u00e9 que o evento se torne o catalisador das diversas novas oportunidades de desenvolvimento do Nordeste brasileiro, tornando a regi\u00e3o em polo de cria\u00e7\u00e3o e dissemina\u00e7\u00e3o de tecnologias. Vamos ser o hub para estimular investimentos, alavancar a infraestrutura de conectividade global a partir da regi\u00e3o e criar novos modelos de progresso e crescimento.\u201d<\/em><\/span><\/p>\n<p><span style=\"color: #000000;\"><strong>Servi\u00e7o<br \/>\n<\/strong><strong>INOVAtic NE 2018\u00a0<\/strong><strong>&#8211; F<\/strong><strong>eira de Neg\u00f3cios e Congresso de Tecnologias da Informa\u00e7\u00e3o e Comunica\u00e7\u00e3o<br \/>\n<\/strong><strong>Quando:<\/strong>\u00a026 de mar\u00e7o de 2018<\/span><br \/>\n<span style=\"color: #000000;\"><strong>Onde:\u00a0<\/strong>F\u00e1brica de Neg\u00f3cios Fortaleza (CE)<\/span><br \/>\n<strong><span style=\"color: #000000;\">Endere\u00e7o<\/span>:<\/strong><span style=\"text-decoration: underline;\"><span style=\"color: #0000ff; text-decoration: underline;\">\u00a0<a style=\"color: #0000ff; text-decoration: underline;\" href=\"https:\/\/maps.google.com\/?q=Avenida+Monsenhor+Tabosa,+740+%E2%80%93+Praia+de+Iracema+%E2%80%93+CEP:+60165-010&amp;entry=gmail&amp;source=g\" target=\"_blank\" rel=\"noreferrer\">Avenida Monsenhor Tabosa, 740\u00a0<\/a>\u2013\u00a0<a style=\"color: #0000ff; text-decoration: underline;\" href=\"https:\/\/maps.google.com\/?q=Avenida+Monsenhor+Tabosa,+740+%E2%80%93+Praia+de+Iracema+%E2%80%93+CEP:+60165-010&amp;entry=gmail&amp;source=g\" target=\"_blank\" rel=\"noreferrer\">Praia de Iracema\u00a0<\/a>\u2013\u00a0<\/span><\/span><a href=\"https:\/\/maps.google.com\/?q=Avenida+Monsenhor+Tabosa,+740+%E2%80%93+Praia+de+Iracema+%E2%80%93+CEP:+60165-010&amp;entry=gmail&amp;source=g\" target=\"_blank\" rel=\"noreferrer\"><span style=\"text-decoration: underline;\"><span style=\"color: #0000ff; text-decoration: underline;\">CEP: 60165-010<\/span><\/span><br \/>\n<\/a><strong>Hor\u00e1rios, conte\u00fado program\u00e1tico, inscri\u00e7\u00f5es e investimento:<span style=\"text-decoration: underline;\"><span style=\"color: #0000ff; text-decoration: underline;\">\u00a0<\/span><\/span><\/strong><a href=\"http:\/\/www.eventos.momentoeditorial.com.br\/inovatic\/\" target=\"_blank\" rel=\"noreferrer\"><span style=\"text-decoration: underline;\"><span style=\"color: #0000ff; text-decoration: underline;\">http:\/\/www.eventos.momentoeditorial.com.br\/inovatic\/<\/span><\/span><br \/>\n<\/a><strong><span style=\"color: #000000;\">Credenciamento de imprensa<\/span>:<span style=\"text-decoration: underline;\"><span style=\"color: #0000ff; text-decoration: underline;\">\u00a0<\/span><\/span><\/strong><span style=\"text-decoration: underline;\"><span style=\"color: #0000ff; text-decoration: underline;\"><a style=\"color: #0000ff; text-decoration: underline;\" href=\"http:\/\/www.eventos.momentoeditorial.com.br\/inovatic-imprensa\/\" target=\"_blank\" rel=\"noreferrer\">http:\/\/www.eventos.momentoeditorial.com.br\/inovatic-imprensa<\/a><\/span><\/span><\/p>\n","protected":false},"excerpt":{"rendered":"<p>Formado por congresso e feira de neg\u00f3cios, encontro internacional de pesquisas, inova\u00e7\u00e3o, conectividade e fomento a startups de TIC acontece em 26 de mar\u00e7o na capital cearense Mar\u00e7o, 2018 &#8211; Fortaleza se tornou a bola da vez de 2018 no mercado brasileiro de Tecnologia da Informa\u00e7\u00e3o e Telecomunica\u00e7\u00f5es, conhecido entre os experts como mercado TIC. [&hellip;]<\/p>\n","protected":false},"author":1,"featured_media":9108,"comment_status":"open","ping_status":"open","sticky":false,"template":"","format":"standard","meta":{"_uag_custom_page_level_css":"","footnotes":""},"categories":[27],"tags":[730,1644,2047,2325,3091,5199,6131,6149,6180,7475,8419,8574,9076,11638],"class_list":["post-9106","post","type-post","status-publish","format-standard","has-post-thumbnail","hentry","category-acontece","tag-angola-cables","tag-cabos-de-tecnologia-unindo-o-ceara-a-africa","tag-ceara-digital","tag-claro-brasil","tag-correios","tag-fortaleza-ceara","tag-inocacao-para-crescer-e-desenvolver-regioes-do-brasil","tag-inovatic-ne-2018","tag-instalacao-dos-cabos-de-fibras-opticas","tag-mercado-brasileiro-de-tecnologia-da-informacao","tag-oi","tag-padtec","tag-polo-de-criacao-e-disseminacao-de-tecnologias","tag-telebras"],"blocksy_meta":[],"spectra_blocks_featured_image_url":[],"spectra_blocks_author_info":{"display_name":"Jornal da Constru\u00e7\u00e3o Civil","avatar_url":"https:\/\/secure.gravatar.com\/avatar\/973c9774fd44ddaceb026973c4962faa70fc512bc4c9da68e8ebb40fecee6540?s=96&d=mm&r=g","author_link":"https:\/\/construcaocivil.siriusmarketingedesign.com.br\/?author=1","description":"Desde de 2013, levando muitas informa\u00e7\u00f5es, lan\u00e7amentos e produtos de qualidade para toda cadeia produtiva da constru\u00e7\u00e3o. O Futuro da constru\u00e7\u00e3o passa por aqui,"},"uagb_featured_image_src":{"full":false,"thumbnail":false,"medium":false,"medium_large":false,"large":false,"1536x1536":false,"2048x2048":false},"uagb_author_info":{"display_name":"Jornal da Constru\u00e7\u00e3o Civil","author_link":"https:\/\/construcaocivil.siriusmarketingedesign.com.br\/?author=1"},"uagb_comment_info":0,"uagb_excerpt":"Formado por congresso e feira de neg\u00f3cios, encontro internacional de pesquisas, inova\u00e7\u00e3o, conectividade e fomento a startups de TIC acontece em 26 de mar\u00e7o na capital cearense Mar\u00e7o, 2018 &#8211; Fortaleza se tornou a bola da vez de 2018 no mercado brasileiro de Tecnologia da Informa\u00e7\u00e3o e Telecomunica\u00e7\u00f5es, conhecido entre os experts como mercado TIC.&hellip;","_links":{"self":[{"href":"https:\/\/construcaocivil.siriusmarketingedesign.com.br\/index.php?rest_route=\/wp\/v2\/posts\/9106","targetHints":{"allow":["GET"]}}],"collection":[{"href":"https:\/\/construcaocivil.siriusmarketingedesign.com.br\/index.php?rest_route=\/wp\/v2\/posts"}],"about":[{"href":"https:\/\/construcaocivil.siriusmarketingedesign.com.br\/index.php?rest_route=\/wp\/v2\/types\/post"}],"author":[{"embeddable":true,"href":"https:\/\/construcaocivil.siriusmarketingedesign.com.br\/index.php?rest_route=\/wp\/v2\/users\/1"}],"replies":[{"embeddable":true,"href":"https:\/\/construcaocivil.siriusmarketingedesign.com.br\/index.php?rest_route=%2Fwp%2Fv2%2Fcomments&post=9106"}],"version-history":[{"count":0,"href":"https:\/\/construcaocivil.siriusmarketingedesign.com.br\/index.php?rest_route=\/wp\/v2\/posts\/9106\/revisions"}],"wp:attachment":[{"href":"https:\/\/construcaocivil.siriusmarketingedesign.com.br\/index.php?rest_route=%2Fwp%2Fv2%2Fmedia&parent=9106"}],"wp:term":[{"taxonomy":"category","embeddable":true,"href":"https:\/\/construcaocivil.siriusmarketingedesign.com.br\/index.php?rest_route=%2Fwp%2Fv2%2Fcategories&post=9106"},{"taxonomy":"post_tag","embeddable":true,"href":"https:\/\/construcaocivil.siriusmarketingedesign.com.br\/index.php?rest_route=%2Fwp%2Fv2%2Ftags&post=9106"}],"curies":[{"name":"wp","href":"https:\/\/api.w.org\/{rel}","templated":true}]}}